{"id":12106,"date":"2024-02-08T12:16:40","date_gmt":"2024-02-08T12:16:40","guid":{"rendered":"https:\/\/comifac.org\/?p=12106"},"modified":"2024-02-08T12:16:40","modified_gmt":"2024-02-08T12:16:40","slug":"rca-les-etats-unis-reiterent-leur-appui-a-la-protection-des-forets-et-de-la-faune","status":"publish","type":"post","link":"https:\/\/comifac.org\/?p=12106","title":{"rendered":"RCA : Les Etats-Unis r\u00e9it\u00e8rent leur appui \u00e0 la protection des for\u00eats et de la faune"},"content":{"rendered":"<div dir=\"auto\">Le Ministre Gervais MBATA a accord\u00e9 une audience \u00e0 l\u2019Ambassadrice des USA Patricia MAHONEY concernant la mise en \u0153uvre de plusieurs projets<\/div>\n<div dir=\"auto\">Le Ministre en charge des Eaux, For\u00eats, Chasse et P\u00eache Gervais MBATA a accord\u00e9 ce 07 f\u00e9vrier en son Cabinet, \u00e0 l\u2019Ambassadrice des Etats-Unis en Centrafrique Mme Patricia MAHONEY. Durant quelques moments d\u2019\u00e9change fructueux entre le Membre du gouvernement et la diplomate am\u00e9ricaine, plusieurs sujets ont \u00e9t\u00e9 abord\u00e9s concernant le renforcement de la coop\u00e9ration, les appuis multiformes des USA et surtout la mise en \u0153uvre des projets concernant la protection des espaces faunistiques de la RCA.<\/div>\n<div dir=\"auto\">En effet, c\u2019est une audience de courtoisie pour \u00e9changer sur les activit\u00e9s concernant la protection de la biodiversit\u00e9 vaste et riche de RCA. La diplomate am\u00e9ricaine au sortir de l\u2019audience, a indiqu\u00e9 que son pays \u00e0 travers l\u2019USAID, appui deux projets y compris le projet CHINKO qui est en ex\u00e9cution actuellement dans un cadre partenariat existant depuis 2016 avec le gouvernement centrafricain.<img fetchpriority=\"high\" decoding=\"async\" class=\"alignnone size-medium wp-image-12108\" src=\"https:\/\/comifac.org\/wp-content\/uploads\/2024\/02\/MINEF-Et-AMBA-USA-400x267.jpg\" alt=\"\" width=\"400\" height=\"267\" srcset=\"https:\/\/comifac.org\/wp-content\/uploads\/2024\/02\/MINEF-Et-AMBA-USA-400x267.jpg 400w, https:\/\/comifac.org\/wp-content\/uploads\/2024\/02\/MINEF-Et-AMBA-USA-600x400.jpg 600w, https:\/\/comifac.org\/wp-content\/uploads\/2024\/02\/MINEF-Et-AMBA-USA-768x512.jpg 768w, https:\/\/comifac.org\/wp-content\/uploads\/2024\/02\/MINEF-Et-AMBA-USA-370x247.jpg 370w, https:\/\/comifac.org\/wp-content\/uploads\/2024\/02\/MINEF-Et-AMBA-USA-760x507.jpg 760w, https:\/\/comifac.org\/wp-content\/uploads\/2024\/02\/MINEF-Et-AMBA-USA-387x258.jpg 387w, https:\/\/comifac.org\/wp-content\/uploads\/2024\/02\/MINEF-Et-AMBA-USA-500x333.jpg 500w, https:\/\/comifac.org\/wp-content\/uploads\/2024\/02\/MINEF-Et-AMBA-USA.jpg 960w\" sizes=\"(max-width: 400px) 100vw, 400px\" \/><\/div>\n<div dir=\"auto\">Grace \u00e0 ce projet, a-t-elle d\u00e9clar\u00e9, la population des animaux s\u2019est vue augment\u00e9e, notamment les panth\u00e8res et autres esp\u00e8ces prot\u00e9g\u00e9es qui s\u2019augmentent en nombre depuis 2018. L\u2019appui des USA s\u2019est \u00e9largi \u00e9galement en dehors de la zone o\u00f9 se d\u00e9roule ce projet. Il s\u2019agit \u00e9galement selon l\u2019Ambassadrice, la mise en \u0153uvre des activit\u00e9s en faveur des communaut\u00e9s locales concernant la p\u00eache, la formation et les activit\u00e9s g\u00e9n\u00e9ratrices de revenus dans le domaine d\u2019agriculture, notamment les femmes.<\/div>\n<div dir=\"auto\">En ce qui est de la mise en \u0153uvre de ces projets, la diplomate am\u00e9ricaine de rassurer que cet appui se poursuit durant une ann\u00e9e et que des opportunit\u00e9s seront d\u00e9velopp\u00e9es afin de continuer la collaboration \u00e9troite et fructueuse avec le Minist\u00e8re des Eaux et For\u00eats que dirige le Ministre Gervais MBATA.<\/div>\n<div dir=\"auto\">Le Ministre Gervais MBATA a pour sa part indiqu\u00e9 que l\u2019audience accord\u00e9e \u00e0 l\u2019Ambassadrice am\u00e9ricaine rentre dans le cadre de l\u2019appui de son pays \u00e0 la RCA, concernant la mise en \u0153uvre de certains nombres de projets pilot\u00e9s par le Minist\u00e8re dont il a la charge. Il s\u2019agit bien entendu du projet CHINKO qui est en ex\u00e9cution dans la r\u00e9gion Sud-est de la RCA visant la protection de la faune. Autour de ce projet, a poursuivi le Ministre MBATA, plusieurs activit\u00e9s se m\u00e8nent dans cette localit\u00e9 en faveur de la population et c\u2019est l\u2019occasion d\u2019\u00e9changer avec son h\u00f4te sur le raffermissement de ce partenariat avec les USA.<\/div>\n<div dir=\"auto\">L\u2019autre sujet au cours duquel les deux personnalit\u00e9s en ont d\u00e9battu, concerne un grand projet de la protection de la for\u00eat, non seulement de la RCA, mais \u00e9galement des pays de la sous-r\u00e9gion, notamment ceux du bassin du Congo. Le Ministre MBATA d\u2019ajouter qu\u2019au cours des \u00e9changes, il a \u00e9t\u00e9 question de pousser les discussions afin que dans les jours \u00e0 venir, certains experts am\u00e9ricains et ceux du Minist\u00e8re des Eaux et For\u00eats vont travailler sur son ex\u00e9cution.<\/div>\n<div dir=\"auto\"><img decoding=\"async\" class=\"alignnone size-medium wp-image-12109\" src=\"https:\/\/comifac.org\/wp-content\/uploads\/2024\/02\/MINEF-ET-AMBA-USA6-400x267.jpg\" alt=\"\" width=\"400\" height=\"267\" srcset=\"https:\/\/comifac.org\/wp-content\/uploads\/2024\/02\/MINEF-ET-AMBA-USA6-400x267.jpg 400w, https:\/\/comifac.org\/wp-content\/uploads\/2024\/02\/MINEF-ET-AMBA-USA6-600x400.jpg 600w, https:\/\/comifac.org\/wp-content\/uploads\/2024\/02\/MINEF-ET-AMBA-USA6-768x512.jpg 768w, https:\/\/comifac.org\/wp-content\/uploads\/2024\/02\/MINEF-ET-AMBA-USA6-370x247.jpg 370w, https:\/\/comifac.org\/wp-content\/uploads\/2024\/02\/MINEF-ET-AMBA-USA6-760x507.jpg 760w, https:\/\/comifac.org\/wp-content\/uploads\/2024\/02\/MINEF-ET-AMBA-USA6-387x258.jpg 387w, https:\/\/comifac.org\/wp-content\/uploads\/2024\/02\/MINEF-ET-AMBA-USA6-500x333.jpg 500w, https:\/\/comifac.org\/wp-content\/uploads\/2024\/02\/MINEF-ET-AMBA-USA6.jpg 960w\" sizes=\"(max-width: 400px) 100vw, 400px\" \/><\/div>\n<div dir=\"auto\">Il convient de noter que durant cette audience, le Ministre MBATA a retenu pour sa part, la volont\u00e9 manifeste des USA \u00e0 travers son Ambassade en Centrafrique, \u00e0 aider la RCA de se d\u00e9velopper. Puisque l\u2019Ambassadrice am\u00e9ricaine a eu \u00e0 faire certaines propositions qui pourraient faciliter et renforcer la coop\u00e9ration pour la protection de la faune au profit des int\u00e9r\u00eats de la population.<\/div>\n<div dir=\"auto\">Le Membre du gouvernement de souligner \u00e0 la fin que la mise en \u0153uvre de ces projets est en cours d\u2019ex\u00e9cution, pour permettre aux esp\u00e8ces fauniques d\u2019\u00eatre prot\u00e9g\u00e9es, et que des missions de terrain seront effectu\u00e9es pour renforcer le cadre de la r\u00e9ussite de ces projets.<\/div>\n<div dir=\"auto\">Le potentielcentrafricain.com<\/div>\n","protected":false},"excerpt":{"rendered":"<p>Le Ministre Gervais MBATA a accord\u00e9 une audience \u00e0 l\u2019Ambassadrice des USA Patricia MAHONEY concernant la mise&hellip;<\/p>\n","protected":false},"author":2,"featured_media":12107,"comment_status":"open","ping_status":"open","sticky":false,"template":"","format":"standard","meta":{"give_campaign_id":0,"rs_blank_template":"","rs_page_bg_color":"","slide_template_v7":"","_jetpack_newsletter_access":"","_jetpack_dont_email_post_to_subs":false,"_jetpack_newsletter_tier_id":0,"_jetpack_memberships_contains_paywalled_content":false,"_jetpack_feature_clip_id":0,"_jetpack_memberships_contains_paid_content":false,"footnotes":"","jetpack_post_was_ever_published":false},"categories":[117],"tags":[],"class_list":["post-12106","post","type-post","status-publish","format-standard","has-post-thumbnail","hentry","category-actualites"],"jetpack_sharing_enabled":true,"jetpack_featured_media_url":"https:\/\/comifac.org\/wp-content\/uploads\/2024\/02\/minef-et-amba-USA1.jpg","_links":{"self":[{"href":"https:\/\/comifac.org\/index.php?rest_route=\/wp\/v2\/posts\/12106","targetHints":{"allow":["GET"]}}],"collection":[{"href":"https:\/\/comifac.org\/index.php?rest_route=\/wp\/v2\/posts"}],"about":[{"href":"https:\/\/comifac.org\/index.php?rest_route=\/wp\/v2\/types\/post"}],"author":[{"embeddable":true,"href":"https:\/\/comifac.org\/index.php?rest_route=\/wp\/v2\/users\/2"}],"replies":[{"embeddable":true,"href":"https:\/\/comifac.org\/index.php?rest_route=%2Fwp%2Fv2%2Fcomments&post=12106"}],"version-history":[{"count":1,"href":"https:\/\/comifac.org\/index.php?rest_route=\/wp\/v2\/posts\/12106\/revisions"}],"predecessor-version":[{"id":12110,"href":"https:\/\/comifac.org\/index.php?rest_route=\/wp\/v2\/posts\/12106\/revisions\/12110"}],"wp:featuredmedia":[{"embeddable":true,"href":"https:\/\/comifac.org\/index.php?rest_route=\/wp\/v2\/media\/12107"}],"wp:attachment":[{"href":"https:\/\/comifac.org\/index.php?rest_route=%2Fwp%2Fv2%2Fmedia&parent=12106"}],"wp:term":[{"taxonomy":"category","embeddable":true,"href":"https:\/\/comifac.org\/index.php?rest_route=%2Fwp%2Fv2%2Fcategories&post=12106"},{"taxonomy":"post_tag","embeddable":true,"href":"https:\/\/comifac.org\/index.php?rest_route=%2Fwp%2Fv2%2Ftags&post=12106"}],"curies":[{"name":"wp","href":"https:\/\/api.w.org\/{rel}","templated":true}]}}