{"id":12155,"date":"2024-02-07T10:58:53","date_gmt":"2024-02-07T10:58:53","guid":{"rendered":"https:\/\/comifac.org\/?p=12155"},"modified":"2024-02-15T11:55:04","modified_gmt":"2024-02-15T11:55:04","slug":"tchad-les-changements-climatiques-au-coeur-des-echanges-entre-le-ministre-de-lenvironnement-et-le-representant-du-sg-de-lonu","status":"publish","type":"post","link":"https:\/\/comifac.org\/?p=12155","title":{"rendered":"Le Tchad et l&rsquo;ONU en ordre de bataille contre les changements climatiques"},"content":{"rendered":"<div class=\"x11i5rnm xat24cr x1mh8g0r x1vvkbs xtlvy1s x126k92a\">\n<div dir=\"auto\">Ndjamena, Tchad, 7 f\u00e9vrier 2024-\u00a0 Le Ministre de l\u2019Environnement, de la P\u00eache et du D\u00e9veloppement Durable, Mahamat Abdelkerim Hanno a re\u00e7u en audience ce mercredi , le Repr\u00e9sentant du Secr\u00e9taire G\u00e9n\u00e9ral des Nations Unies pour l\u2019Afrique Centrale, Abdou Abarry accompagn\u00e9 du Repr\u00e9sentant R\u00e9sident du Pnud au Tchad.<\/div>\n<\/div>\n<div class=\"x11i5rnm xat24cr x1mh8g0r x1vvkbs xtlvy1s x126k92a\">\n<div dir=\"auto\">L\u2019organisation du sommet sur le d\u00e9sert annonc\u00e9 par le Tchad lors de la Cop28 \u00e0 Dubai, la question des changements climatiques, la situation actuelle du Lac-Tchad, les \u00e9cosyst\u00e8mes et bien d\u2019autres sujets ont fait l\u2019objet des \u00e9changes lors de cette audience.<\/div>\n<div dir=\"auto\">Le Chef du D\u00e9partement de l\u2019environnement a situ\u00e9 le bien-fond\u00e9 pour le Tchad d\u2019organiser ce sommet. Il a pris son temps pour expliquer la situation dans laquelle se trouve le Tchad aujourd\u2019hui surtout que le pays fait face aux changements climatiques et n\u00e9cessite un accompagnement.<\/div>\n<\/div>\n<div class=\"x11i5rnm xat24cr x1mh8g0r x1vvkbs xtlvy1s x126k92a\">\n<div dir=\"auto\">Ensuite, le ministre en charge de l\u2019environnement Mahamat Abdelkerim Hanno a fait comprendre que le Tchad n\u2019est pas un pays pollueur, mais est victime aujourd\u2019hui de ces changements climatiques. C\u2019est ainsi qu\u2019il souhaite que les partenaires techniques et financiers soutiennent les initiatives de son d\u00e9partement en s\u2019engageant dans cette lutte.<\/div>\n<div dir=\"auto\">La question des r\u00e9fugi\u00e9s \u00e0 l\u2019est du pays a occup\u00e9 une place de choix lors de cette audience.<\/div>\n<\/div>\n<div class=\"x11i5rnm xat24cr x1mh8g0r x1vvkbs xtlvy1s x126k92a\">\n<div dir=\"auto\">Dans sa r\u00e9ponse, le Repr\u00e9sentant du Secr\u00e9taire G\u00e9n\u00e9ral des Nations Unies pour l\u2019Afrique Centrale, Abdou Abarry a salu\u00e9 l\u2019initiative du Tchad d\u2019organiser ce sommet, mais il invite d\u00e9j\u00e0 le ministre en charge de l\u2019environnement d\u2019entamer les activit\u00e9s en commen\u00e7ant par un s\u00e9minaire qui regroupera les chercheurs, les sp\u00e9cialistes, les universitaires dans le domaine pour voir comment tenir ce pari en impliquant bien d\u2019autres pays qui partagent la m\u00eame pr\u00e9occupation comme le Tchad.<\/div>\n<\/div>\n<div class=\"x11i5rnm xat24cr x1mh8g0r x1vvkbs xtlvy1s x126k92a\">\n<div dir=\"auto\">Edouard Takadji [Attach\u00e9 de Presse\/ MEPDD]<\/div>\n<\/div>\n","protected":false},"excerpt":{"rendered":"<p>Ndjamena, Tchad, 7 f\u00e9vrier 2024-\u00a0 Le Ministre de l\u2019Environnement, de la P\u00eache et du D\u00e9veloppement Durable, Mahamat&hellip;<\/p>\n","protected":false},"author":2,"featured_media":12156,"comment_status":"open","ping_status":"open","sticky":false,"template":"","format":"standard","meta":{"give_campaign_id":0,"rs_blank_template":"","rs_page_bg_color":"","slide_template_v7":"","_jetpack_newsletter_access":"","_jetpack_dont_email_post_to_subs":false,"_jetpack_newsletter_tier_id":0,"_jetpack_memberships_contains_paywalled_content":false,"_jetpack_feature_clip_id":0,"_jetpack_memberships_contains_paid_content":false,"footnotes":"","jetpack_post_was_ever_published":false},"categories":[117],"tags":[],"class_list":["post-12155","post","type-post","status-publish","format-standard","has-post-thumbnail","hentry","category-actualites"],"jetpack_sharing_enabled":true,"jetpack_featured_media_url":"https:\/\/comifac.org\/wp-content\/uploads\/2024\/02\/ministre-et-ONU.jpg","_links":{"self":[{"href":"https:\/\/comifac.org\/index.php?rest_route=\/wp\/v2\/posts\/12155","targetHints":{"allow":["GET"]}}],"collection":[{"href":"https:\/\/comifac.org\/index.php?rest_route=\/wp\/v2\/posts"}],"about":[{"href":"https:\/\/comifac.org\/index.php?rest_route=\/wp\/v2\/types\/post"}],"author":[{"embeddable":true,"href":"https:\/\/comifac.org\/index.php?rest_route=\/wp\/v2\/users\/2"}],"replies":[{"embeddable":true,"href":"https:\/\/comifac.org\/index.php?rest_route=%2Fwp%2Fv2%2Fcomments&post=12155"}],"version-history":[{"count":4,"href":"https:\/\/comifac.org\/index.php?rest_route=\/wp\/v2\/posts\/12155\/revisions"}],"predecessor-version":[{"id":12177,"href":"https:\/\/comifac.org\/index.php?rest_route=\/wp\/v2\/posts\/12155\/revisions\/12177"}],"wp:featuredmedia":[{"embeddable":true,"href":"https:\/\/comifac.org\/index.php?rest_route=\/wp\/v2\/media\/12156"}],"wp:attachment":[{"href":"https:\/\/comifac.org\/index.php?rest_route=%2Fwp%2Fv2%2Fmedia&parent=12155"}],"wp:term":[{"taxonomy":"category","embeddable":true,"href":"https:\/\/comifac.org\/index.php?rest_route=%2Fwp%2Fv2%2Fcategories&post=12155"},{"taxonomy":"post_tag","embeddable":true,"href":"https:\/\/comifac.org\/index.php?rest_route=%2Fwp%2Fv2%2Ftags&post=12155"}],"curies":[{"name":"wp","href":"https:\/\/api.w.org\/{rel}","templated":true}]}}