{"id":12263,"date":"2024-02-21T15:11:35","date_gmt":"2024-02-21T15:11:35","guid":{"rendered":"https:\/\/comifac.org\/?p=12263"},"modified":"2024-02-22T15:24:00","modified_gmt":"2024-02-22T15:24:00","slug":"tchad-le-mepdd-fait-le-point-sur-laccreditation-du-fse","status":"publish","type":"post","link":"https:\/\/comifac.org\/?p=12263","title":{"rendered":"TCHAD: le MEPDD  fait le point sur l\u2019accr\u00e9ditation du FSE"},"content":{"rendered":"<div class=\"xdj266r x11i5rnm xat24cr x1mh8g0r x1vvkbs x126k92a\">\n<div dir=\"auto\">Ndjamena, Tchad, 21 f\u00e9vrier 2024- Le ministre de l\u2019Environnement, de la P\u00eache et du D\u00e9veloppement Durable, Mahamat Abdelkerim Hanno a visit\u00e9 ce jour, les diff\u00e9rents services de la direction g\u00e9n\u00e9rale du Fonds Sp\u00e9cial en Faveur de l\u2019Environnement (FSE) avant d\u2019\u00e9changer avec le staff.<\/div>\n<div dir=\"auto\"><img fetchpriority=\"high\" decoding=\"async\" class=\"alignnone size-medium wp-image-12267\" src=\"https:\/\/comifac.org\/wp-content\/uploads\/2024\/02\/MEDD-et-FSE-400x300.jpg\" alt=\"\" width=\"400\" height=\"300\" srcset=\"https:\/\/comifac.org\/wp-content\/uploads\/2024\/02\/MEDD-et-FSE-400x300.jpg 400w, https:\/\/comifac.org\/wp-content\/uploads\/2024\/02\/MEDD-et-FSE-600x450.jpg 600w, https:\/\/comifac.org\/wp-content\/uploads\/2024\/02\/MEDD-et-FSE-1024x768.jpg 1024w, https:\/\/comifac.org\/wp-content\/uploads\/2024\/02\/MEDD-et-FSE-768x576.jpg 768w, https:\/\/comifac.org\/wp-content\/uploads\/2024\/02\/MEDD-et-FSE-1536x1152.jpg 1536w, https:\/\/comifac.org\/wp-content\/uploads\/2024\/02\/MEDD-et-FSE-370x278.jpg 370w, https:\/\/comifac.org\/wp-content\/uploads\/2024\/02\/MEDD-et-FSE-760x570.jpg 760w, https:\/\/comifac.org\/wp-content\/uploads\/2024\/02\/MEDD-et-FSE-387x290.jpg 387w, https:\/\/comifac.org\/wp-content\/uploads\/2024\/02\/MEDD-et-FSE-500x375.jpg 500w, https:\/\/comifac.org\/wp-content\/uploads\/2024\/02\/MEDD-et-FSE.jpg 2048w\" sizes=\"(max-width: 400px) 100vw, 400px\" \/><\/div>\n<\/div>\n<div class=\"x11i5rnm xat24cr x1mh8g0r x1vvkbs xtlvy1s x126k92a\">\n<div dir=\"auto\">Evaluer les activit\u00e9s r\u00e9alis\u00e9es, faire le point sur le processus d\u2019accr\u00e9ditation du FSE, vivre le quotidien de cette institution sont entre autres, les objectifs fix\u00e9s par le chef du d\u00e9partement de l\u2019environnement en pr\u00e9sident cette r\u00e9union.<\/div>\n<\/div>\n<div class=\"x11i5rnm xat24cr x1mh8g0r x1vvkbs xtlvy1s x126k92a\">\n<div dir=\"auto\">Le Directeur G\u00e9n\u00e9ral du FSE, Idriss Lol Mahamat a dans son mot fait le point sur la situation actuelle de l\u2019institution qu\u2019il dirige avant d\u2019\u00e9grainer le chapelet des difficult\u00e9s auxquelles le FSE fait face aujourd\u2019hui.<\/div>\n<\/div>\n<div class=\"x11i5rnm xat24cr x1mh8g0r x1vvkbs xtlvy1s x126k92a\">\n<div dir=\"auto\">Le Directeur G\u00e9n\u00e9ral du FSE a fait comprendre que le non d\u00e9caissement des fonds du FSE log\u00e9s au tr\u00e9sor public depuis ces derni\u00e8res ann\u00e9es est source du retard non seulement dans l\u2019ex\u00e9cution des activit\u00e9s mais joue sur l\u2019accr\u00e9ditation du FSE, car sans mener les activit\u00e9s de terrain, il serait difficile de r\u00e9pondre \u00e0 tous les crit\u00e8res pour l\u2019accr\u00e9ditation aupr\u00e8s des partenaires techniques.<\/div>\n<div dir=\"auto\"><img decoding=\"async\" class=\"alignnone size-medium wp-image-12268\" src=\"https:\/\/comifac.org\/wp-content\/uploads\/2024\/02\/MEDD-et-FSE-1-400x300.jpg\" alt=\"\" width=\"400\" height=\"300\" srcset=\"https:\/\/comifac.org\/wp-content\/uploads\/2024\/02\/MEDD-et-FSE-1-400x300.jpg 400w, https:\/\/comifac.org\/wp-content\/uploads\/2024\/02\/MEDD-et-FSE-1-600x450.jpg 600w, https:\/\/comifac.org\/wp-content\/uploads\/2024\/02\/MEDD-et-FSE-1-1024x768.jpg 1024w, https:\/\/comifac.org\/wp-content\/uploads\/2024\/02\/MEDD-et-FSE-1-768x576.jpg 768w, https:\/\/comifac.org\/wp-content\/uploads\/2024\/02\/MEDD-et-FSE-1-1536x1152.jpg 1536w, https:\/\/comifac.org\/wp-content\/uploads\/2024\/02\/MEDD-et-FSE-1-370x278.jpg 370w, https:\/\/comifac.org\/wp-content\/uploads\/2024\/02\/MEDD-et-FSE-1-760x570.jpg 760w, https:\/\/comifac.org\/wp-content\/uploads\/2024\/02\/MEDD-et-FSE-1-387x290.jpg 387w, https:\/\/comifac.org\/wp-content\/uploads\/2024\/02\/MEDD-et-FSE-1-500x375.jpg 500w, https:\/\/comifac.org\/wp-content\/uploads\/2024\/02\/MEDD-et-FSE-1.jpg 2048w\" sizes=\"(max-width: 400px) 100vw, 400px\" \/><\/div>\n<\/div>\n<div class=\"x11i5rnm xat24cr x1mh8g0r x1vvkbs xtlvy1s x126k92a\">\n<div dir=\"auto\">Le chef du d\u00e9partement de l\u2019environnement a profit\u00e9 de ce cadre pour encourager l\u2019\u00e9quipe \u00e0 aller de l\u2019avant et regarder dans la m\u00eame direction pour l\u2019int\u00e9r\u00eat g\u00e9n\u00e9ral, car aujourd\u2019hui si le FSE est accr\u00e9dit\u00e9 cela permettra de mobiliser des fonds aupr\u00e8s des partenaires pour soutenir les projets et autres programmes pour le bien-\u00eatre de la population.<\/div>\n<div dir=\"auto\"><img decoding=\"async\" class=\"alignnone size-medium wp-image-12269\" src=\"https:\/\/comifac.org\/wp-content\/uploads\/2024\/02\/MEDD-et-FSE-2-400x300.jpg\" alt=\"\" width=\"400\" height=\"300\" srcset=\"https:\/\/comifac.org\/wp-content\/uploads\/2024\/02\/MEDD-et-FSE-2-400x300.jpg 400w, https:\/\/comifac.org\/wp-content\/uploads\/2024\/02\/MEDD-et-FSE-2-600x450.jpg 600w, https:\/\/comifac.org\/wp-content\/uploads\/2024\/02\/MEDD-et-FSE-2-1024x768.jpg 1024w, https:\/\/comifac.org\/wp-content\/uploads\/2024\/02\/MEDD-et-FSE-2-768x576.jpg 768w, https:\/\/comifac.org\/wp-content\/uploads\/2024\/02\/MEDD-et-FSE-2-1536x1152.jpg 1536w, https:\/\/comifac.org\/wp-content\/uploads\/2024\/02\/MEDD-et-FSE-2-370x278.jpg 370w, https:\/\/comifac.org\/wp-content\/uploads\/2024\/02\/MEDD-et-FSE-2-760x570.jpg 760w, https:\/\/comifac.org\/wp-content\/uploads\/2024\/02\/MEDD-et-FSE-2-387x290.jpg 387w, https:\/\/comifac.org\/wp-content\/uploads\/2024\/02\/MEDD-et-FSE-2-500x375.jpg 500w, https:\/\/comifac.org\/wp-content\/uploads\/2024\/02\/MEDD-et-FSE-2.jpg 2048w\" sizes=\"(max-width: 400px) 100vw, 400px\" \/><\/div>\n<\/div>\n<div class=\"x11i5rnm xat24cr x1mh8g0r x1vvkbs xtlvy1s x126k92a\">\n<div dir=\"auto\">Le ministre de l\u2019Environnement, de la P\u00eache et du D\u00e9veloppement Durable, Mahamat Abdelkerim Hanno demande \u00e0 l\u2019\u00e9quipe actuelle du FSE de se battre et faire sortir leur institution de son \u00e9tat actuel et lui donner une nouvelle image. Le chef du d\u00e9partement affirme qu\u2019il ne baissera pas les bras comme il a commenc\u00e9 pour aider l\u2019\u00e9quipe \u00e0 arriver aux r\u00e9sultats escompt\u00e9s.<\/div>\n<\/div>\n<div class=\"x11i5rnm xat24cr x1mh8g0r x1vvkbs xtlvy1s x126k92a\">\n<div dir=\"auto\">Edouard Takadji (Attach\u00e9 de Presse\/MEPDD)<\/div>\n<\/div>\n","protected":false},"excerpt":{"rendered":"<p>Ndjamena, Tchad, 21 f\u00e9vrier 2024- Le ministre de l\u2019Environnement, de la P\u00eache et du D\u00e9veloppement Durable, Mahamat&hellip;<\/p>\n","protected":false},"author":2,"featured_media":12265,"comment_status":"open","ping_status":"open","sticky":false,"template":"","format":"standard","meta":{"give_campaign_id":0,"rs_blank_template":"","rs_page_bg_color":"","slide_template_v7":"","_jetpack_newsletter_access":"","_jetpack_dont_email_post_to_subs":false,"_jetpack_newsletter_tier_id":0,"_jetpack_memberships_contains_paywalled_content":false,"_jetpack_feature_clip_id":0,"_jetpack_memberships_contains_paid_content":false,"footnotes":"","jetpack_post_was_ever_published":false},"categories":[117],"tags":[],"class_list":["post-12263","post","type-post","status-publish","format-standard","has-post-thumbnail","hentry","category-actualites"],"jetpack_sharing_enabled":true,"jetpack_featured_media_url":"https:\/\/comifac.org\/wp-content\/uploads\/2024\/02\/MEDD-fait-le-point-sur-le-FSE.jpg","_links":{"self":[{"href":"https:\/\/comifac.org\/index.php?rest_route=\/wp\/v2\/posts\/12263","targetHints":{"allow":["GET"]}}],"collection":[{"href":"https:\/\/comifac.org\/index.php?rest_route=\/wp\/v2\/posts"}],"about":[{"href":"https:\/\/comifac.org\/index.php?rest_route=\/wp\/v2\/types\/post"}],"author":[{"embeddable":true,"href":"https:\/\/comifac.org\/index.php?rest_route=\/wp\/v2\/users\/2"}],"replies":[{"embeddable":true,"href":"https:\/\/comifac.org\/index.php?rest_route=%2Fwp%2Fv2%2Fcomments&post=12263"}],"version-history":[{"count":3,"href":"https:\/\/comifac.org\/index.php?rest_route=\/wp\/v2\/posts\/12263\/revisions"}],"predecessor-version":[{"id":12270,"href":"https:\/\/comifac.org\/index.php?rest_route=\/wp\/v2\/posts\/12263\/revisions\/12270"}],"wp:featuredmedia":[{"embeddable":true,"href":"https:\/\/comifac.org\/index.php?rest_route=\/wp\/v2\/media\/12265"}],"wp:attachment":[{"href":"https:\/\/comifac.org\/index.php?rest_route=%2Fwp%2Fv2%2Fmedia&parent=12263"}],"wp:term":[{"taxonomy":"category","embeddable":true,"href":"https:\/\/comifac.org\/index.php?rest_route=%2Fwp%2Fv2%2Fcategories&post=12263"},{"taxonomy":"post_tag","embeddable":true,"href":"https:\/\/comifac.org\/index.php?rest_route=%2Fwp%2Fv2%2Ftags&post=12263"}],"curies":[{"name":"wp","href":"https:\/\/api.w.org\/{rel}","templated":true}]}}