{"id":12894,"date":"2026-05-18T09:26:18","date_gmt":"2026-05-18T09:26:18","guid":{"rendered":"https:\/\/comifac.org\/?p=12894"},"modified":"2026-05-18T09:53:48","modified_gmt":"2026-05-18T09:53:48","slug":"reunion-de-la-plateforme-de-concertation-de-lofac","status":"publish","type":"post","link":"https:\/\/comifac.org\/?p=12894","title":{"rendered":"REUNION DE LA PLATEFORME DE CONCERTATION DE L\u2019OFAC"},"content":{"rendered":"<p><strong>QUATRIEME REUNION DE LA PLATEFORME DE CONCERTATION DE L\u2019OFAC<\/strong><\/p>\n<p>La COMIFAC joue un r\u00f4le central dans la mise en \u0153uvre des engagements r\u00e9gionaux en mati\u00e8re de gestion foresti\u00e8re en Afrique centrale, notamment \u00e0 travers le Plan de Convergence. Dans ce cadre, l\u2019OFAC, cr\u00e9\u00e9 en 2007, constitue un outil cl\u00e9 pour produire et diffuser des informations environnementales.<\/p>\n<div>\n<p><img fetchpriority=\"high\" decoding=\"async\" class=\"alignleft size-medium wp-image-12897\" src=\"https:\/\/comifac.org\/wp-content\/uploads\/2026\/05\/IMG_20260512_133131_254-400x250.gif\" alt=\"\" width=\"400\" height=\"250\" srcset=\"https:\/\/comifac.org\/wp-content\/uploads\/2026\/05\/IMG_20260512_133131_254-400x250.gif 400w, https:\/\/comifac.org\/wp-content\/uploads\/2026\/05\/IMG_20260512_133131_254-1024x639.gif 1024w, https:\/\/comifac.org\/wp-content\/uploads\/2026\/05\/IMG_20260512_133131_254-768x479.gif 768w, https:\/\/comifac.org\/wp-content\/uploads\/2026\/05\/IMG_20260512_133131_254-1536x958.gif 1536w, https:\/\/comifac.org\/wp-content\/uploads\/2026\/05\/IMG_20260512_133131_254-2048x1278.gif 2048w, https:\/\/comifac.org\/wp-content\/uploads\/2026\/05\/IMG_20260512_133131_254-370x231.gif 370w, https:\/\/comifac.org\/wp-content\/uploads\/2026\/05\/IMG_20260512_133131_254-1230x767.gif 1230w, https:\/\/comifac.org\/wp-content\/uploads\/2026\/05\/IMG_20260512_133131_254-760x474.gif 760w, https:\/\/comifac.org\/wp-content\/uploads\/2026\/05\/IMG_20260512_133131_254-387x241.gif 387w, https:\/\/comifac.org\/wp-content\/uploads\/2026\/05\/IMG_20260512_133131_254-500x312.gif 500w, https:\/\/comifac.org\/wp-content\/uploads\/2026\/05\/IMG_20260512_133131_254-600x374.gif 600w\" sizes=\"(max-width: 400px) 100vw, 400px\" \/><\/p>\n<p>Pour renforcer sa gouvernance et mieux coordonner les actions des partenaires, une plateforme de concertation a \u00e9t\u00e9 mise en place en 2023. La troisi\u00e8me r\u00e9union de cette plateforme en octobre 2025 a permis des avanc\u00e9es importantes, comme la cr\u00e9ation d\u2019un comit\u00e9 scientifique, le recrutement d\u2019experts techniques et la validation d\u2019\u00e9tudes structurantes.<\/p>\n<p>Cependant, plusieurs d\u00e9fis persistent, notamment le financement durable, la formalisation des partenariats, l\u2019am\u00e9lioration de la communication interne et l\u2019op\u00e9rationnalisation logistique. Ainsi, le renforcement de la concertation et de la coordination reste essentiel pour optimiser les synergies, \u00e9viter les duplications et am\u00e9liorer l\u2019efficacit\u00e9 globale de l\u2019OFAC au service de la gestion durable des for\u00eats d\u2019Afrique centrale.<\/p>\n<\/div>\n<p>Une quatri\u00e8me r\u00e9union hybride de cette plateforme s\u2019est tenue le 12 mai 2026 \u00e0 Mbankomo et en ligne pour certains.<\/p>\n<p><img decoding=\"async\" class=\"alignleft size-medium wp-image-12895\" src=\"https:\/\/comifac.org\/wp-content\/uploads\/2026\/05\/IMG_20260512_102706_249-400x221.gif\" alt=\"\" width=\"400\" height=\"221\" srcset=\"https:\/\/comifac.org\/wp-content\/uploads\/2026\/05\/IMG_20260512_102706_249-400x221.gif 400w, https:\/\/comifac.org\/wp-content\/uploads\/2026\/05\/IMG_20260512_102706_249-1024x566.gif 1024w, https:\/\/comifac.org\/wp-content\/uploads\/2026\/05\/IMG_20260512_102706_249-768x424.gif 768w, https:\/\/comifac.org\/wp-content\/uploads\/2026\/05\/IMG_20260512_102706_249-1536x849.gif 1536w, https:\/\/comifac.org\/wp-content\/uploads\/2026\/05\/IMG_20260512_102706_249-2048x1131.gif 2048w, https:\/\/comifac.org\/wp-content\/uploads\/2026\/05\/IMG_20260512_102706_249-370x204.gif 370w, https:\/\/comifac.org\/wp-content\/uploads\/2026\/05\/IMG_20260512_102706_249-760x420.gif 760w, https:\/\/comifac.org\/wp-content\/uploads\/2026\/05\/IMG_20260512_102706_249-387x214.gif 387w, https:\/\/comifac.org\/wp-content\/uploads\/2026\/05\/IMG_20260512_102706_249-500x276.gif 500w, https:\/\/comifac.org\/wp-content\/uploads\/2026\/05\/IMG_20260512_102706_249-600x331.gif 600w\" sizes=\"(max-width: 400px) 100vw, 400px\" \/><\/p>\n<p>Elle a permis d\u2019examiner des points travaill\u00e9s sur la mise en \u0153uvre des recommandations de la 3\u00e9me r\u00e9union qui a eu lieu en octobre 2025 et partag\u00e9 les activit\u00e9s en cours des partenaires : CIFOR-ICRAF, FRMi, GIZ, UCL, etc. Etaient pr\u00e9sents : SE, SEA, Directeur Regional du CIRAD, le CIFOR-ICRAF, la COMIFAC.<\/p>\n","protected":false},"excerpt":{"rendered":"<p>QUATRIEME REUNION DE LA PLATEFORME DE CONCERTATION DE L\u2019OFAC La COMIFAC joue un r\u00f4le central dans la&hellip;<\/p>\n","protected":false},"author":8,"featured_media":12897,"comment_status":"open","ping_status":"open","sticky":false,"template":"","format":"standard","meta":{"give_campaign_id":0,"rs_blank_template":"","rs_page_bg_color":"","slide_template_v7":"","_jetpack_newsletter_access":"","_jetpack_dont_email_post_to_subs":false,"_jetpack_newsletter_tier_id":0,"_jetpack_memberships_contains_paywalled_content":false,"_jetpack_feature_clip_id":0,"_jetpack_memberships_contains_paid_content":false,"footnotes":"","jetpack_post_was_ever_published":false},"categories":[117],"tags":[],"class_list":["post-12894","post","type-post","status-publish","format-standard","has-post-thumbnail","hentry","category-actualites"],"jetpack_sharing_enabled":true,"jetpack_featured_media_url":"https:\/\/comifac.org\/wp-content\/uploads\/2026\/05\/IMG_20260512_133131_254-scaled.gif","_links":{"self":[{"href":"https:\/\/comifac.org\/index.php?rest_route=\/wp\/v2\/posts\/12894","targetHints":{"allow":["GET"]}}],"collection":[{"href":"https:\/\/comifac.org\/index.php?rest_route=\/wp\/v2\/posts"}],"about":[{"href":"https:\/\/comifac.org\/index.php?rest_route=\/wp\/v2\/types\/post"}],"author":[{"embeddable":true,"href":"https:\/\/comifac.org\/index.php?rest_route=\/wp\/v2\/users\/8"}],"replies":[{"embeddable":true,"href":"https:\/\/comifac.org\/index.php?rest_route=%2Fwp%2Fv2%2Fcomments&post=12894"}],"version-history":[{"count":4,"href":"https:\/\/comifac.org\/index.php?rest_route=\/wp\/v2\/posts\/12894\/revisions"}],"predecessor-version":[{"id":12901,"href":"https:\/\/comifac.org\/index.php?rest_route=\/wp\/v2\/posts\/12894\/revisions\/12901"}],"wp:featuredmedia":[{"embeddable":true,"href":"https:\/\/comifac.org\/index.php?rest_route=\/wp\/v2\/media\/12897"}],"wp:attachment":[{"href":"https:\/\/comifac.org\/index.php?rest_route=%2Fwp%2Fv2%2Fmedia&parent=12894"}],"wp:term":[{"taxonomy":"category","embeddable":true,"href":"https:\/\/comifac.org\/index.php?rest_route=%2Fwp%2Fv2%2Fcategories&post=12894"},{"taxonomy":"post_tag","embeddable":true,"href":"https:\/\/comifac.org\/index.php?rest_route=%2Fwp%2Fv2%2Ftags&post=12894"}],"curies":[{"name":"wp","href":"https:\/\/api.w.org\/{rel}","templated":true}]}}