{"id":13257,"date":"2026-09-01T09:52:28","date_gmt":"2026-09-01T09:52:28","guid":{"rendered":"https:\/\/comifac.org\/?p=13257"},"modified":"2026-09-01T09:53:59","modified_gmt":"2026-09-01T09:53:59","slug":"synergie-daction-la-comifac-soutient-la-deuxieme-edition-du-fomadecie-bc","status":"publish","type":"post","link":"https:\/\/comifac.org\/?p=13257","title":{"rendered":"Synergie d\u2019action\u00a0:\u00a0 la COMIFAC soutient la deuxi\u00e8me \u00e9dition du FOMADECIE-BC"},"content":{"rendered":"<h6><em>Le Secr\u00e9taire Ex\u00e9cutif de la COMIFAC a re\u00e7u en audience le promoteur du Forum Multi-Acteurs pour le D\u00e9veloppement de la Communication environnementale dans le Bassin du Congo (FOMADECIE-BC) ce lundi, 31 ao\u00fbt 2026. <\/em><\/h6>\n<p>La deuxi\u00e8me \u00e9dition du Forum Multi-Acteurs sur le D\u00e9veloppement de la Communication Environnementale dans le Bassin du Congo se met progressivement sur les rails. Apr\u00e8s l\u2019annonce, il y a quelques semaines, du lancement de la deuxi\u00e8me \u00e9dition sur les r\u00e9seaux sociaux, place est \u00e0 pr\u00e9sent \u00e0 la diplomatie et \u00e0 la mobilisation des acteurs-cl\u00e9s.<\/p>\n<p>Les \u00e9changes entre le Secr\u00e9taire Ex\u00e9cutif de la COMIFAC, Dr Herv\u00e9 MAIDOU et le Directeur d\u2019Afrique Environnement Plus, promoteur du FOMADECIE-BC, Raoul SIEMENI, ont abondamment port\u00e9 sur la place de la communication dans les projets et programmes sur la conservation et sur l\u2019environnement en g\u00e9n\u00e9ral en Afrique centrale.<img fetchpriority=\"high\" decoding=\"async\" class=\"alignleft size-medium wp-image-13259\" src=\"https:\/\/comifac.org\/wp-content\/uploads\/2026\/09\/commM-1-400x187.png\" alt=\"\" width=\"400\" height=\"187\" srcset=\"https:\/\/comifac.org\/wp-content\/uploads\/2026\/09\/commM-1-400x187.png 400w, https:\/\/comifac.org\/wp-content\/uploads\/2026\/09\/commM-1-1024x478.png 1024w, https:\/\/comifac.org\/wp-content\/uploads\/2026\/09\/commM-1-768x358.png 768w, https:\/\/comifac.org\/wp-content\/uploads\/2026\/09\/commM-1-370x173.png 370w, https:\/\/comifac.org\/wp-content\/uploads\/2026\/09\/commM-1-760x354.png 760w, https:\/\/comifac.org\/wp-content\/uploads\/2026\/09\/commM-1-387x180.png 387w, https:\/\/comifac.org\/wp-content\/uploads\/2026\/09\/commM-1-500x233.png 500w, https:\/\/comifac.org\/wp-content\/uploads\/2026\/09\/commM-1-600x280.png 600w, https:\/\/comifac.org\/wp-content\/uploads\/2026\/09\/commM-1.png 1280w\" sizes=\"(max-width: 400px) 100vw, 400px\" \/><\/p>\n<p><strong>Renforcer la port\u00e9e de la communication environnementale<\/strong><\/p>\n<p>La vision promue par cette initiative est de faire de la communication un levier essentiel dans la qu\u00eate et la construction des solutions aux probl\u00e9matiques qui affectent la sous-r\u00e9gion en mati\u00e8re de gouvernance environnementale. Il est en outre question de renforcer la place et la port\u00e9e de la communication environnementale afin de lui conf\u00e9rer une dimension plus importante, et dans le m\u00eame temps, lui faire endosser et incarner suffisamment les enjeux de plaidoyer et de d\u00e9fense des int\u00e9r\u00eats de la sous-r\u00e9gion du bassin du Congo sur le plan international.<\/p>\n<p>Au cours de l\u2019audience de ce d\u00e9but de semaine, les parties ont discut\u00e9 sur le projet de th\u00e8me de la deuxi\u00e8me \u00e9dition du FOMADECIE-BC, \u00e0 savoir\u00a0: <em>\u00ab\u00a0M\u00e9dias, science, formation, et gouvernance\u00a0: communiquer pour construire des transitions \u00e9cologiques, \u00e9conomiques et climatiques justes et durables dans le bassin du Congo\u00a0\u00bb. <\/em>Un th\u00e8me r\u00e9v\u00e9lateur de plusieurs centres d\u2019int\u00e9r\u00eats, notamment de la place de la science dans la gouvernance environnementale et en l\u2019occurrence dans la prise des d\u00e9cisions politiques.<\/p>\n<p>La th\u00e9matique projet\u00e9e pour la deuxi\u00e8me \u00e9dition du FOMADECIE-BC met aussi en exergue la n\u00e9cessit\u00e9 de d\u00e9velopper une synergie d\u2019action entre la communication et la science dans la qu\u00eate des r\u00e9sultats et surtout l\u2019am\u00e9lioration des \u00e9conomies des pays et des conditions de vie des populations en Afrique centrale. Des enjeux qui se retrouvent au c\u0153ur du Plan de Convergence 3 (2026-2028) de la COMIFAC, en cours de finalisation.<\/p>\n<p><strong>Mobilisation des parties prenantes<\/strong><\/p>\n<p>\u00c0 l\u2019issue de l\u2019audience, le SE de la COMIFAC a rassur\u00e9 le Directeur d\u2019Afrique Environnement du soutien de son institution pour la r\u00e9ussite de la deuxi\u00e8me \u00e9dition du FOMADECIE-BC dor\u00e9navant en chantier. Il s\u2019est engag\u00e9 \u00e0 mobiliser les parties prenantes de la COMIFAC et les Partenaires Techniques et Financiers (PTF) autour de ladite initiative afin qu\u2019ils y participent et la soutiennent \u00e0 leur tour de sorte \u00e0 \u00a0faire de la communication un levier de solution pour les probl\u00e9matiques qui affectent la sous-r\u00e9gion du bassin du Congo dans le secteur for\u00eats-environnement.<\/p>\n","protected":false},"excerpt":{"rendered":"<p>Le Secr\u00e9taire Ex\u00e9cutif de la COMIFAC a re\u00e7u en audience le promoteur du Forum Multi-Acteurs pour le&hellip;<\/p>\n","protected":false},"author":8,"featured_media":13260,"comment_status":"open","ping_status":"open","sticky":false,"template":"","format":"standard","meta":{"give_campaign_id":0,"rs_blank_template":"","rs_page_bg_color":"","slide_template_v7":"","_jetpack_newsletter_access":"","_jetpack_dont_email_post_to_subs":false,"_jetpack_newsletter_tier_id":0,"_jetpack_memberships_contains_paywalled_content":false,"_jetpack_feature_clip_id":0,"_jetpack_memberships_contains_paid_content":false,"footnotes":"","jetpack_post_was_ever_published":false},"categories":[117],"tags":[],"class_list":["post-13257","post","type-post","status-publish","format-standard","has-post-thumbnail","hentry","category-actualites"],"jetpack_sharing_enabled":true,"jetpack_featured_media_url":"https:\/\/comifac.org\/wp-content\/uploads\/2026\/09\/comm1M.png","_links":{"self":[{"href":"https:\/\/comifac.org\/index.php?rest_route=\/wp\/v2\/posts\/13257","targetHints":{"allow":["GET"]}}],"collection":[{"href":"https:\/\/comifac.org\/index.php?rest_route=\/wp\/v2\/posts"}],"about":[{"href":"https:\/\/comifac.org\/index.php?rest_route=\/wp\/v2\/types\/post"}],"author":[{"embeddable":true,"href":"https:\/\/comifac.org\/index.php?rest_route=\/wp\/v2\/users\/8"}],"replies":[{"embeddable":true,"href":"https:\/\/comifac.org\/index.php?rest_route=%2Fwp%2Fv2%2Fcomments&post=13257"}],"version-history":[{"count":2,"href":"https:\/\/comifac.org\/index.php?rest_route=\/wp\/v2\/posts\/13257\/revisions"}],"predecessor-version":[{"id":13262,"href":"https:\/\/comifac.org\/index.php?rest_route=\/wp\/v2\/posts\/13257\/revisions\/13262"}],"wp:featuredmedia":[{"embeddable":true,"href":"https:\/\/comifac.org\/index.php?rest_route=\/wp\/v2\/media\/13260"}],"wp:attachment":[{"href":"https:\/\/comifac.org\/index.php?rest_route=%2Fwp%2Fv2%2Fmedia&parent=13257"}],"wp:term":[{"taxonomy":"category","embeddable":true,"href":"https:\/\/comifac.org\/index.php?rest_route=%2Fwp%2Fv2%2Fcategories&post=13257"},{"taxonomy":"post_tag","embeddable":true,"href":"https:\/\/comifac.org\/index.php?rest_route=%2Fwp%2Fv2%2Ftags&post=13257"}],"curies":[{"name":"wp","href":"https:\/\/api.w.org\/{rel}","templated":true}]}}