{"id":7704,"date":"2018-02-15T11:47:46","date_gmt":"2018-02-15T11:47:46","guid":{"rendered":"https:\/\/comifac.org\/11eme-copil\/"},"modified":"2018-02-15T11:47:46","modified_gmt":"2018-02-15T11:47:46","slug":"11eme-copil","status":"publish","type":"post","link":"https:\/\/comifac.org\/?p=7704","title":{"rendered":"11\u00e8me COPIL"},"content":{"rendered":"<p><img fetchpriority=\"high\" decoding=\"async\" class=\" size-full wp-image-7703\" src=\"https:\/\/comifac.org\/wp-content\/uploads\/2018\/02\/accueil_copil-scaled.jpg\" alt=\"\" width=\"2560\" height=\"1707\" srcset=\"https:\/\/comifac.org\/wp-content\/uploads\/2018\/02\/accueil_copil-scaled.jpg 2560w, https:\/\/comifac.org\/wp-content\/uploads\/2018\/02\/accueil_copil-scaled-600x400.jpg 600w, https:\/\/comifac.org\/wp-content\/uploads\/2018\/02\/accueil_copil-400x267.jpg 400w, https:\/\/comifac.org\/wp-content\/uploads\/2018\/02\/accueil_copil-1024x683.jpg 1024w, https:\/\/comifac.org\/wp-content\/uploads\/2018\/02\/accueil_copil-768x512.jpg 768w, https:\/\/comifac.org\/wp-content\/uploads\/2018\/02\/accueil_copil-1536x1024.jpg 1536w, https:\/\/comifac.org\/wp-content\/uploads\/2018\/02\/accueil_copil-2048x1365.jpg 2048w, https:\/\/comifac.org\/wp-content\/uploads\/2018\/02\/accueil_copil-370x247.jpg 370w, https:\/\/comifac.org\/wp-content\/uploads\/2018\/02\/accueil_copil-760x507.jpg 760w, https:\/\/comifac.org\/wp-content\/uploads\/2018\/02\/accueil_copil-387x258.jpg 387w, https:\/\/comifac.org\/wp-content\/uploads\/2018\/02\/accueil_copil-500x333.jpg 500w\" sizes=\"(max-width: 2560px) 100vw, 2560px\" \/><\/p>\n<p style=\"color: #333333; font-family: Tahoma, Helvetica, Arial, sans-serif; font-size: 12.16px; font-style: normal; font-weight: 400; letter-spacing: normal; orphans: 2; text-indent: 0px; text-transform: none; white-space: normal; widows: 2; word-spacing: 0px; text-align: justify;\"><span style=\"font-size: 10pt; color: #000000;\">Sur invitation du Secr\u00e9taire G\u00e9n\u00e9ral de la Communaut\u00e9 Economique des Etats de l\u2019Afrique Centrale (CEEAC), Pr\u00e9sident du Comit\u00e9 de Pilotage du projet de renforcement des capacit\u00e9s institutionnelles en mati\u00e8re de REDD+ pour la gestion durable des for\u00eats du Bassin du Congo, la&nbsp;onzi\u00e8me r\u00e9union dudit Comit\u00e9 s\u2019est tenue le 15 Fevrier 2018 au Ministere des affaires et de la Coop\u00e9raation \u00e0&nbsp;Brazzaville en R\u00e9publique du Congo.<\/span><\/p>\n<p>  <!--more-->  <\/p>\n<p style=\"color: #333333; font-family: Tahoma, Helvetica, Arial, sans-serif; font-size: 12.16px; font-style: normal; font-weight: 400; letter-spacing: normal; orphans: 2; text-align: justify; text-indent: 0px; text-transform: none; white-space: normal; widows: 2; word-spacing: 0px;\"><span style=\"font-size: 10pt; color: #000000;\">Cette r\u00e9union a \u00e9t\u00e9 pr\u00e9sid\u00e9e par son Excellence Mme Marie Chantal MFOULA, Secr\u00e9taire G\u00e9n\u00e9ral Adjointe de la CEEAC. La c\u00e9r\u00e9monie d&rsquo;ouverture a \u00e9t\u00e9 suivie de presentation des participants ,ensuite la verification du quorum qui a \u00e9t\u00e9 atteint et enfin&nbsp; la photo de famille.&nbsp;L&rsquo;ordre du jour \u00e0 \u00e9t\u00e9 lu et&nbsp;approuv\u00e9 par les participants apr\u00e8s la prise en compte des amendements .<\/span><\/p>\n<p style=\"text-align: justify;\"><span style=\"font-size: 10pt; color: #000000;\">La COMIFAC, avec l\u2019appui financier du Fonds Mondial pour l\u2019Environnement (FEM), a mis en place un projet r\u00e9gional de renforcement des capacit\u00e9s institutionnelles en mati\u00e8re de REDD+ pour la gestion durable des for\u00eats dans le Bassin du Congo (en abr\u00e9g\u00e9 ci-apr\u00e8s PREREDD+). L\u2019objectif de d\u00e9veloppement de ce projet est de renforcer les capacit\u00e9s des pays du Bassin du Congo sur les questions li\u00e9es \u00e0 la REDD+ et en particulier sur les mesures de stocks de carbone forestier.<\/span><\/p>\n<p style=\"text-align: justify;\"><span style=\"font-size: 10pt; color: #000000;\">Ce projet est structur\u00e9 en trois composantes&nbsp;techniques dont (i) la composante 1 est ax\u00e9e sur l\u2019am\u00e9liorer des connaissances et de la coordination de la REDD+ dans le Bassin du Congo, (ii) la composante 2 est ax\u00e9e sur le renforcer les capacit\u00e9s techniques de mesure et de suivi des stocks de carbone dans les for\u00eats du bassin du Congo, avec un accent sur le d\u00e9veloppement des \u00e9quations allom\u00e9triques et (iii) la composante 3 est ax\u00e9e sur l\u2019int\u00e9gration du concept de REDD+ dans les projets de gestion durable des for\u00eats.<\/span><\/p>\n<p style=\"text-align: justify;\"><span style=\"font-size: 10pt; color: #000000;\">L\u2019organisation du pr\u00e9sent COPIL s\u2019inscrit dans le cadre des obligations de la cellule de gestion du projet \u00e0 rendre compte et \u00e0 communiquer sur ses r\u00e9sultats.<\/span><\/p>\n<p style=\"color: #333333; font-family: Tahoma, Helvetica, Arial, sans-serif; font-size: 12.16px; font-style: normal; font-weight: 400; letter-spacing: normal; orphans: 2; text-align: justify; text-indent: 0px; text-transform: none; white-space: normal; widows: 2; word-spacing: 0px;\"><span style=\"font-size: 10pt; color: #000000;\"><\/span><\/p>\n","protected":false},"excerpt":{"rendered":"<p>Sur invitation du Secr\u00e9taire G\u00e9n\u00e9ral de la Communaut\u00e9 Economique des Etats de l\u2019Afrique Centrale (CEEAC), Pr\u00e9sident du&hellip;<\/p>\n","protected":false},"author":4,"featured_media":7702,"comment_status":"open","ping_status":"open","sticky":false,"template":"","format":"standard","meta":{"give_campaign_id":0,"rs_blank_template":"","rs_page_bg_color":"","slide_template_v7":"","_jetpack_newsletter_access":"","_jetpack_dont_email_post_to_subs":false,"_jetpack_newsletter_tier_id":0,"_jetpack_memberships_contains_paywalled_content":false,"_jetpack_feature_clip_id":0,"_jetpack_memberships_contains_paid_content":false,"footnotes":"","jetpack_post_was_ever_published":false},"categories":[117],"tags":[],"class_list":["post-7704","post","type-post","status-publish","format-standard","has-post-thumbnail","hentry","category-actualites"],"jetpack_sharing_enabled":true,"jetpack_featured_media_url":"https:\/\/comifac.org\/wp-content\/uploads\/2018\/02\/accueil_copil-scaled.jpg","_links":{"self":[{"href":"https:\/\/comifac.org\/index.php?rest_route=\/wp\/v2\/posts\/7704","targetHints":{"allow":["GET"]}}],"collection":[{"href":"https:\/\/comifac.org\/index.php?rest_route=\/wp\/v2\/posts"}],"about":[{"href":"https:\/\/comifac.org\/index.php?rest_route=\/wp\/v2\/types\/post"}],"author":[{"embeddable":true,"href":"https:\/\/comifac.org\/index.php?rest_route=\/wp\/v2\/users\/4"}],"replies":[{"embeddable":true,"href":"https:\/\/comifac.org\/index.php?rest_route=%2Fwp%2Fv2%2Fcomments&post=7704"}],"version-history":[{"count":0,"href":"https:\/\/comifac.org\/index.php?rest_route=\/wp\/v2\/posts\/7704\/revisions"}],"wp:featuredmedia":[{"embeddable":true,"href":"https:\/\/comifac.org\/index.php?rest_route=\/wp\/v2\/media\/7702"}],"wp:attachment":[{"href":"https:\/\/comifac.org\/index.php?rest_route=%2Fwp%2Fv2%2Fmedia&parent=7704"}],"wp:term":[{"taxonomy":"category","embeddable":true,"href":"https:\/\/comifac.org\/index.php?rest_route=%2Fwp%2Fv2%2Fcategories&post=7704"},{"taxonomy":"post_tag","embeddable":true,"href":"https:\/\/comifac.org\/index.php?rest_route=%2Fwp%2Fv2%2Ftags&post=7704"}],"curies":[{"name":"wp","href":"https:\/\/api.w.org\/{rel}","templated":true}]}}