{"id":7713,"date":"2018-02-28T09:45:46","date_gmt":"2018-02-28T09:45:46","guid":{"rendered":"https:\/\/comifac.org\/atelier-de-validation-de-la-strategie-sous-regionale-pour-l-integration-du-genre-dans-la-gestion-durable-des-ressources-naturelles-du-bassin-du-congo\/"},"modified":"2018-02-28T09:45:46","modified_gmt":"2018-02-28T09:45:46","slug":"atelier-de-validation-de-la-strategie-sous-regionale-pour-l-integration-du-genre-dans-la-gestion-durable-des-ressources-naturelles-du-bassin-du-congo","status":"publish","type":"post","link":"https:\/\/comifac.org\/?p=7713","title":{"rendered":"Atelier de validation de la Strat\u00e9gie sous-r\u00e9gionale pour l\u2019int\u00e9gration du genre dans la gestion durable des ressources naturelles du bassin du Congo"},"content":{"rendered":"<p><img fetchpriority=\"high\" decoding=\"async\" class=\" size-full wp-image-7712\" src=\"https:\/\/comifac.org\/wp-content\/uploads\/2018\/02\/DSC_0116.JPG\" alt=\"\" width=\"1024\" height=\"683\" srcset=\"https:\/\/comifac.org\/wp-content\/uploads\/2018\/02\/DSC_0116.JPG 1024w, https:\/\/comifac.org\/wp-content\/uploads\/2018\/02\/DSC_0116-600x400.jpg 600w, https:\/\/comifac.org\/wp-content\/uploads\/2018\/02\/DSC_0116-400x267.jpg 400w, https:\/\/comifac.org\/wp-content\/uploads\/2018\/02\/DSC_0116-768x512.jpg 768w, https:\/\/comifac.org\/wp-content\/uploads\/2018\/02\/DSC_0116-370x247.jpg 370w, https:\/\/comifac.org\/wp-content\/uploads\/2018\/02\/DSC_0116-760x507.jpg 760w, https:\/\/comifac.org\/wp-content\/uploads\/2018\/02\/DSC_0116-387x258.jpg 387w, https:\/\/comifac.org\/wp-content\/uploads\/2018\/02\/DSC_0116-500x333.jpg 500w\" sizes=\"(max-width: 1024px) 100vw, 1024px\" \/><\/p>\n<p><span class=\"fontstyle0\" style=\"color: #000000;\">Les 4 et 5 d\u00e9cembre 2017, s\u2019est tenu \u00e0 Libreville au Gabon, l\u2019atelier de validation de la Strat\u00e9gie Sous-r\u00e9gionale&nbsp;COMIFAC pour l\u2019int\u00e9gration du genre dans la gestion durable des ressources naturelles du Bassin du Congo.<br \/><\/span><\/p>\n<p>  <!--more-->  <\/p>\n<p><span style=\"color: #000000;\"><\/span><\/p>\n<p><span class=\"fontstyle0\" style=\"color: #000000; font-size: 10pt;\">Cet atelier avait pour objectif global d\u2019examiner et de valider la strat\u00e9gie sous-r\u00e9gionale pour l\u2019int\u00e9gration du&nbsp;genre dans la gestion durable des ressources naturelles du Bassin du Congo. Il a \u00e9t\u00e9 organis\u00e9 par le Secr\u00e9tariat&nbsp;Ex\u00e9cutif de la Commission des For\u00eats d\u2019Afrique Centrale (COMIFAC) avec l\u2019appui technique et financier de la&nbsp;coop\u00e9ration allemande \u00e0 travers la GIZ.<br \/><\/span><\/p>\n<p><span class=\"fontstyle0\" style=\"color: #000000; font-size: 10pt;\">Y ont pris part, environ vingt-neuf participant-e-s dont 22 femmes et 7 hommes, venu-e-s de huit (8) des dix&nbsp;pays membres de la COMIFAC \u00e0 savoir : Burundi, Cameroun, Congo, Gabon, Guin\u00e9e Equatoriale, R\u00e9publique&nbsp;Centrafricaine, R\u00e9publique D\u00e9mocratique du Congo, et Tchad, repr\u00e9sentant les administrations en charge des&nbsp;for\u00eats et de l\u2019environnement, et de la promotion de la femme et du genre, la COMIFAC, la GIZ, les organisations<br \/>de la soci\u00e9t\u00e9 civile (REJEFAC, REFADD, REPAR), les syndicats des op\u00e9rateurs \u00e9conomiques de la fili\u00e8re foresti\u00e8re&nbsp;(GFBC, UFIGA), les personnes ressources.<\/span><\/p>\n<p style=\"text-align: center;\"><span style=\"color: #000000;\"><span class=\"fontstyle0\"><\/span><span style=\"font-size: 12pt;\"><strong><span class=\"fontstyle2\">Objectifs sp\u00e9cifiques de l&rsquo;atelier&nbsp;<\/span><\/strong><\/span><\/span><\/p>\n<p><span style=\"color: #000000; font-size: 12pt;\"><strong><span class=\"fontstyle2\"><br \/><\/span><\/strong><span class=\"fontstyle3\" style=\"font-size: 10pt;\">Les objectifs sp\u00e9cifiques \u00e9taient les suivants :<\/span><\/span><\/p>\n<p><span style=\"color: #000000;\"><span class=\"fontstyle3\" style=\"font-size: 10pt;\"><\/span><span class=\"fontstyle0\"><span style=\"font-size: 10pt;\">&#8211; Commenter et enrichir le document de strat\u00e9gie propos\u00e9 ;<\/span><br \/><span style=\"font-size: 10pt;\">&#8211; V\u00e9rifier la coh\u00e9rence du document de strat\u00e9gie avec son plan d\u2019action (plan de mise en&nbsp;\u0153uvre de la strat\u00e9gie) ;<\/span><br \/><span style=\"font-size: 10pt;\">&#8211; Valider le document de strat\u00e9gie avec le plan d\u2019action.<\/span><br \/><\/span><span class=\"fontstyle2\"><\/span><\/span><\/p>\n<p style=\"text-align: center;\"><span style=\"font-size: 12pt; color: #000000;\"><strong><span class=\"fontstyle2\">R\u00e9sultats attendus de l\u2019atelier<\/span><\/strong><\/span><\/p>\n<p><span style=\"color: #000000;\"><span class=\"fontstyle2\"><br \/><\/span><span class=\"fontstyle0\">Le principal r\u00e9sultat attendu de cet atelier est le suivant : la strat\u00e9gie sous-r\u00e9gionale pour&nbsp;l\u2019int\u00e9gration du genre dans la gestion durable des ressources naturelles du Bassin du Congo&nbsp;valid\u00e9e par l\u2019ensemble des acteurs de la sous-r\u00e9gion.<\/span><\/span><\/p>\n<p><span style=\"color: #000000;\"><\/span><\/p>\n<p><span style=\"color: #000000;\">Documentation :&nbsp;<\/span><\/p>\n<p><span style=\"color: #000000;\"><strong><a href=\"https:\/\/comifac.org\/wp-content\/uploads\/2017\/12\/Communiqu-final-Atelier-stratgie-Genre-VF.pdf\" style=\"color: #000000;\">Communiqu\u00e9 final de l&rsquo;atelier<\/a><\/strong><\/span><\/p>\n","protected":false},"excerpt":{"rendered":"<p>Les 4 et 5 d\u00e9cembre 2017, s\u2019est tenu \u00e0 Libreville au Gabon, l\u2019atelier de validation de la&hellip;<\/p>\n","protected":false},"author":4,"featured_media":7712,"comment_status":"open","ping_status":"open","sticky":false,"template":"","format":"standard","meta":{"give_campaign_id":0,"rs_blank_template":"","rs_page_bg_color":"","slide_template_v7":"","_jetpack_newsletter_access":"","_jetpack_dont_email_post_to_subs":false,"_jetpack_newsletter_tier_id":0,"_jetpack_memberships_contains_paywalled_content":false,"_jetpack_feature_clip_id":0,"_jetpack_memberships_contains_paid_content":false,"footnotes":"","jetpack_post_was_ever_published":false},"categories":[117],"tags":[],"class_list":["post-7713","post","type-post","status-publish","format-standard","has-post-thumbnail","hentry","category-actualites"],"jetpack_sharing_enabled":true,"jetpack_featured_media_url":"https:\/\/comifac.org\/wp-content\/uploads\/2018\/02\/DSC_0116.JPG","_links":{"self":[{"href":"https:\/\/comifac.org\/index.php?rest_route=\/wp\/v2\/posts\/7713","targetHints":{"allow":["GET"]}}],"collection":[{"href":"https:\/\/comifac.org\/index.php?rest_route=\/wp\/v2\/posts"}],"about":[{"href":"https:\/\/comifac.org\/index.php?rest_route=\/wp\/v2\/types\/post"}],"author":[{"embeddable":true,"href":"https:\/\/comifac.org\/index.php?rest_route=\/wp\/v2\/users\/4"}],"replies":[{"embeddable":true,"href":"https:\/\/comifac.org\/index.php?rest_route=%2Fwp%2Fv2%2Fcomments&post=7713"}],"version-history":[{"count":0,"href":"https:\/\/comifac.org\/index.php?rest_route=\/wp\/v2\/posts\/7713\/revisions"}],"wp:featuredmedia":[{"embeddable":true,"href":"https:\/\/comifac.org\/index.php?rest_route=\/wp\/v2\/media\/7712"}],"wp:attachment":[{"href":"https:\/\/comifac.org\/index.php?rest_route=%2Fwp%2Fv2%2Fmedia&parent=7713"}],"wp:term":[{"taxonomy":"category","embeddable":true,"href":"https:\/\/comifac.org\/index.php?rest_route=%2Fwp%2Fv2%2Fcategories&post=7713"},{"taxonomy":"post_tag","embeddable":true,"href":"https:\/\/comifac.org\/index.php?rest_route=%2Fwp%2Fv2%2Ftags&post=7713"}],"curies":[{"name":"wp","href":"https:\/\/api.w.org\/{rel}","templated":true}]}}