{"id":7752,"date":"2019-02-19T20:42:09","date_gmt":"2019-02-19T20:42:09","guid":{"rendered":"https:\/\/comifac.org\/comifac-le-comite-de-pilotage-du-projet-de-promotion-de-la-conservation-et-de-l-utilisation-durable-de-la-biodiversite-et-des-mesures-contre-le-changement-climatique-dans-les-pays-de-l-espace-comifac\/"},"modified":"2019-02-19T20:42:09","modified_gmt":"2019-02-19T20:42:09","slug":"comifac-le-comite-de-pilotage-du-projet-de-promotion-de-la-conservation-et-de-l-utilisation-durable-de-la-biodiversite-et-des-mesures-contre-le-changement-climatique-dans-les-pays-de-l-espace-comifac","status":"publish","type":"post","link":"https:\/\/comifac.org\/?p=7752","title":{"rendered":"Le Comit\u00e9 de Pilotage du  projet de \u00ab Promotion de la conservation et de l\u2019utilisation durable de la biodiversit\u00e9 et des mesures contre le changement climatique dans les pays de l\u2019espace COMIFAC \u00bb \u00e9value le taux de r\u00e9alisation de ses activit\u00e9s"},"content":{"rendered":"<p><img fetchpriority=\"high\" decoding=\"async\" class=\" size-full wp-image-7751\" src=\"https:\/\/comifac.org\/wp-content\/uploads\/2019\/02\/COPIL-JICA--COMIFAC.jpg\" alt=\"COPIL JICA COMIFAC\" style=\"display: block; margin-left: auto; margin-right: auto;\" width=\"451\" height=\"338\" srcset=\"https:\/\/comifac.org\/wp-content\/uploads\/2019\/02\/COPIL-JICA--COMIFAC.jpg 451w, https:\/\/comifac.org\/wp-content\/uploads\/2019\/02\/COPIL-JICA--COMIFAC-400x300.jpg 400w, https:\/\/comifac.org\/wp-content\/uploads\/2019\/02\/COPIL-JICA--COMIFAC-370x277.jpg 370w, https:\/\/comifac.org\/wp-content\/uploads\/2019\/02\/COPIL-JICA--COMIFAC-387x290.jpg 387w\" sizes=\"(max-width: 451px) 100vw, 451px\" \/><\/p>\n<p><strong>Douala, Cameroun \u2013 1<sup>er<\/sup> F\u00e9vrier 2019&nbsp;: Les membres du Comit\u00e9 de Pilotage du <\/strong>projet de \u00ab&nbsp;Promotion de la conservation et de l\u2019utilisation durable de la biodiversit\u00e9 et des mesures contre le changement climatique dans les pays de l\u2019espace COMIFAC&nbsp;\u00bb se sont r\u00e9unis \u00e0 l\u2019h\u00f4tel Prince de Galles dans le cadre de la <strong>quatri\u00e8me session dudit Comit\u00e9.<\/strong><\/p>\n<p>  <!--more-->  <\/p>\n<p>&nbsp;Co-pr\u00e9sid\u00e9e par le Secr\u00e9taire Ex\u00e9cutif de la COMIFAC Monsieur Raymond Ndomba Ngoye et la Repr\u00e9sentante R\u00e9sidente de la JICA au Cameroun Madame Masuda Junko qui pour la circonstance a c\u00e9d\u00e9 sa place \u00e0 Madame Kenmiya Misa, Directrice de l\u2019environnement au si\u00e8ge de la JICA. Ce Comit\u00e9 de Pilotage avait pour objectifs&nbsp;d\u2019examiner l\u2019avancement des activit\u00e9s du Projet de 2018 et de valider le Plan de Travail Annuel 2019 budg\u00e9tis\u00e9.<\/p>\n<p>Apr\u00e8s v\u00e9rification du quorum, le Secr\u00e9taire Ex\u00e9cutif de la COMIFAC a c\u00e9d\u00e9 la parole \u00e0 Madame Kenmiya Misa, Directrice de l\u2019environnement au si\u00e8ge de la JICA, qui apr\u00e8s avoir exprim\u00e9 sa sinc\u00e8re gratitude aux participants, a remerci\u00e9 chaleureusement la COMIFAC pour l\u2019organisation de cette rencontre. Dans son mot, elle a insist\u00e9 sur trois points \u00e0 savoir (i) la n\u00e9cessit\u00e9 pour les pays d\u2019\u00eatre accompagn\u00e9s par la COMIFAC dans l\u2019adoption des positions communes sous la CCNUCC, (ii) les occasions d\u2019\u00e9change d\u2019information qui devraient \u00eatre cr\u00e9\u00e9es entre la COMIFAC et les partenaires techniques et financiers et (iii) la promotion de la communication entre le Secr\u00e9tariat Ex\u00e9cutif de la COMIFAC et les experts Japonais sur l\u2019all\u00e8gement des proc\u00e9dures administratives.<\/p>\n<p>Prenant la parole \u00e0 sa suite, Monsieur Raymond Ndomba Ngoye, Secr\u00e9taire Ex\u00e9cutif de la COMIFAC a souhait\u00e9 la bienvenue aux participants. Il a remerci\u00e9 la JICA pour l\u2019appui apport\u00e9 au projet ainsi qu\u2019\u00e0 l\u2019\u00e9quipe du projet qui travaille en \u00e9troite collaboration avec le Secr\u00e9tariat Ex\u00e9cutif de la COMIFAC pour sa mise en \u0153uvre.&nbsp;<\/p>\n<p>La lecture des recommandations de la derni\u00e8re session du Comit\u00e9 de Pilotage faite par le Directeur du projet Monsieur Gervais Itsoua Madzous, Secr\u00e9taire Ex\u00e9cutif adjoint de la COMIFAC. A sa suite, Monsieur Shu Mizushima, Chef de projet a pr\u00e9sent\u00e9 le rapport d\u2019activit\u00e9s 2018. Cette pr\u00e9sentation a permis aux participants d\u2019appr\u00e9cier les performances du projet, dont le taux de r\u00e9alisation des activit\u00e9s est de 74%.<\/p>\n<p>Le Pr\u00e9sident du Comit\u00e9 a f\u00e9licit\u00e9 l\u2019\u00e9quipe du Projet pour les r\u00e9sultats obtenus en 2018.<\/p>\n<p>Le Chef de projet a par la suite pr\u00e9sent\u00e9 un Plan de travail annuel budg\u00e9tis\u00e9 pour 2019, qui a du reste \u00e9t\u00e9 valid\u00e9.<\/p>\n<p>&nbsp;A la fin des \u00e9changes, les repr\u00e9sentants des Etats ont \u00e9mis le v\u0153u qu\u2019une deuxi\u00e8me phase du projet soit lanc\u00e9e en vue de capitaliser les acquis du projet en cours. Ils ont instruit le Secr\u00e9tariat Ex\u00e9cutif de la COMIFAC d\u2019entreprendre des d\u00e9marches \u00e0 cette fin.<\/p>\n<p>C\u2019est sur cette recommandation que le Pr\u00e9sident du Comit\u00e9 de Pilotage a remerci\u00e9 les participants pour leur contribution et a d\u00e9clar\u00e9 les travaux clos.<\/p>\n<p>Bien vouloir t\u00e9l\u00e9charger le compte rendu du Comit\u00e9 de Pilotage pour plus d\u2019amples informations ou contacter le Directeur du projet \u00e0 l\u2019adresse <a href=\"mailto:imadzous2@gmail.com\">imadzous2@gmail.com<\/a><\/p>\n<p>Louisette Sylvie Ngo Yebel \u00e9pse Founga<\/p>\n<p>Experte Communication COMIFAC<\/p>\n<p>Documentation<span style=\"color: #7d7c7c; font-family: Arial, Helvetica, Arial, sans-serif; font-size: 12.8px;\">:<\/span><\/p>\n<p><a href=\"file:\/\/\/C:\/Users\/user\/Downloads\/CR%20COPIL%204%20JICA%20(1).pdf\" title=\"Compte rendu de la quatri\u00e8me session ordinaire du Comit\u00e9 de Pilotage\">Compte rendu de la quatri\u00e8me session ordinaire du Comit\u00e9 de Pilotage<\/a><\/p>\n<div><span style=\"color: #7d7c7c; font-family: Arial, Helvetica, Arial, sans-serif;\"><span style=\"font-size: 12.8px;\">file:\/\/\/C:\/Users\/user\/Downloads\/CR%20COPIL%204%20JICA%20(1).pdf<\/span><\/span><\/div>\n","protected":false},"excerpt":{"rendered":"<p>Douala, Cameroun \u2013 1er F\u00e9vrier 2019&nbsp;: Les membres du Comit\u00e9 de Pilotage du projet de \u00ab&nbsp;Promotion de&hellip;<\/p>\n","protected":false},"author":5,"featured_media":7750,"comment_status":"open","ping_status":"open","sticky":false,"template":"","format":"standard","meta":{"give_campaign_id":0,"rs_blank_template":"","rs_page_bg_color":"","slide_template_v7":"","_jetpack_newsletter_access":"","_jetpack_dont_email_post_to_subs":false,"_jetpack_newsletter_tier_id":0,"_jetpack_memberships_contains_paywalled_content":false,"_jetpack_feature_clip_id":0,"_jetpack_memberships_contains_paid_content":false,"footnotes":"","jetpack_post_was_ever_published":false},"categories":[117],"tags":[],"class_list":["post-7752","post","type-post","status-publish","format-standard","has-post-thumbnail","hentry","category-actualites"],"jetpack_sharing_enabled":true,"jetpack_featured_media_url":"https:\/\/comifac.org\/wp-content\/uploads\/2019\/02\/COPIL_JICA_-COMIFAC.jpg","_links":{"self":[{"href":"https:\/\/comifac.org\/index.php?rest_route=\/wp\/v2\/posts\/7752","targetHints":{"allow":["GET"]}}],"collection":[{"href":"https:\/\/comifac.org\/index.php?rest_route=\/wp\/v2\/posts"}],"about":[{"href":"https:\/\/comifac.org\/index.php?rest_route=\/wp\/v2\/types\/post"}],"author":[{"embeddable":true,"href":"https:\/\/comifac.org\/index.php?rest_route=\/wp\/v2\/users\/5"}],"replies":[{"embeddable":true,"href":"https:\/\/comifac.org\/index.php?rest_route=%2Fwp%2Fv2%2Fcomments&post=7752"}],"version-history":[{"count":0,"href":"https:\/\/comifac.org\/index.php?rest_route=\/wp\/v2\/posts\/7752\/revisions"}],"wp:featuredmedia":[{"embeddable":true,"href":"https:\/\/comifac.org\/index.php?rest_route=\/wp\/v2\/media\/7750"}],"wp:attachment":[{"href":"https:\/\/comifac.org\/index.php?rest_route=%2Fwp%2Fv2%2Fmedia&parent=7752"}],"wp:term":[{"taxonomy":"category","embeddable":true,"href":"https:\/\/comifac.org\/index.php?rest_route=%2Fwp%2Fv2%2Fcategories&post=7752"},{"taxonomy":"post_tag","embeddable":true,"href":"https:\/\/comifac.org\/index.php?rest_route=%2Fwp%2Fv2%2Ftags&post=7752"}],"curies":[{"name":"wp","href":"https:\/\/api.w.org\/{rel}","templated":true}]}}