{"id":7783,"date":"2019-04-02T09:41:21","date_gmt":"2019-04-02T09:41:21","guid":{"rendered":"https:\/\/comifac.org\/le-programme-de-promotion-de-l-exploitation-certifiee-des-forets-ppecf-tient-son-septieme-comite-de-decision-et-d-orientation-cdo\/"},"modified":"2019-04-02T09:41:21","modified_gmt":"2019-04-02T09:41:21","slug":"le-programme-de-promotion-de-l-exploitation-certifiee-des-forets-ppecf-tient-son-septieme-comite-de-decision-et-d-orientation-cdo","status":"publish","type":"post","link":"https:\/\/comifac.org\/?p=7783","title":{"rendered":"Le partenariat COMIFAC-KFW renforc\u00e9"},"content":{"rendered":"<p>Douala-Cameroun, 19-20 Mars 2019- la 7<sup>\u00e8me<\/sup> r\u00e9union du Comit\u00e9 de D\u00e9cision et d\u2019Orientation (CDO) du Programme de Promotion de l\u2019Exploitation Certifi\u00e9e des For\u00eats (PPECF) s\u2019est tenue \u00e0 l\u2019h\u00f4tel Sawa.<\/p>\n<p>  <!--more-->  <\/p>\n<p>&nbsp;<\/p>\n<p>La rencontre a connu la participation d\u2019une trentaine de personnes &nbsp;repr\u00e9sentant: le Secr\u00e9tariat Ex\u00e9cutif de la Commission des For\u00eats d\u2019Afrique Centrale (COMIFAC), la Coop\u00e9ration technique (GIZ) et la Coop\u00e9ration financi\u00e8re (KfW) allemande, les organismes de recherche \u00e0 l\u2019instar du Centre de Coop\u00e9ration Internationale en Recherche Agronomique pour le D\u00e9veloppement (CIRAD), le Centre de Recherche et d\u2019Action pour le D\u00e9veloppement Durable en Afrique Centrale (CERAD), le Secr\u00e9tariat pour l\u2019Evaluation Environnementale en Afrique Centrale (SEEAC) , les organismes de conservation tel que Wildlife Conservation Society (WCS), les associations du secteur priv\u00e9 comme l\u2019Association Technique Internationale des Bois Tropicaux (ATIBT) \u00e0 travers la marque Fair and Precious, le secteur public et priv\u00e9 \u00e0 travers le Projet Appui \u00e0 la Fili\u00e8re For\u00eat-Bois (PAFFB) du Gabon,&nbsp;&nbsp; le Groupement de la Fili\u00e8re Bois du Cameroun (GFBC), l\u2019Union des Forestiers Industriels du Gabon et Am\u00e9nagistes (UFGA), le Commerce du Bois (LCB), Bois de Franche Comt\u00e9 (BFC),les labels environnementaux tels que Forest Stewardship Council (FSC), les Organisations Non Gouvernementales comme le Service d\u2019Appui aux Initiatives Locales de D\u00e9veloppement (SAILD), les fondations et associations \u00e9cologiques comme Earthworm, For\u00eat et D\u00e9veloppement Rural (FODER),le Centre pour l\u2019Environnement et de D\u00e9veloppement (CED), les bureaux de certification notamment Bureau Veritas, &nbsp;les Bureaux d\u2019\u00e9tude comme PROSYGMA, , Terre Environnement et Am\u00e9nagement(TEREA), et la cellule de gestion du Programme (CgP) assur\u00e9e par le consortium ECO Consult- Or\u00e9ade Br\u00e8che..<\/p>\n<p>Cette session du CDO avait pour objectif &nbsp;de faire le bilan de la premi\u00e8re ann\u00e9e de la seconde phase du PPECF, de pr\u00e9senter les lignes directrices de la deuxi\u00e8me ann\u00e9e de janvier \u00e0 d\u00e9cembre 2019, d\u2019expliquer l\u2019analyse SROI du programme ainsi que de montrer l\u2019incidence sur le changement op\u00e9r\u00e9e \u00e0 travers les principaux indicateurs de suivi, enfin de valider par un \u00e9change de questions-r\u00e9ponses la poursuite et les changements m\u00e9thodologiques du programme envisag\u00e9s et d\u2019en chiffrer approximativement le budget de l\u2019ann\u00e9e2019.<\/p>\n<p>Sous la pr\u00e9sidence de M. Raymond NDOMBA NGOYE, Secr\u00e9taire Ex\u00e9cutif de la COMIFAC, cette rencontre a connu deux articulations majeures \u00e0 savoir la c\u00e9r\u00e9monie d\u2019ouverture et les travaux en pl\u00e9ni\u00e8re.<\/p>\n<p><strong>La c\u00e9r\u00e9monie d\u2019ouverture <\/strong><\/p>\n<p>La c\u00e9r\u00e9monie d\u2019ouverture a \u00e9t\u00e9 marqu\u00e9e par le mot du Secr\u00e9taire Ex\u00e9cutif de la COMIFAC qui d\u2019entr\u00e9e de jeux, a exprim\u00e9 sa profonde gratitude \u00e0 la KFW pour le financement dudit atelier et l\u2019int\u00e9r\u00eat port\u00e9 \u00e0 la certification du bois des for\u00eats d\u2019Afrique Centrale dont l\u2019objectif est de lutter contre l\u2019exploitation foresti\u00e8re ill\u00e9gale. Il a rappel\u00e9 le contexte de la&nbsp;&nbsp; mise en \u0153uvre du PPECF qui, entre en \u00e9troite ligne avec les priorit\u00e9s du Plan de Convergence de la COMIFAC visant \u00e0 soutenir la gestion durable des for\u00eats et la certification foresti\u00e8re dans le Bassin du Congo.<\/p>\n<p>Poursuivant son propos, le Secr\u00e9taire Ex\u00e9cutif a rappel\u00e9 quelques acquis du PPECF depuis son lancement. Il s\u2019agit entre autres des efforts men\u00e9s dans les pays pour la certification de nouvelles entreprises principalement au Gabon, l\u2019introduction du drone dans le monitoring forestier, tout comme l\u2019intelligence artificielle dans la lutte anti braconnage gr\u00e2ce \u00e0 une nouvelle version du logiciel SMART au Congo, la mise sur pied d\u2019une strat\u00e9gie de communication autour de la marque Fair and Precious de l\u2019ATIBT.<\/p>\n<p>Par la suite, Monsieur NDOMBA NGOYE a pr\u00e9sent\u00e9 eu \u00e9gard aux enjeux qui les entourent trois sujets majeurs que le programme devra soutenir dans ses priorit\u00e9s d\u2019intervention&nbsp;:<\/p>\n<p>\u2666&nbsp;La r\u00e9duction de la fiscalit\u00e9 compens\u00e9e &nbsp;qui va favoriser la mise en place d\u2019une fiscalit\u00e9 favorable \u00e0 l\u2019exploitation du massif forestier;<\/p>\n<p>\u2666&nbsp;L\u2019adoption d\u2019une approche holistique de l\u2019exploitation foresti\u00e8re en incluant les for\u00eats communautaires dans les unit\u00e9s d\u2019intervention&nbsp;;<\/p>\n<p>\u2666 Le devoir de formation et le transfert de connaissances \u00e0 tous les \u00e9chelons d\u2019une entreprise foresti\u00e8re;<\/p>\n<p>Enfin, le Secr\u00e9taire Ex\u00e9cutif a invit\u00e9 les participants \u00e0 faire preuve d\u2019abn\u00e9gation et de diligence afin d\u2019atteindre les objectifs fix\u00e9s au cours de cette session de travail.<\/p>\n<p><strong>Travaux en pl\u00e9ni\u00e8re<\/strong><\/p>\n<p>Suivant l\u2019ordre du jour adopt\u00e9, les sessions et points suivants de l\u2019agenda ont fait l\u2019objet des communications : (i) le rappel de quelques \u00e9l\u00e9ments contextuels du Programme, (ii) la pr\u00e9sentation des interventions en pr\u00e9paration pour la deuxi\u00e8me ann\u00e9e de la Phase II du PPECF (iii) le suivi \u00e9valuation du Programme; (iv) les aspects financiers&nbsp;;<\/p>\n<p>A l\u2019issue des \u00e9changes, les participants ont formul\u00e9 des recommandations \u00e0 l\u2019endroit de la COMIFAC, de la KFW et de la Cellule de gestion pour renforcer l\u2019efficacit\u00e9 du programme au sein des pays b\u00e9n\u00e9ficiaires sur le plan m\u00e9thodologique et le plan op\u00e9rationnel.<\/p>\n<p>Pour plus d\u2019informations sur le Comit\u00e9 de D\u00e9cision et d\u2019Orientation, veuillez contacter <a href=\"mailto:eric.dassie@ppecf-comifac.com\">eric.dassie@ppecf-comifac.com<\/a><\/p>\n<p>Louisette Sylvie Ngo Yebel \u00e9pse Founga<\/p>\n<p>Experte Communication COMIFAC<\/p>\n<p>louisetteyebel@comifac.org<\/p>\n","protected":false},"excerpt":{"rendered":"<p>Douala-Cameroun, 19-20 Mars 2019- la 7\u00e8me r\u00e9union du Comit\u00e9 de D\u00e9cision et d\u2019Orientation (CDO) du Programme de&hellip;<\/p>\n","protected":false},"author":5,"featured_media":7782,"comment_status":"open","ping_status":"open","sticky":false,"template":"","format":"standard","meta":{"give_campaign_id":0,"rs_blank_template":"","rs_page_bg_color":"","slide_template_v7":"","_jetpack_newsletter_access":"","_jetpack_dont_email_post_to_subs":false,"_jetpack_newsletter_tier_id":0,"_jetpack_memberships_contains_paywalled_content":false,"_jetpack_feature_clip_id":0,"_jetpack_memberships_contains_paid_content":false,"footnotes":"","jetpack_post_was_ever_published":false},"categories":[117],"tags":[],"class_list":["post-7783","post","type-post","status-publish","format-standard","has-post-thumbnail","hentry","category-actualites"],"jetpack_sharing_enabled":true,"jetpack_featured_media_url":"https:\/\/comifac.org\/wp-content\/uploads\/2019\/04\/photo_de_famille-scaled.jpg","_links":{"self":[{"href":"https:\/\/comifac.org\/index.php?rest_route=\/wp\/v2\/posts\/7783","targetHints":{"allow":["GET"]}}],"collection":[{"href":"https:\/\/comifac.org\/index.php?rest_route=\/wp\/v2\/posts"}],"about":[{"href":"https:\/\/comifac.org\/index.php?rest_route=\/wp\/v2\/types\/post"}],"author":[{"embeddable":true,"href":"https:\/\/comifac.org\/index.php?rest_route=\/wp\/v2\/users\/5"}],"replies":[{"embeddable":true,"href":"https:\/\/comifac.org\/index.php?rest_route=%2Fwp%2Fv2%2Fcomments&post=7783"}],"version-history":[{"count":0,"href":"https:\/\/comifac.org\/index.php?rest_route=\/wp\/v2\/posts\/7783\/revisions"}],"wp:featuredmedia":[{"embeddable":true,"href":"https:\/\/comifac.org\/index.php?rest_route=\/wp\/v2\/media\/7782"}],"wp:attachment":[{"href":"https:\/\/comifac.org\/index.php?rest_route=%2Fwp%2Fv2%2Fmedia&parent=7783"}],"wp:term":[{"taxonomy":"category","embeddable":true,"href":"https:\/\/comifac.org\/index.php?rest_route=%2Fwp%2Fv2%2Fcategories&post=7783"},{"taxonomy":"post_tag","embeddable":true,"href":"https:\/\/comifac.org\/index.php?rest_route=%2Fwp%2Fv2%2Ftags&post=7783"}],"curies":[{"name":"wp","href":"https:\/\/api.w.org\/{rel}","templated":true}]}}