{"id":7862,"date":"2019-07-11T12:05:24","date_gmt":"2019-07-11T12:05:24","guid":{"rendered":"https:\/\/comifac.org\/il-est-important-que-nos-etats-puissent-disposer-d-une-ceeac-comifac-forte-dotee-des-moyens-humains-techniques-et-financiers-adequats-pour-l-accomplissement-en-profondeur-de-ses-missions\/"},"modified":"2019-07-11T12:05:24","modified_gmt":"2019-07-11T12:05:24","slug":"il-est-important-que-nos-etats-puissent-disposer-d-une-ceeac-comifac-forte-dotee-des-moyens-humains-techniques-et-financiers-adequats-pour-l-accomplissement-en-profondeur-de-ses-missions","status":"publish","type":"post","link":"https:\/\/comifac.org\/?p=7862","title":{"rendered":"\u00a0\u00bb il est important que nos Etats puissent disposer d\u2019une CEEAC et d&rsquo;une COMIFAC fortes dot\u00e9es des moyens humains, techniques et financiers ad\u00e9quats, pour l\u2019accomplissement en profondeur de leurs missions. \u00ab\u00a0"},"content":{"rendered":"<p><strong>10<sup>\u00e8me<\/sup> Session ordinaire du Conseil des Ministres de la Commission des For\u00eats d\u2019Afrique Centrale (COMIFAC)<\/strong><\/p>\n<p><strong>Yaound\u00e9, 11 Juillet 2019<\/strong><\/p>\n<p><strong>Allocution de l\u2019Honorable Tabu Abdallah MANIRAKIZA <\/strong><\/p>\n<p><strong>Secr\u00e9taire G\u00e9n\u00e9ral Adjoint <\/strong><strong>en Charge du D\u00e9partement de Programmes, Budget, Administration et Ressources Humaines de la Communaut\u00e9 Economique des Etats de l\u2019Afrique Centrale (CEEAC)<\/strong><\/p>\n<p><strong>A l\u2019occasion de la c\u00e9r\u00e9monie d\u2019ouverture <\/strong><\/p>\n<p>  <!--more-->  <\/p>\n<p>&nbsp;<\/p>\n<p><strong>Excellence Monsieur le Premier Ministre, Chef de Gouvernement de la R\u00e9publique du Cameroun&nbsp;;<\/strong><\/p>\n<p><strong>Monsieur le Ministre de l\u2019Environnement&nbsp;de la R\u00e9publique du Rwanda, Pr\u00e9sident en exercice de la Commission des For\u00eats d\u2019Afrique Centrale (COMIFAC);<\/strong><\/p>\n<p><strong>Mesdames, Messieurs les Ministres en charge des For\u00eats des Etats membres de la CEEAC&nbsp;;<\/strong><\/p>\n<p><strong>Monsieur le Ministre d\u2019Etat du Royaume de Belgique, Facilitateur du Partenariat pour les For\u00eats du Bassin du Congo&nbsp;;<\/strong><\/p>\n<p><strong>Mesdames, Messieurs, les membres du Corps Diplomatique et les Repr\u00e9sentants des Organisations Internationales&nbsp;;<\/strong><\/p>\n<p><strong>Mesdames, Messieurs les Experts et Messieurs les Repr\u00e9sentants des Organisations de la Soci\u00e9t\u00e9 Civile&nbsp;;<\/strong><\/p>\n<p><strong>Mesdames, Messieurs,<\/strong><\/p>\n<p><strong>Distingu\u00e9s invit\u00e9s&nbsp;En vos rangs, grades et qualit\u00e9s respectifs&nbsp;;<\/strong><\/p>\n<p><strong>&nbsp;<\/strong><\/p>\n<p>Je voudrais d\u2019embl\u00e9e vous pr\u00e9senter les regrets de Son Excellence l\u2019Ambassadeur Ahmad ALLAM-MI, Secr\u00e9taire G\u00e9n\u00e9ral de la Communaut\u00e9 Economique des Etats de l\u2019Afrique Centrale (CEEAC) qui, pour des raisons d\u2019agenda, n\u2019a pas pu personnellement prendre part \u00e0 cette 10\u00e8me Session ordinaire du Conseil des Ministres de la COMIFAC.<\/p>\n<p>Il m\u2019a charg\u00e9 de le repr\u00e9senter et de remercier les Hautes Autorit\u00e9s de la R\u00e9publique du Cameroun \u00e0 la t\u00eate desquelles <strong>Son Excellence Paul BIYA, Pr\u00e9sident de la R\u00e9publique, Chef de l\u2019Etat<\/strong>, pour avoir accept\u00e9 d\u2019abriter ces importantes assises et pour l\u2019accueil chaleureux et les facilit\u00e9s multiformes qu\u2019ils ont bien voulu nous r\u00e9server depuis notre arriv\u00e9e \u00e0 Yaound\u00e9.<\/p>\n<p>Je tiens \u00e9galement \u00e0 vous remercier vous-m\u00eame <strong>Excellence Monsieur le Premier Ministre<\/strong> pour avoir accept\u00e9 de venir pr\u00e9sider l\u2019ouverture de ces travaux<\/p>\n<p>Je voudrais en outre vous prier <strong>Excellence Monsieur le Premier Ministre de transmettre \u00e0 Son Excellence Monsieur Paul BIYA, Pr\u00e9sident de la R\u00e9publique du Cameroun, Chef de l\u2019Etat<\/strong>, la reconnaissance du Secr\u00e9tariat G\u00e9n\u00e9ral de la Communaut\u00e9 pour son engagement en faveur de la gestion durable des ressources foresti\u00e8res de notre sous-r\u00e9gion.<\/p>\n<p>Je salue la pr\u00e9sence des Ministres de nos Etats membres qui ont fait le d\u00e9placement de Yaound\u00e9 pour prendre part \u00e0 ces assises.<\/p>\n<p>Enfin, que tous les Partenaires Techniques et Financiers regroup\u00e9s au sein du Partenariat des For\u00eats du Bassin du Congo (PFBC) trouvent ici la gratitude renouvel\u00e9e du Secr\u00e9tariat g\u00e9n\u00e9ral de la CEEAC pour leur soutien \u00e0 la gestion des ressources naturelles des for\u00eats du Bassin du Congo et la lutte contre les changements climatiques.<\/p>\n<p><strong>Excellence Monsieur le Premier Ministre&nbsp;;<\/strong><\/p>\n<p><strong>Mesdames, Messieurs les Ministres&nbsp;;<\/strong><\/p>\n<p><strong>Mesdames, Messieurs&nbsp;;<\/strong><\/p>\n<p>Le Secr\u00e9tariat g\u00e9n\u00e9ral de la CEEAC se r\u00e9jouit de la tenue de cette 10<sup>\u00e8me<\/sup> Session ordinaire du Conseil des Ministres de la COMIFAC. Elle donne aux participants l\u2019occasion, d\u2019une part, d\u2019examiner la performance de la COMIFAC \u00e0 travers le niveau de mise en \u0153uvre des recommandations de la 9<sup>e<\/sup> session ordinaire tenue \u00e0 Kigali en 2016 et la session extraordinaire de 2018 tenue \u00e0 Brazzaville et, d\u2019autre part, de chercher \u00e0 trouver des solutions aux difficult\u00e9s socio-\u00e9conomiques et financiers que rencontre cette organisation pour accomplir son mandat.<\/p>\n<p>Le Secr\u00e9tariat g\u00e9n\u00e9ral de la Communaut\u00e9 accorde beaucoup d\u2019int\u00e9r\u00eat \u00e0 l\u2019am\u00e9lioration du fonctionnement de son Institution Sp\u00e9cialis\u00e9e qu\u2019est la COMIFAC, en raison du r\u00f4le qu\u2019elle doit jouer dans la promotion et le marketing de l\u2019\u00e9conomie durable des for\u00eats du bassin du Congo.<\/p>\n<p>Si les r\u00e9sultats obtenus dans la sous r\u00e9gion gr\u00e2ce \u00e0 la COMIFAC sur la conservation sont \u00e0 saluer, en revanche ceux sur le r\u00f4le socio-\u00e9conomique des for\u00eats du bassin du Congo dans la diversification de l\u2019\u00e9conomie des Etats, la cr\u00e9ation d\u2019emplois, la lutte contre le ch\u00f4mage et l\u2019am\u00e9lioration des conditions de vie des populations sont encore insuffisants.<\/p>\n<p>V\u00e9ritables identit\u00e9s de la sous- r\u00e9gion conjointement avec les minerais et le r\u00e9seau hydrographique, les for\u00eats du Bassin sont au c\u0153ur du Syst\u00e8me de l\u2019\u00e9conomie verte en Afrique centrale, encadr\u00e9 actuellement par plusieurs d\u00e9cisions des Chefs d\u2019Etat adopt\u00e9es en 2015 \u00e0 NDjamena en mai 2015.<\/p>\n<p>Ce nouveau mod\u00e8le \u00e9conomique est destin\u00e9 \u00e0 concilier lutte contre les changements climatiques et d\u00e9veloppement \u00e9conomique pour parvenir \u00e0 une croissance verte inclusive, tr\u00e8s attendue par les Etats, le secteur priv\u00e9 et les populations.<\/p>\n<p>Pour y parvenir, les Etats doivent investir massivement dans plusieurs secteurs de l\u2019\u00e9conomie verte en lien avec la for\u00eat, mais sous exploit\u00e9s. Il s\u2019agit, entre autres, de l\u2019\u00e9conomie du bois transform\u00e9, l\u2019\u00e9conomie des produits forestiers non ligneux, l\u2019\u00e9conomie des aires prot\u00e9g\u00e9es, l\u2019\u00e9conomie des ressources g\u00e9n\u00e9tiques et biologiques, l\u2019\u00e9conomie des tourbi\u00e8res, l\u2019\u00e9conomie des parcs zoologiques et l\u2019\u00e9conomie des jardins botaniques.<\/p>\n<p><strong>Excellence Monsieur le Premier Ministre,<\/strong><\/p>\n<p><strong>Excellences Mesdames et Messieurs les Ministres&nbsp;;<\/strong><\/p>\n<p><strong>Mesdames, Messieurs&nbsp;;<\/strong><\/p>\n<p><strong>&nbsp;<\/strong><\/p>\n<p>Au regard des enjeux politiques et socio \u00e9conomiques ainsi qu\u2019\u00e9cologiques de ces secteurs de l\u2019\u00e9conomie verte \u00e0 d\u00e9velopper, il est important pour les Etats de disposer d\u2019une CEEAC et d\u2019une COMIFAC fortes, dot\u00e9es de moyens techniques et financiers ad\u00e9quats pour l\u2019accomplissement de leurs missions.<\/p>\n<p>C\u2019est dans cette perspective que se d\u00e9roule le processus de la reforme institutionnelle et organisationnelle profonde du Secr\u00e9tariat g\u00e9n\u00e9ral de la Communaut\u00e9 d\u00e9cid\u00e9e par les Chefs d\u2019Etat et de Gouvernement lors de la 16<sup>\u00e8me<\/sup> session ordinaire de leur Conf\u00e9rence tenue en mai 2015 \u00e0 Ndjamena au Tchad.<\/p>\n<p>Les documents y aff\u00e9rents, notamment le trait\u00e9 r\u00e9vis\u00e9 vient d\u2019\u00eatre adopt\u00e9 par les Ministres des Etats membres r\u00e9unis \u00e0 Libreville du 19 au 21 juin 2019 \u00e0 Libreville. Le principal changement est la mutation du Secr\u00e9tariat g\u00e9n\u00e9ral \u00e0 une commission structur\u00e9e autour de sept d\u00e9partements dont le d\u00e9partement en charge de l\u2019Environnement et gestion des Ressources Naturelles pour prendre en compte, entre autres les minerais, comme le coltan au c\u0153ur de l\u2019industrie informatique mondiale.<\/p>\n<p>Ces textes seront bient\u00f4t soumis aux Chefs d\u2019Etat et de Gouvernement au cours d\u2019une session extraordinaire de leur Conf\u00e9rence dont l\u2019organisation serait imminente. &nbsp;&nbsp;&nbsp;<\/p>\n<p>Le Secr\u00e9tariat G\u00e9n\u00e9ral de la CEEAC reste persuad\u00e9 que les r\u00e9sultats de cette r\u00e9forme et leur op\u00e9rationnalisation garantiront un meilleur fonctionnement aussi bien pour lui-m\u00eame que pour ses institutions sp\u00e9cialis\u00e9es dont la COMIFAC.<\/p>\n<p>Le Secr\u00e9tariat g\u00e9n\u00e9ral de la CEEAC lance un appel \u00e0 un \u00e9lan de solidarit\u00e9 de tous les Etats membres, pour donner \u00e0 la COMIFAC, les moyens de sa politique, \u00e0 travers le paiement des contributions \u00e9galitaires.<\/p>\n<p>Je vais clore mon propos en souhaitant pleins succ\u00e8s \u00e0 vos travaux.<\/p>\n<p><strong>Je vous remercie.<\/strong><\/p>\n<table style=\"width: 0px;\">\n<tbody>\n<tr>\n<td style=\"width: 110px;\">\n<p><strong>&nbsp;<\/strong><\/p>\n<\/td>\n<td style=\"width: 455px;\">\n<p><strong>&nbsp;<\/strong><\/p>\n<\/td>\n<td style=\"width: 85px;\">&nbsp;<\/td>\n<\/tr>\n<\/tbody>\n<\/table>\n<p><strong>&nbsp;<\/strong><\/p>\n<p><strong>&nbsp;<\/strong><\/p>\n","protected":false},"excerpt":{"rendered":"<p>10\u00e8me Session ordinaire du Conseil des Ministres de la Commission des For\u00eats d\u2019Afrique Centrale (COMIFAC) Yaound\u00e9, 11&hellip;<\/p>\n","protected":false},"author":5,"featured_media":7861,"comment_status":"open","ping_status":"open","sticky":false,"template":"","format":"standard","meta":{"give_campaign_id":0,"rs_blank_template":"","rs_page_bg_color":"","slide_template_v7":"","_jetpack_newsletter_access":"","_jetpack_dont_email_post_to_subs":false,"_jetpack_newsletter_tier_id":0,"_jetpack_memberships_contains_paywalled_content":false,"_jetpack_feature_clip_id":0,"_jetpack_memberships_contains_paid_content":false,"footnotes":"","jetpack_post_was_ever_published":false},"categories":[117],"tags":[],"class_list":["post-7862","post","type-post","status-publish","format-standard","has-post-thumbnail","hentry","category-actualites"],"jetpack_sharing_enabled":true,"jetpack_featured_media_url":"https:\/\/comifac.org\/wp-content\/uploads\/2019\/07\/DSC_0224_Copier.JPG","_links":{"self":[{"href":"https:\/\/comifac.org\/index.php?rest_route=\/wp\/v2\/posts\/7862","targetHints":{"allow":["GET"]}}],"collection":[{"href":"https:\/\/comifac.org\/index.php?rest_route=\/wp\/v2\/posts"}],"about":[{"href":"https:\/\/comifac.org\/index.php?rest_route=\/wp\/v2\/types\/post"}],"author":[{"embeddable":true,"href":"https:\/\/comifac.org\/index.php?rest_route=\/wp\/v2\/users\/5"}],"replies":[{"embeddable":true,"href":"https:\/\/comifac.org\/index.php?rest_route=%2Fwp%2Fv2%2Fcomments&post=7862"}],"version-history":[{"count":0,"href":"https:\/\/comifac.org\/index.php?rest_route=\/wp\/v2\/posts\/7862\/revisions"}],"wp:featuredmedia":[{"embeddable":true,"href":"https:\/\/comifac.org\/index.php?rest_route=\/wp\/v2\/media\/7861"}],"wp:attachment":[{"href":"https:\/\/comifac.org\/index.php?rest_route=%2Fwp%2Fv2%2Fmedia&parent=7862"}],"wp:term":[{"taxonomy":"category","embeddable":true,"href":"https:\/\/comifac.org\/index.php?rest_route=%2Fwp%2Fv2%2Fcategories&post=7862"},{"taxonomy":"post_tag","embeddable":true,"href":"https:\/\/comifac.org\/index.php?rest_route=%2Fwp%2Fv2%2Ftags&post=7862"}],"curies":[{"name":"wp","href":"https:\/\/api.w.org\/{rel}","templated":true}]}}