{"id":7874,"date":"2019-07-22T10:03:53","date_gmt":"2019-07-22T10:03:53","guid":{"rendered":"https:\/\/comifac.org\/communique-final-10e-session-ordinaire-du-conseil-des-ministres-de-la-comifac-09-11-juillet-2019-yaounde-cameroun\/"},"modified":"2019-07-22T10:03:53","modified_gmt":"2019-07-22T10:03:53","slug":"communique-final-10e-session-ordinaire-du-conseil-des-ministres-de-la-comifac-09-11-juillet-2019-yaounde-cameroun","status":"publish","type":"post","link":"https:\/\/comifac.org\/?p=7874","title":{"rendered":"Communiqu\u00e9 final 10\u00e8 session ordinaire du Conseil des Ministres de la COMIFAC, 09 -11 juillet 2019, Yaound\u00e9-Cameroun"},"content":{"rendered":"<p>Sous le haut patronage de Son Excellence Monsieur Paul BIYA, Pr\u00e9sident de la R\u00e9publique du Cameroun, la dixi\u00e8me session ordinaire du Conseil des Ministres de la Commission des For\u00eats d&rsquo;Afrique Centrale (COMIFAC) s&rsquo;est tenue le 11 juillet 20l9 \u00e0 yaound\u00e9 au Cameroun.<br \/>Cette session a \u00e9t\u00e9 pr\u00e9c\u00e9d\u00e9e les 9 et 10 juillet 2019 par la r\u00e9union des experts.<\/p>\n<p><a href=\"https:\/\/static.wixstatic.com\/ugd\/22a750_0f09ccdefd2a4d499cd7b68b9c64eab5.pdf\">Communiqu\u00e9 final 10\u00e8 session ordinaire du Conseil des Ministres de la COMIFAC 09-11juillet 2019 , Yaound\u00e9, Cameroun<\/a><\/p>\n","protected":false},"excerpt":{"rendered":"<p>Sous le haut patronage de Son Excellence Monsieur Paul BIYA, Pr\u00e9sident de la R\u00e9publique du Cameroun, la&hellip;<\/p>\n","protected":false},"author":5,"featured_media":0,"comment_status":"open","ping_status":"open","sticky":false,"template":"","format":"standard","meta":{"give_campaign_id":0,"rs_blank_template":"","rs_page_bg_color":"","slide_template_v7":"","_jetpack_newsletter_access":"","_jetpack_dont_email_post_to_subs":false,"_jetpack_newsletter_tier_id":0,"_jetpack_memberships_contains_paywalled_content":false,"_jetpack_feature_clip_id":0,"_jetpack_memberships_contains_paid_content":false,"footnotes":"","jetpack_post_was_ever_published":false},"categories":[243],"tags":[],"class_list":["post-7874","post","type-post","status-publish","format-standard","hentry","category-conseils-des-ministres"],"jetpack_sharing_enabled":true,"jetpack_featured_media_url":"","_links":{"self":[{"href":"https:\/\/comifac.org\/index.php?rest_route=\/wp\/v2\/posts\/7874","targetHints":{"allow":["GET"]}}],"collection":[{"href":"https:\/\/comifac.org\/index.php?rest_route=\/wp\/v2\/posts"}],"about":[{"href":"https:\/\/comifac.org\/index.php?rest_route=\/wp\/v2\/types\/post"}],"author":[{"embeddable":true,"href":"https:\/\/comifac.org\/index.php?rest_route=\/wp\/v2\/users\/5"}],"replies":[{"embeddable":true,"href":"https:\/\/comifac.org\/index.php?rest_route=%2Fwp%2Fv2%2Fcomments&post=7874"}],"version-history":[{"count":0,"href":"https:\/\/comifac.org\/index.php?rest_route=\/wp\/v2\/posts\/7874\/revisions"}],"wp:attachment":[{"href":"https:\/\/comifac.org\/index.php?rest_route=%2Fwp%2Fv2%2Fmedia&parent=7874"}],"wp:term":[{"taxonomy":"category","embeddable":true,"href":"https:\/\/comifac.org\/index.php?rest_route=%2Fwp%2Fv2%2Fcategories&post=7874"},{"taxonomy":"post_tag","embeddable":true,"href":"https:\/\/comifac.org\/index.php?rest_route=%2Fwp%2Fv2%2Ftags&post=7874"}],"curies":[{"name":"wp","href":"https:\/\/api.w.org\/{rel}","templated":true}]}}