{"id":7875,"date":"2019-07-22T10:29:00","date_gmt":"2019-07-22T10:29:00","guid":{"rendered":"https:\/\/comifac.org\/guide-sous-regional-de-bonnes-pratiques-pour-la-gestion-durable-des-aires-protegees-en-mode-partenariat-public-prive-ppp-en-afrique-centrale\/"},"modified":"2019-07-22T10:29:00","modified_gmt":"2019-07-22T10:29:00","slug":"guide-sous-regional-de-bonnes-pratiques-pour-la-gestion-durable-des-aires-protegees-en-mode-partenariat-public-prive-ppp-en-afrique-centrale","status":"publish","type":"post","link":"https:\/\/comifac.org\/?p=7875","title":{"rendered":"Guide sous-r\u00e9gional de bonnes pratiques pour la gestion durable des aires prot\u00e9g\u00e9es en mode partenariat public-priv\u00e9 (PPP) en Afrique Centrale"},"content":{"rendered":"<p>Guide sous-r\u00e9gional de bonnes pratiques pour la gestion durable des aires prot\u00e9g\u00e9es en mode partenariat public-priv\u00e9 (PPP) en Afrique Centrale<\/p>\n<p><a href=\"https:\/\/static.wixstatic.com\/ugd\/22a750_d2f6ca6944e0475993022cb16256633c.pdf\">https:\/\/static.wixstatic.com\/ugd\/22a750_d2f6ca6944e0475993022cb16256633c.pdf<\/a><a href=\"https:\/\/static.wixstatic.com\/ugd\/22a750_d2f6ca6944e0475993022cb16256633c.pdf\">Guide sous-r\u00e9gional des bonnes pratiques pour la gestion durable des aires prot\u00e9g\u00e9es en mode partenariat public-priv\u00e9 en Afrique Centrale<\/a><\/p>\n","protected":false},"excerpt":{"rendered":"<p>Guide sous-r\u00e9gional de bonnes pratiques pour la gestion durable des aires prot\u00e9g\u00e9es en mode partenariat public-priv\u00e9 (PPP)&hellip;<\/p>\n","protected":false},"author":5,"featured_media":0,"comment_status":"open","ping_status":"open","sticky":false,"template":"","format":"standard","meta":{"give_campaign_id":0,"rs_blank_template":"","rs_page_bg_color":"","slide_template_v7":"","_jetpack_newsletter_access":"","_jetpack_dont_email_post_to_subs":false,"_jetpack_newsletter_tier_id":0,"_jetpack_memberships_contains_paywalled_content":false,"_jetpack_feature_clip_id":0,"_jetpack_memberships_contains_paid_content":false,"footnotes":"","jetpack_post_was_ever_published":false},"categories":[180],"tags":[],"class_list":["post-7875","post","type-post","status-publish","format-standard","hentry","category-autres-publications"],"jetpack_sharing_enabled":true,"jetpack_featured_media_url":"","_links":{"self":[{"href":"https:\/\/comifac.org\/index.php?rest_route=\/wp\/v2\/posts\/7875","targetHints":{"allow":["GET"]}}],"collection":[{"href":"https:\/\/comifac.org\/index.php?rest_route=\/wp\/v2\/posts"}],"about":[{"href":"https:\/\/comifac.org\/index.php?rest_route=\/wp\/v2\/types\/post"}],"author":[{"embeddable":true,"href":"https:\/\/comifac.org\/index.php?rest_route=\/wp\/v2\/users\/5"}],"replies":[{"embeddable":true,"href":"https:\/\/comifac.org\/index.php?rest_route=%2Fwp%2Fv2%2Fcomments&post=7875"}],"version-history":[{"count":0,"href":"https:\/\/comifac.org\/index.php?rest_route=\/wp\/v2\/posts\/7875\/revisions"}],"wp:attachment":[{"href":"https:\/\/comifac.org\/index.php?rest_route=%2Fwp%2Fv2%2Fmedia&parent=7875"}],"wp:term":[{"taxonomy":"category","embeddable":true,"href":"https:\/\/comifac.org\/index.php?rest_route=%2Fwp%2Fv2%2Fcategories&post=7875"},{"taxonomy":"post_tag","embeddable":true,"href":"https:\/\/comifac.org\/index.php?rest_route=%2Fwp%2Fv2%2Ftags&post=7875"}],"curies":[{"name":"wp","href":"https:\/\/api.w.org\/{rel}","templated":true}]}}