{"id":7883,"date":"2019-07-30T14:12:14","date_gmt":"2019-07-30T14:12:14","guid":{"rendered":"https:\/\/comifac.org\/directives-de-la-comifac-pour-le-suivi-des-objectifs-pour-le-developpement-durable-odd-relatifs-aux-forets-le-document-prend-forme\/"},"modified":"2019-07-30T14:12:14","modified_gmt":"2019-07-30T14:12:14","slug":"directives-de-la-comifac-pour-le-suivi-des-objectifs-pour-le-developpement-durable-odd-relatifs-aux-forets-le-document-prend-forme","status":"publish","type":"post","link":"https:\/\/comifac.org\/?p=7883","title":{"rendered":"Directives de la COMIFAC pour le suivi des Objectifs pour le D\u00e9veloppement Durable (ODD) relatifs aux for\u00eats \u00bb : le document prend forme"},"content":{"rendered":"<p><img fetchpriority=\"high\" decoding=\"async\" class=\" size-full wp-image-7882\" src=\"https:\/\/comifac.org\/wp-content\/uploads\/2019\/07\/thumbnail.jpg\" alt=\"\" width=\"1080\" height=\"486\" srcset=\"https:\/\/comifac.org\/wp-content\/uploads\/2019\/07\/thumbnail.jpg 1080w, https:\/\/comifac.org\/wp-content\/uploads\/2019\/07\/thumbnail-600x270.jpg 600w\" sizes=\"(max-width: 1080px) 100vw, 1080px\" \/><\/p>\n<p>Douala, Cameroun, 24-25 Juillet 2019. Les experts de la sous \u2013 r\u00e9gion se sont r\u00e9unis dans le but d\u2019examiner le contenu et la forme du document des Directives de la COMIFAC pour le suivi des Objectifs de D\u00e9veloppement Durable (ODD) relatifs aux for\u00eats.<\/p>\n<p>  <!--more-->  <\/p>\n<p>&nbsp;<\/p>\n<p>De mani\u00e8re sp\u00e9cifique, il s\u2019est agi :<\/p>\n<ul>\n<li>d\u2019examiner la premi\u00e8re version du document des Directives de la COMIFAC pour le suivi des ODD relatifs aux for\u00eats\n<ul>\n<li>v\u00e9rifier la pertinence des cinq principes et des directives correspondantes \u00e0 chacun d\u2019eux;<\/li>\n<li>Examiner les arguments avanc\u00e9s pour justifier chaque principe ainsi que chaque directive&nbsp;;<\/li>\n<li>Examiner les actions prioritaires recommand\u00e9es, v\u00e9rifier la pertinence des indicateurs et sous-indicateurs, supprimer ceux qui sont non pertinents&nbsp;;<\/li>\n<\/ul>\n<\/li>\n<li>de v\u00e9rifier la pertinence des actions identifi\u00e9es pour cr\u00e9er un environnement favorable au suivi des ODD relatifs aux for\u00eats&nbsp;;<\/li>\n<li>d\u2019examiner le contenu des fiches \u00e9labor\u00e9es pour d\u00e9crire succinctement les indicateurs et sous-indicateurs des Directives de la COMIFAC pour le suivi des ODD relatifs aux for\u00eats.<\/li>\n<\/ul>\n<p>La c\u00e9r\u00e9monie d\u2019ouverture \u00e9tait pr\u00e9sid\u00e9e par M. Raymond Ndomba Ngoye, Secr\u00e9taire Ex\u00e9cutif de la COMIFAC&nbsp;; Dans son mot de circonstance, il a rappel\u00e9 que les pays membres de la COMIFAC ont tous adh\u00e9r\u00e9 aux ODD et se sont engag\u00e9s, tout comme les autres pays du monde, \u00e0 suivre les progr\u00e8s r\u00e9alis\u00e9s vers l\u2019atteinte de ceux-ci. En raison de la complexit\u00e9 li\u00e9e au rapportage sur l\u2019atteinte des progr\u00e8s de ces ODD, les pays de la sous-r\u00e9gion ont besoin d\u2019un minimum d\u2019orientations pour d\u00e9finir les actions \u00e0 prendre dans le cadre de la contribution des for\u00eats aux ODD, de l\u2019\u00e9tablissement et du fonctionnement de leur propre syst\u00e8me de suivi des progr\u00e8s.<\/p>\n<p>Ainsi, la COMIFAC dans le cadre de ses missions, s\u2019est engag\u00e9e \u00e0 faciliter le processus sous-r\u00e9gional de renforcement des capacit\u00e9s de ses pays membres dans l\u2019\u00e9laboration des indicateurs et sous-indicateurs des ODD relatifs aux for\u00eats. Monsieur le Secr\u00e9taire Ex\u00e9cutif n\u2019a pas manqu\u00e9 de remercier la FAO pour son appui \u00e0 la COMIFAC. Il a termin\u00e9 son propos en invitant les participants \u00e0 participer activement \u00e0 la r\u00e9ussite des travaux.<\/p>\n<p>A l\u2019issue de cette r\u00e9union, les r\u00e9sultats suivants ont \u00e9t\u00e9 atteints&nbsp;:<\/p>\n<ul>\n<li>les fiches sur les indicateurs et sous-indicateurs des Directives de la COMIFAC pour le suivi des ODD relatifs aux for\u00eats ont \u00e9t\u00e9 amend\u00e9es&nbsp;;<\/li>\n<li>une feuille de route pour la suite du processus a \u00e9t\u00e9 arr\u00eat\u00e9e<\/li>\n<\/ul>\n<p>L\u2019organisation de la rencontre a \u00e9t\u00e9 rendue possible gr\u00e2ce \u00e0 l\u2019appui financier de l\u2019Organisation des Nations Unies pour l\u2019Alimentation et l\u2019Agriculture (FAO).<\/p>\n<p>Une vingtaine de participants repr\u00e9sentant la FAO, la Commission des For\u00eats d\u2019Afrique Centrale (COMIFAC), l\u2019Institut National de la Statistique(INS), l\u2019Organisation de la Conservation de Faunique Sauvage (OCFSA) World Resource Institute(WRI), l\u2019Observatoire des For\u00eats d\u2019Afrique Centrale (OFAC) y ont particip\u00e9.<\/p>\n<p>A propos du projet \u00ab Appui \u00e0 l\u2019\u00e9laboration des directives de la COMIFAC pour le suivi des ODD relatifs aux for\u00eats \u00bb.<\/p>\n<p>Ce projet est le fruit de l\u2019accord sign\u00e9 le 23 juin 2017 entre le Secr\u00e9tariat Ex\u00e9cutif de la COMIFAC et le Bureau Sous-R\u00e9gional de la FAO Afrique Centrale, par lequel, la FAO s\u2019est engag\u00e9e \u00e0 fournir \u00e0 la COMIFAC une assistance technique pour l&rsquo;ex\u00e9cution de ce projet, lequel a pour objectif principal de contribuer au Programme de d\u00e9veloppement durable \u00e0 l&rsquo;horizon 2030, notamment des for\u00eats d\u2019Afrique centrale aux ODD, \u00e0 l\u2019\u00e9tablissement des moyens d\u2019existence durables, \u00e0 la cr\u00e9ation des revenus et d\u2019emplois, la production alimentaire, des syst\u00e8mes de production et de consommation plus r\u00e9silients et durables et le changement climatique.<\/p>\n<p>Le produit phare attendu de la mise en \u0153uvre de ce projet est la \u00ab Directive de la COMIFAC pour le suivi des ODD relatifs aux for\u00eats \u00bb.<\/p>\n<p>Pour d\u2019amples informations, bien vouloir contacter <a href=\"mailto:tvtchuante@comifac.org\">tvtchuante@comifac.org<\/a><\/p>\n<p><a href=\"mailto:louisetteyebel@comifac.org\">louisetteyebel@comifac.org<\/a> et t\u00e9l\u00e9charger la feuille de route de l\u2019atelier<\/p>\n","protected":false},"excerpt":{"rendered":"<p>Douala, Cameroun, 24-25 Juillet 2019. Les experts de la sous \u2013 r\u00e9gion se sont r\u00e9unis dans le&hellip;<\/p>\n","protected":false},"author":5,"featured_media":7882,"comment_status":"open","ping_status":"open","sticky":false,"template":"","format":"standard","meta":{"give_campaign_id":0,"rs_blank_template":"","rs_page_bg_color":"","slide_template_v7":"","_jetpack_newsletter_access":"","_jetpack_dont_email_post_to_subs":false,"_jetpack_newsletter_tier_id":0,"_jetpack_memberships_contains_paywalled_content":false,"_jetpack_feature_clip_id":0,"_jetpack_memberships_contains_paid_content":false,"footnotes":"","jetpack_post_was_ever_published":false},"categories":[117],"tags":[],"class_list":["post-7883","post","type-post","status-publish","format-standard","has-post-thumbnail","hentry","category-actualites"],"jetpack_sharing_enabled":true,"jetpack_featured_media_url":"https:\/\/comifac.org\/wp-content\/uploads\/2019\/07\/thumbnail.jpg","_links":{"self":[{"href":"https:\/\/comifac.org\/index.php?rest_route=\/wp\/v2\/posts\/7883","targetHints":{"allow":["GET"]}}],"collection":[{"href":"https:\/\/comifac.org\/index.php?rest_route=\/wp\/v2\/posts"}],"about":[{"href":"https:\/\/comifac.org\/index.php?rest_route=\/wp\/v2\/types\/post"}],"author":[{"embeddable":true,"href":"https:\/\/comifac.org\/index.php?rest_route=\/wp\/v2\/users\/5"}],"replies":[{"embeddable":true,"href":"https:\/\/comifac.org\/index.php?rest_route=%2Fwp%2Fv2%2Fcomments&post=7883"}],"version-history":[{"count":0,"href":"https:\/\/comifac.org\/index.php?rest_route=\/wp\/v2\/posts\/7883\/revisions"}],"wp:featuredmedia":[{"embeddable":true,"href":"https:\/\/comifac.org\/index.php?rest_route=\/wp\/v2\/media\/7882"}],"wp:attachment":[{"href":"https:\/\/comifac.org\/index.php?rest_route=%2Fwp%2Fv2%2Fmedia&parent=7883"}],"wp:term":[{"taxonomy":"category","embeddable":true,"href":"https:\/\/comifac.org\/index.php?rest_route=%2Fwp%2Fv2%2Fcategories&post=7883"},{"taxonomy":"post_tag","embeddable":true,"href":"https:\/\/comifac.org\/index.php?rest_route=%2Fwp%2Fv2%2Ftags&post=7883"}],"curies":[{"name":"wp","href":"https:\/\/api.w.org\/{rel}","templated":true}]}}