{"id":7909,"date":"2019-09-11T11:53:09","date_gmt":"2019-09-11T11:53:09","guid":{"rendered":"https:\/\/comifac.org\/mise-en-oeuvre-de-l-initiative-pilote-developpement-d-une-base-de-donnees-sur-les-ressources-genetiques-et-connaissances-traditionnelles-associees-au-congo\/"},"modified":"2019-09-11T11:53:09","modified_gmt":"2019-09-11T11:53:09","slug":"mise-en-oeuvre-de-l-initiative-pilote-developpement-d-une-base-de-donnees-sur-les-ressources-genetiques-et-connaissances-traditionnelles-associees-au-congo","status":"publish","type":"post","link":"https:\/\/comifac.org\/?p=7909","title":{"rendered":"Mise en \u0153uvre de l\u2019Initiative Pilote \u00ab D\u00e9veloppement d\u2019une base de donn\u00e9es sur les ressources g\u00e9n\u00e9tiques et connaissances traditionnelles associ\u00e9es \u00bb au Congo"},"content":{"rendered":"<p><img fetchpriority=\"high\" decoding=\"async\" class=\" size-full wp-image-7908\" src=\"https:\/\/comifac.org\/wp-content\/uploads\/2019\/09\/APA_Brazza_1_Copier.jpg\" alt=\"\" width=\"1000\" height=\"667\" srcset=\"https:\/\/comifac.org\/wp-content\/uploads\/2019\/09\/APA_Brazza_1_Copier.jpg 1000w, https:\/\/comifac.org\/wp-content\/uploads\/2019\/09\/APA_Brazza_1_Copier-600x400.jpg 600w, https:\/\/comifac.org\/wp-content\/uploads\/2019\/09\/APA_Brazza_1_Copier-400x267.jpg 400w, https:\/\/comifac.org\/wp-content\/uploads\/2019\/09\/APA_Brazza_1_Copier-768x512.jpg 768w, https:\/\/comifac.org\/wp-content\/uploads\/2019\/09\/APA_Brazza_1_Copier-370x247.jpg 370w, https:\/\/comifac.org\/wp-content\/uploads\/2019\/09\/APA_Brazza_1_Copier-760x507.jpg 760w, https:\/\/comifac.org\/wp-content\/uploads\/2019\/09\/APA_Brazza_1_Copier-387x258.jpg 387w, https:\/\/comifac.org\/wp-content\/uploads\/2019\/09\/APA_Brazza_1_Copier-500x334.jpg 500w\" sizes=\"(max-width: 1000px) 100vw, 1000px\" \/><\/p>\n<p>Brazzaville, R\u00e9publique du Congo, 03 &#8211; 05 Septembre 2019- L\u2019atelier de planification op\u00e9rationnelle de l\u2019initiative pilote \u00ab d\u00e9veloppement d\u2019une base de donn\u00e9es sur les ressources g\u00e9n\u00e9tiques et connaissances traditionnelles associ\u00e9es&nbsp;\u00bb, s\u2019est tenu \u00e0 l\u2019h\u00f4tel Mickhael\u2019s.<\/p>\n<p>  <!--more-->  <\/p>\n<p>&nbsp;<\/p>\n<p>Le Minist\u00e8re du Tourisme et de l\u2019Environnement en collaboration avec le Secr\u00e9tariat Ex\u00e9cutif de la COMIFAC et avec l\u2019appui financier de la GIZ \u00e0 travers le Projet R\u00e9gional GIZ d\u2019Appui \u00e0 la COMIFAC ont organis\u00e9 un atelier de planification op\u00e9rationnelle de l\u2019initiative pilote \u00ab d\u00e9veloppement d\u2019une base de donn\u00e9es sur les ressources g\u00e9n\u00e9tiques et connaissances traditionnelles associ\u00e9es&nbsp;\u00bb.Cet atelier avait pour objectif global de proc\u00e9der \u00e0 la planification op\u00e9rationnelle de l\u2019IP et de d\u00e9finir les modalit\u00e9s de mise en \u0153uvre.<\/p>\n<p>Y ont pris part&nbsp;:<\/p>\n<p>les Points Focaux CDB, APA et CH APA&nbsp;; les chercheurs&nbsp;; les repr\u00e9sentants des Peuples Autochtones&nbsp;; des Communaut\u00e9s Locales&nbsp;; des chefs Traditionnels&nbsp;; des Tradipraticiens&nbsp;; du REPALEAC&nbsp;; du REPAR&nbsp;; de l\u2019Antenne nationale de la Propri\u00e9t\u00e9 intellectuelle et les Juristes.<\/p>\n<p>La pr\u00e9sidence des travaux a \u00e9t\u00e9 assur\u00e9e par M. Vidalie ANDEA, Point Focal Fonds vert Climat, Conseiller au D\u00e9veloppement Durable repr\u00e9sentant du Minist\u00e8re du Tourisme et de l\u2019Environnement et la mod\u00e9ration par le Professeur Jean de Dieu NZILA, enseignant chercheur \u00e0 l\u2019Universit\u00e9 Marien Ngouabi.<\/p>\n<p>Les travaux se sont d\u00e9roul\u00e9s sous forme d\u2019expos\u00e9s, suivis de d\u00e9bats et de travaux en groupes.<\/p>\n<p>A l\u2019issue des travaux, les participants ont pris des r\u00e9solutions et fait des recommandations.<\/p>\n<p>Les r\u00e9solutions ont port\u00e9 entre autres sur l\u2019organisation de la structure de gouvernance de l\u2019Initiative Pilote, l\u2019adoption de la feuille de route de la mise en \u0153uvre de l\u2019initiative pilote ainsi que la plateforme des chercheurs qui est l\u2019entit\u00e9 de mise en \u0153uvre de l\u2019IP.<\/p>\n<p>Les recommandations ci-apr\u00e8s ont \u00e9t\u00e9 faites aux institutions et structures suivantes&nbsp;:<\/p>\n<ul>\n<li>Au minist\u00e8re en charge des institutions de recherche :<\/li>\n<li>acqu\u00e9rir un serveur pour une meilleure gestion de la banque des donn\u00e9es des ressources g\u00e9n\u00e9tiques&nbsp;;<\/li>\n<li>cr\u00e9er les conditions cadres pour renforcer la coop\u00e9ration entre les diff\u00e9rentes institutions de recherche.<\/li>\n<\/ul>\n<p>A la plateforme des chercheurs&nbsp;:<\/p>\n<ul>\n<li>int\u00e9grer en son sein le point focal CH APA et les juristes&nbsp;;<\/li>\n<li>finaliser les matrices op\u00e9rationnelles de l\u2019IP.<\/li>\n<\/ul>\n<p>A la COMIFAC d\u2019acc\u00e9l\u00e9rer les prochaines \u00e9tapes pour la mise en \u0153uvre de l\u2019Initiative Pilote.<\/p>\n<p><em>Pour d\u2019amples informations, bien vouloir contacter <a href=\"mailto:wilson.njing@giz.de\">wilson.njing@giz.de<\/a><\/em><\/p>\n","protected":false},"excerpt":{"rendered":"<p>Brazzaville, R\u00e9publique du Congo, 03 &#8211; 05 Septembre 2019- L\u2019atelier de planification op\u00e9rationnelle de l\u2019initiative pilote \u00ab&hellip;<\/p>\n","protected":false},"author":5,"featured_media":7908,"comment_status":"open","ping_status":"open","sticky":false,"template":"","format":"standard","meta":{"give_campaign_id":0,"rs_blank_template":"","rs_page_bg_color":"","slide_template_v7":"","_jetpack_newsletter_access":"","_jetpack_dont_email_post_to_subs":false,"_jetpack_newsletter_tier_id":0,"_jetpack_memberships_contains_paywalled_content":false,"_jetpack_feature_clip_id":0,"_jetpack_memberships_contains_paid_content":false,"footnotes":"","jetpack_post_was_ever_published":false},"categories":[117],"tags":[],"class_list":["post-7909","post","type-post","status-publish","format-standard","has-post-thumbnail","hentry","category-actualites"],"jetpack_sharing_enabled":true,"jetpack_featured_media_url":"https:\/\/comifac.org\/wp-content\/uploads\/2019\/09\/APA_Brazza_1_Copier.jpg","_links":{"self":[{"href":"https:\/\/comifac.org\/index.php?rest_route=\/wp\/v2\/posts\/7909","targetHints":{"allow":["GET"]}}],"collection":[{"href":"https:\/\/comifac.org\/index.php?rest_route=\/wp\/v2\/posts"}],"about":[{"href":"https:\/\/comifac.org\/index.php?rest_route=\/wp\/v2\/types\/post"}],"author":[{"embeddable":true,"href":"https:\/\/comifac.org\/index.php?rest_route=\/wp\/v2\/users\/5"}],"replies":[{"embeddable":true,"href":"https:\/\/comifac.org\/index.php?rest_route=%2Fwp%2Fv2%2Fcomments&post=7909"}],"version-history":[{"count":0,"href":"https:\/\/comifac.org\/index.php?rest_route=\/wp\/v2\/posts\/7909\/revisions"}],"wp:featuredmedia":[{"embeddable":true,"href":"https:\/\/comifac.org\/index.php?rest_route=\/wp\/v2\/media\/7908"}],"wp:attachment":[{"href":"https:\/\/comifac.org\/index.php?rest_route=%2Fwp%2Fv2%2Fmedia&parent=7909"}],"wp:term":[{"taxonomy":"category","embeddable":true,"href":"https:\/\/comifac.org\/index.php?rest_route=%2Fwp%2Fv2%2Fcategories&post=7909"},{"taxonomy":"post_tag","embeddable":true,"href":"https:\/\/comifac.org\/index.php?rest_route=%2Fwp%2Fv2%2Ftags&post=7909"}],"curies":[{"name":"wp","href":"https:\/\/api.w.org\/{rel}","templated":true}]}}