{"id":7923,"date":"2019-09-23T14:56:07","date_gmt":"2019-09-23T14:56:07","guid":{"rendered":"https:\/\/comifac.org\/le-gabon-1er-pays-africain-paye-pour-ses-efforts-contre-la-deforestation\/"},"modified":"2019-09-23T14:56:07","modified_gmt":"2019-09-23T14:56:07","slug":"le-gabon-1er-pays-africain-paye-pour-ses-efforts-contre-la-deforestation","status":"publish","type":"post","link":"https:\/\/comifac.org\/?p=7923","title":{"rendered":"Le Gabon, 1er pays africain pay\u00e9 pour ses efforts contre la d\u00e9forestation"},"content":{"rendered":"<p><img fetchpriority=\"high\" decoding=\"async\" class=\" size-full wp-image-7922\" src=\"https:\/\/comifac.org\/wp-content\/uploads\/2019\/09\/Lee-white.jpg\" alt=\"\" width=\"400\" height=\"246\" srcset=\"https:\/\/comifac.org\/wp-content\/uploads\/2019\/09\/Lee-white.jpg 400w, https:\/\/comifac.org\/wp-content\/uploads\/2019\/09\/Lee-white-370x228.jpg 370w, https:\/\/comifac.org\/wp-content\/uploads\/2019\/09\/Lee-white-387x238.jpg 387w\" sizes=\"(max-width: 400px) 100vw, 400px\" \/><\/p>\n<p><span style=\"font-size: 12pt;\">Le Gabon va \u00eatre le premier pays africain \u00e0 \u00eatre pay\u00e9 par des fonds internationaux pour poursuivre ses efforts contre la d\u00e9forestation sur son territoire recouvert \u00e0 pr\u00e8s de 90% par la for\u00eat, a annonc\u00e9 dimanche l&rsquo;ONU.<\/span><\/p>\n<p><span style=\"font-size: 12pt;\">La Norv\u00e8ge va accorder au Gabon 150 millions de dollars (136 millions d&rsquo;euros) dans le cadre d&rsquo;un contrat de 10 ans sign\u00e9 avec Libreville pour \u00ab\u00a0la r\u00e9duction de ses \u00e9missions de gaz \u00e0 effet de serre due \u00e0 la d\u00e9forestation et \u00e0 la d\u00e9gradation, et pour l&rsquo;absorption de dioxyde de carbone par ses for\u00eats naturelles\u00a0\u00bb, selon un communiqu\u00e9 de l&rsquo;Initiative pour la for\u00eat de l&rsquo;Afrique centrale (Cafi), organisme lanc\u00e9 par l&rsquo;ONU qui rassemble des pays d&rsquo;Afrique centrale et des bailleurs de fonds occidentaux.<\/span><\/p>\n<p><span style=\"font-size: 12pt;\">Pour la Cafi, qui qualifie cet accord \u00ab\u00a0d&rsquo;historique\u00a0\u00bb, c&rsquo;est la premi\u00e8re fois \u00ab\u00a0que les efforts d&rsquo;un pays d&rsquo;Afrique pour lutter contre la d\u00e9forestation sont ainsi valoris\u00e9s\u00a0\u00bb.<\/span><\/p>\n<p><span style=\"font-size: 12pt;\">L&rsquo;annonce de ce contrat intervient au moment o\u00f9 se tient lundi \u00e0 New York le sommet Action climat.<\/span><\/p>\n<p><span style=\"font-size: 12pt;\">Source&nbsp;: afp.com<\/span><\/p>\n","protected":false},"excerpt":{"rendered":"<p>Le Gabon va \u00eatre le premier pays africain \u00e0 \u00eatre pay\u00e9 par des fonds internationaux pour poursuivre&hellip;<\/p>\n","protected":false},"author":5,"featured_media":7922,"comment_status":"open","ping_status":"open","sticky":false,"template":"","format":"standard","meta":{"give_campaign_id":0,"rs_blank_template":"","rs_page_bg_color":"","slide_template_v7":"","_jetpack_newsletter_access":"","_jetpack_dont_email_post_to_subs":false,"_jetpack_newsletter_tier_id":0,"_jetpack_memberships_contains_paywalled_content":false,"_jetpack_feature_clip_id":0,"_jetpack_memberships_contains_paid_content":false,"footnotes":"","jetpack_post_was_ever_published":false},"categories":[117],"tags":[273],"class_list":["post-7923","post","type-post","status-publish","format-standard","has-post-thumbnail","hentry","category-actualites","tag-gabon"],"jetpack_sharing_enabled":true,"jetpack_featured_media_url":"https:\/\/comifac.org\/wp-content\/uploads\/2019\/09\/Lee-white.jpg","_links":{"self":[{"href":"https:\/\/comifac.org\/index.php?rest_route=\/wp\/v2\/posts\/7923","targetHints":{"allow":["GET"]}}],"collection":[{"href":"https:\/\/comifac.org\/index.php?rest_route=\/wp\/v2\/posts"}],"about":[{"href":"https:\/\/comifac.org\/index.php?rest_route=\/wp\/v2\/types\/post"}],"author":[{"embeddable":true,"href":"https:\/\/comifac.org\/index.php?rest_route=\/wp\/v2\/users\/5"}],"replies":[{"embeddable":true,"href":"https:\/\/comifac.org\/index.php?rest_route=%2Fwp%2Fv2%2Fcomments&post=7923"}],"version-history":[{"count":0,"href":"https:\/\/comifac.org\/index.php?rest_route=\/wp\/v2\/posts\/7923\/revisions"}],"wp:featuredmedia":[{"embeddable":true,"href":"https:\/\/comifac.org\/index.php?rest_route=\/wp\/v2\/media\/7922"}],"wp:attachment":[{"href":"https:\/\/comifac.org\/index.php?rest_route=%2Fwp%2Fv2%2Fmedia&parent=7923"}],"wp:term":[{"taxonomy":"category","embeddable":true,"href":"https:\/\/comifac.org\/index.php?rest_route=%2Fwp%2Fv2%2Fcategories&post=7923"},{"taxonomy":"post_tag","embeddable":true,"href":"https:\/\/comifac.org\/index.php?rest_route=%2Fwp%2Fv2%2Ftags&post=7923"}],"curies":[{"name":"wp","href":"https:\/\/api.w.org\/{rel}","templated":true}]}}