{"id":7926,"date":"2019-09-25T09:42:41","date_gmt":"2019-09-25T09:42:41","guid":{"rendered":"https:\/\/comifac.org\/sommet-action-climat-l-afrique-demande-des-mesures-plus-concretes\/"},"modified":"2019-09-25T09:42:41","modified_gmt":"2019-09-25T09:42:41","slug":"sommet-action-climat-l-afrique-demande-des-mesures-plus-concretes","status":"publish","type":"post","link":"https:\/\/comifac.org\/?p=7926","title":{"rendered":"Sommet Action Climat 2019 : l\u2019Afrique demande des mesures plus concr\u00e8tes"},"content":{"rendered":"<p><img fetchpriority=\"high\" decoding=\"async\" class=\" size-full wp-image-7925\" src=\"https:\/\/comifac.org\/wp-content\/uploads\/2019\/09\/idriss-dby-scaled.jpg\" alt=\"\" width=\"2560\" height=\"1706\" srcset=\"https:\/\/comifac.org\/wp-content\/uploads\/2019\/09\/idriss-dby-scaled.jpg 2560w, https:\/\/comifac.org\/wp-content\/uploads\/2019\/09\/idriss-dby-scaled-600x400.jpg 600w, https:\/\/comifac.org\/wp-content\/uploads\/2019\/09\/idriss-dby-400x267.jpg 400w, https:\/\/comifac.org\/wp-content\/uploads\/2019\/09\/idriss-dby-1024x683.jpg 1024w, https:\/\/comifac.org\/wp-content\/uploads\/2019\/09\/idriss-dby-768x512.jpg 768w, https:\/\/comifac.org\/wp-content\/uploads\/2019\/09\/idriss-dby-1536x1024.jpg 1536w, https:\/\/comifac.org\/wp-content\/uploads\/2019\/09\/idriss-dby-2048x1365.jpg 2048w, https:\/\/comifac.org\/wp-content\/uploads\/2019\/09\/idriss-dby-370x247.jpg 370w, https:\/\/comifac.org\/wp-content\/uploads\/2019\/09\/idriss-dby-760x507.jpg 760w, https:\/\/comifac.org\/wp-content\/uploads\/2019\/09\/idriss-dby-387x258.jpg 387w, https:\/\/comifac.org\/wp-content\/uploads\/2019\/09\/idriss-dby-500x333.jpg 500w\" sizes=\"(max-width: 2560px) 100vw, 2560px\" \/><\/p>\n<p>Les dirigeants de la plan\u00e8te se sont r\u00e9unis le 23 septembre 2019 au si\u00e8ge de l&rsquo;ONU \u00e0 New York pour participer \u00e0 un sommet consacr\u00e9 \u00e0 l&rsquo;urgence climatique. L&rsquo;occasion pour les chefs d&rsquo;\u00c9tat africains de rappeler l&rsquo;importance de l&rsquo;impact du r\u00e9chauffement climatique sur le continent et de demander des mesures plus concr\u00e8tes de la part de la communaut\u00e9 internationale.<\/p>\n<p>  <!--more-->  <\/p>\n<p>&nbsp;<\/p>\n<p>Les changements climatiques se font ressentir partout dans le monde, avec des cons\u00e9quences tout \u00e0 fait r\u00e9elles sur les vies des populations. Ils perturbent les \u00e9conomies des pays, nous co\u00fbtent cher aujourd\u2019hui et nous co\u00fbteront encore plus cher demain. Mais il appara\u00eet de plus en plus clairement qu\u2019\u00e0 l\u2019heure actuelle, des solutions abordables et \u00e9volutives sont disponibles qui nous permettraient de passer \u00e0 des \u00e9conomies plus propres et plus r\u00e9silientes. Le but du Sommet sur le climat 2019 est de mettre au d\u00e9fi les \u00c9tats, les r\u00e9gions, les villes, les entreprises, les investisseurs et les citoyens d\u2019agir dans ces six domaines:<\/p>\n<ul>\n<li>Transition \u00e9nerg\u00e9tique<\/li>\n<li>Financement de l\u2019action climatique et tarification du carbone<\/li>\n<li>Transition industrielle<\/li>\n<li>Solutions fond\u00e9es sur la nature<\/li>\n<li>Villes et action locale<\/li>\n<li>R\u00e9silience<\/li>\n<\/ul>\n<p>Pour faire face \u00e0 l\u2019urgence climatique, une soixantaine de chefs d\u2019\u00c9tat ont pris la parole pour annoncer des engagements renforc\u00e9s. Parmi eux, plusieurs dirigeants africains ont plaid\u00e9 pour des actions&nbsp;acc\u00e9l\u00e9r\u00e9es&nbsp;dans la mise en \u0153uvre de l\u2019Accord de Paris de 2015 et appel\u00e9 \u00e0 des financements accrus.<\/p>\n<p><strong>Intervenant au nom de la sous-r\u00e9gion Afrique Centrale, qui a tenu \u00e0 se mobiliser dans le cadre de ce Sommet au travers de la Communaut\u00e9 Economique des Etats d\u2019Afrique Centrale, CEEAC<\/strong>, le Pr\u00e9sident de la R\u00e9publique D\u00e9mocratique du Congo, Felix Tsisekedi a affirm\u00e9&nbsp;: \u00ab&nbsp;La nature offre des solutions tr\u00e8s efficaces, durables et le plus souvent peu co\u00fbteuses \u00e0 long terme&nbsp;\u00bb, en prenant l\u2019engagement d\u2019accro\u00eetre &nbsp;\u00ab&nbsp;significativement les aires prot\u00e9g\u00e9es, y compris certains cours d\u2019eau, sur l\u2019ensemble du territoire afin de renforcer la pr\u00e9servation de la biodiversit\u00e9&nbsp;\u00bb. \u00ab&nbsp;Sans \u00eatre exhaustif et \u00e0 titre illustratif, la RDC s\u2019est engag\u00e9e \u00e0 stabiliser son couvert forestier \u00e0 63% du territoire et \u00e0 r\u00e9duire de 17% ses \u00e9missions de 2020 \u00e0 2030&nbsp;\u00bb.<\/p>\n<p>Le pr\u00e9sident tchadien Idriss Deby Ibno a quant \u00e0 lui rappel\u00e9 les initiatives et mesures prises par son pays dans plusieurs secteurs comme l\u2019\u00e9nergie, l\u2019agriculture, la r\u00e9duction des \u00e9missions de gaz \u00e0 effet de serre. Idriss D\u00e9by a \u00e9galement lanc\u00e9 un appel aux pays d\u00e9velopp\u00e9s \u00e0 soutenir les efforts d\u00e9ploy\u00e9s par les pays africains face au changement climatique dont il les tient pour responsables. \u00ab&nbsp;L\u2019Afrique en g\u00e9n\u00e9ral, et le Tchad en particulier, ne contribuant presque pas ou tr\u00e8s faiblement aux \u00e9missions&nbsp;[de gaz \u00e0 effets de serre],&nbsp;je voudrais souligner l\u2019int\u00e9r\u00eat que nous portons \u00e0 la question de la r\u00e9silience&nbsp;\u00bb, a-t-il d\u00e9clar\u00e9.<\/p>\n<p>Ce sommet se tient dans le cadre du suivi-\u00e9valuation des Accords de Paris sur le climat adopt\u00e9 en 2015. L\u2019Accord de Paris vise \u00e0 maintenir l\u2019augmentation moyenne de la temp\u00e9rature dans le monde \u00e0 1,5&nbsp;\u00b0C pendant ce si\u00e8cle.<\/p>\n<p>Un rapport publi\u00e9 le 22 septembre 2019 par l\u2019ONU estime que les efforts des pays doivent \u00eatre multipli\u00e9s par cinq pour s\u2019en tenir \u00e0&nbsp;+1,5\u00b0C d\u2019ici 2100. Les cinq derni\u00e8res ann\u00e9es devraient donc constituer la p\u00e9riode la plus chaude jamais enregistr\u00e9e.<\/p>\n","protected":false},"excerpt":{"rendered":"<p>Les dirigeants de la plan\u00e8te se sont r\u00e9unis le 23 septembre 2019 au si\u00e8ge de l&rsquo;ONU \u00e0&hellip;<\/p>\n","protected":false},"author":5,"featured_media":7924,"comment_status":"open","ping_status":"open","sticky":false,"template":"","format":"standard","meta":{"give_campaign_id":0,"rs_blank_template":"","rs_page_bg_color":"","slide_template_v7":"","_jetpack_newsletter_access":"","_jetpack_dont_email_post_to_subs":false,"_jetpack_newsletter_tier_id":0,"_jetpack_memberships_contains_paywalled_content":false,"_jetpack_feature_clip_id":0,"_jetpack_memberships_contains_paid_content":false,"footnotes":"","jetpack_post_was_ever_published":false},"categories":[117],"tags":[],"class_list":["post-7926","post","type-post","status-publish","format-standard","has-post-thumbnail","hentry","category-actualites"],"jetpack_sharing_enabled":true,"jetpack_featured_media_url":"https:\/\/comifac.org\/wp-content\/uploads\/2019\/09\/idriss-dby-scaled.jpg","_links":{"self":[{"href":"https:\/\/comifac.org\/index.php?rest_route=\/wp\/v2\/posts\/7926","targetHints":{"allow":["GET"]}}],"collection":[{"href":"https:\/\/comifac.org\/index.php?rest_route=\/wp\/v2\/posts"}],"about":[{"href":"https:\/\/comifac.org\/index.php?rest_route=\/wp\/v2\/types\/post"}],"author":[{"embeddable":true,"href":"https:\/\/comifac.org\/index.php?rest_route=\/wp\/v2\/users\/5"}],"replies":[{"embeddable":true,"href":"https:\/\/comifac.org\/index.php?rest_route=%2Fwp%2Fv2%2Fcomments&post=7926"}],"version-history":[{"count":0,"href":"https:\/\/comifac.org\/index.php?rest_route=\/wp\/v2\/posts\/7926\/revisions"}],"wp:featuredmedia":[{"embeddable":true,"href":"https:\/\/comifac.org\/index.php?rest_route=\/wp\/v2\/media\/7924"}],"wp:attachment":[{"href":"https:\/\/comifac.org\/index.php?rest_route=%2Fwp%2Fv2%2Fmedia&parent=7926"}],"wp:term":[{"taxonomy":"category","embeddable":true,"href":"https:\/\/comifac.org\/index.php?rest_route=%2Fwp%2Fv2%2Fcategories&post=7926"},{"taxonomy":"post_tag","embeddable":true,"href":"https:\/\/comifac.org\/index.php?rest_route=%2Fwp%2Fv2%2Ftags&post=7926"}],"curies":[{"name":"wp","href":"https:\/\/api.w.org\/{rel}","templated":true}]}}