{"id":8060,"date":"2020-02-29T11:39:26","date_gmt":"2020-02-29T11:39:26","guid":{"rendered":"https:\/\/comifac.org\/etat-des-aires-protegees-en-afrique-centrale-enjeux-et-perspectives-2\/"},"modified":"2020-02-29T11:39:26","modified_gmt":"2020-02-29T11:39:26","slug":"etat-des-aires-protegees-en-afrique-centrale-enjeux-et-perspectives-2","status":"publish","type":"post","link":"https:\/\/comifac.org\/?p=8060","title":{"rendered":"\u00c9tat des aires prot\u00e9g\u00e9es en Afrique centrale : enjeux et perspectives"},"content":{"rendered":"<p><em>Mbankomo, Cameroun, 25-28 fevrier 2020- Le projet de titre a fait l\u2019objet de pr\u00e9-validation lors de l\u2019atelier de consolidation des contenus de l\u2019\u00e9tat des aires prot\u00e9g\u00e9es dans la sous-r\u00e9gion. <br \/><\/em><\/p>\n<p>  <!--more-->  <\/p>\n<p>&nbsp;<\/p>\n<p>Le contenu des travaux en cours se pr\u00e9sentera aux lecteurs sous forme de deux produits. Le premier est une pochette contenant la note synth\u00e8se de l\u2019Etat des aires prot\u00e9g\u00e9es.. Le texte en question permettra de comprendre \u00e0 la fois les attentes et les d\u00e9fis au sujet de la situation des aires prot\u00e9g\u00e9es dans la sous-r\u00e9gion. Une photo phare \u00e0 identifier, constitue l\u2019accroche dudit support dans la suite logique de la parution de 2015. Toutefois , les membres du Comit\u00e9 \u00e9ditorial ont insist\u00e9 sur la manifestation de l\u2019int\u00e9r\u00eat humain dans ses interactions avec le monde animal ou v\u00e9g\u00e9tal. La pochette sera disponible en supports virtuels et physiques en mai 2020.<\/p>\n<p>Le second produit, \u0153uvre phare, est l\u2019ouvrage sur l\u2019\u00e9tat des aires prot\u00e9g\u00e9es. Les membres du Comit\u00e9 \u00e9ditorial en ont reformul\u00e9 et valid\u00e9 la pr\u00e9face. Ils ont \u00e9galement donn\u00e9 des consignes d\u2019am\u00e9lioration du r\u00e9sum\u00e9 ex\u00e9cutif. Le chapitre introductif tel que sugg\u00e9r\u00e9 par les membres du comit\u00e9 \u00e9ditorial. est un texte sur les mutations intervenues dans les aires prot\u00e9g\u00e9es de la sous-r\u00e9gion. Sa r\u00e9daction met l\u2019emphase sur les \u00e9volutions institutionnelles, leurs gradations typologiques, les ordres de grandeur en superficie, leurs densit\u00e9s en mati\u00e8re de peuplements humains et de pr\u00e9sences autochtones ou encore leur efficience de gestion. Les conflits et les co-existences, d\u2019une part, et, le d\u00e9veloppement durable des aires prot\u00e9g\u00e9es, d\u2019autre part, d\u00e9signent les deux sections du projet d\u2019\u00e9dition.. Une rencontre sur la validation des contenus en pr\u00e9sence des auteurs et des membres du Comit\u00e9 \u00e9ditorial est pr\u00e9vue dans la semaine du 18 au 24 mai 2020. L\u2019\u0153uvre de traduction, de mise en page et d\u2019impression suivra. Le r\u00e9tro-calendrier \u00e9labor\u00e9 de mani\u00e8re concert\u00e9e programme la publication de l\u2019ouvrage en octobre 2020, mois de la COP 15 sur la Biodiversit\u00e9<\/p>\n<p>Pour d&rsquo;amples informations, bien vouloir contacter fpalla@observatoire-comifac.net<\/p>\n","protected":false},"excerpt":{"rendered":"<p>Mbankomo, Cameroun, 25-28 fevrier 2020- Le projet de titre a fait l\u2019objet de pr\u00e9-validation lors de l\u2019atelier&hellip;<\/p>\n","protected":false},"author":5,"featured_media":8059,"comment_status":"open","ping_status":"open","sticky":false,"template":"","format":"standard","meta":{"give_campaign_id":0,"rs_blank_template":"","rs_page_bg_color":"","slide_template_v7":"","_jetpack_newsletter_access":"","_jetpack_dont_email_post_to_subs":false,"_jetpack_newsletter_tier_id":0,"_jetpack_memberships_contains_paywalled_content":false,"_jetpack_feature_clip_id":0,"_jetpack_memberships_contains_paid_content":false,"footnotes":"","jetpack_post_was_ever_published":false},"categories":[117],"tags":[],"class_list":["post-8060","post","type-post","status-publish","format-standard","has-post-thumbnail","hentry","category-actualites"],"jetpack_sharing_enabled":true,"jetpack_featured_media_url":"https:\/\/comifac.org\/wp-content\/uploads\/2020\/02\/Chap1_Auteur-Donald_Djossi-1-1-1.jpg","_links":{"self":[{"href":"https:\/\/comifac.org\/index.php?rest_route=\/wp\/v2\/posts\/8060","targetHints":{"allow":["GET"]}}],"collection":[{"href":"https:\/\/comifac.org\/index.php?rest_route=\/wp\/v2\/posts"}],"about":[{"href":"https:\/\/comifac.org\/index.php?rest_route=\/wp\/v2\/types\/post"}],"author":[{"embeddable":true,"href":"https:\/\/comifac.org\/index.php?rest_route=\/wp\/v2\/users\/5"}],"replies":[{"embeddable":true,"href":"https:\/\/comifac.org\/index.php?rest_route=%2Fwp%2Fv2%2Fcomments&post=8060"}],"version-history":[{"count":0,"href":"https:\/\/comifac.org\/index.php?rest_route=\/wp\/v2\/posts\/8060\/revisions"}],"wp:featuredmedia":[{"embeddable":true,"href":"https:\/\/comifac.org\/index.php?rest_route=\/wp\/v2\/media\/8059"}],"wp:attachment":[{"href":"https:\/\/comifac.org\/index.php?rest_route=%2Fwp%2Fv2%2Fmedia&parent=8060"}],"wp:term":[{"taxonomy":"category","embeddable":true,"href":"https:\/\/comifac.org\/index.php?rest_route=%2Fwp%2Fv2%2Fcategories&post=8060"},{"taxonomy":"post_tag","embeddable":true,"href":"https:\/\/comifac.org\/index.php?rest_route=%2Fwp%2Fv2%2Ftags&post=8060"}],"curies":[{"name":"wp","href":"https:\/\/api.w.org\/{rel}","templated":true}]}}