{"id":8071,"date":"2020-03-21T15:25:28","date_gmt":"2020-03-21T15:25:28","guid":{"rendered":"https:\/\/comifac.org\/journee-internationale-des-forets-21-mars\/"},"modified":"2020-03-21T15:25:28","modified_gmt":"2020-03-21T15:25:28","slug":"journee-internationale-des-forets-21-mars","status":"publish","type":"post","link":"https:\/\/comifac.org\/?p=8071","title":{"rendered":"Journ\u00e9e internationale des for\u00eats 21 mars"},"content":{"rendered":"<p><strong>Trop pr\u00e9cieuses pour pouvoir les perdre<\/strong><\/p>\n<p>Lorsque nous buvons un verre d&rsquo;eau, \u00e9crivons dans un carnet, prenons des m\u00e9dicaments contre la fi\u00e8vre ou construisons une maison, nous ne faisons pas toujours le lien entre ces actions et les for\u00eats. Pourtant, tous ces aspects de notre vie, et de nombreux autres,&nbsp;sont li\u00e9s d&rsquo;une mani\u00e8re ou d&rsquo;une autre aux for\u00eats.<\/p>\n<p>  <!--more-->  <\/p>\n<p>&nbsp;<\/p>\n<p>Les for\u00eats, leur gestion et l&rsquo;utilisation durables de leurs ressources, en particulier dans des \u00e9cosyst\u00e8mes fragiles, sont des \u00e9l\u00e9ments essentiels dans la lutte&nbsp;contre les changements climatiques et permettent de contribuer \u00e0 la prosp\u00e9rit\u00e9 et au bien-\u00eatre des g\u00e9n\u00e9rations actuelles ou&nbsp;futures. Les for\u00eats jouent \u00e9galement un r\u00f4le crucial dans la r\u00e9duction de la pauvret\u00e9 et dans la mise en oeuvre des 17&nbsp;<a href=\"https:\/\/www.un.org\/sustainabledevelopment\/fr\/\">objectifs de d\u00e9veloppement durable (ODD)<\/a>&nbsp;des Nations Unies.<\/p>\n<p>Les for\u00eats couvrent environ un tiers de la plan\u00e8te et jouent un r\u00f4le fondamental dans les \u00e9conomies mondiales et nationales. Environ 1,6 milliard de personnes, dont plus de 2 000 cultures autochtones, en d\u00e9pendent pour leurs moyens de&nbsp;subsistance quotidiens&nbsp;et leur survie \u00e0 long terme.<\/p>\n<p>Les for\u00eats sont les \u00e9cosyst\u00e8mes les plus riches en termes de diversit\u00e9 biologique. Elles abritent plus de 80 % des esp\u00e8ces d&rsquo;animaux, de plantes et d&rsquo;insectes sur terre.<\/p>\n<p>Pourtant, malgr\u00e9 ces pr\u00e9cieux avantages \u00e9cologiques, \u00e9conomiques, sociaux et sanitaires, la d\u00e9forestation mondiale se poursuit \u00e0 un rythme alarmant.<\/p>\n<p><strong>For\u00eats et biodiversit\u00e9<\/strong><\/p>\n<p>En 2012, l\u2019<a href=\"https:\/\/undocs.org\/fr\/A\/RES\/67\/200\">Assembl\u00e9e g\u00e9n\u00e9rale des Nations Unies a proclam\u00e9 le&nbsp;21 mars&nbsp;Journ\u00e9e internationale des for\u00eats<\/a>&nbsp;(A\/RES\/67\/200).<\/p>\n<p>Le Secr\u00e9tariat du <a href=\"https:\/\/www.un.org\/esa\/forests\/index.html\">Forum des Nations Unies sur les for\u00eats<\/a> et l&rsquo;<a href=\"http:\/\/www.fao.org\/home\/fr\/\">Organisation des Nations Unies pour l&rsquo;alimentation et l&rsquo;agriculture<\/a> (FAO)&nbsp;sont charg\u00e9s d&rsquo;organiser&nbsp;cette c\u00e9l\u00e9bration, en collaboration avec les gouvernements, le <a href=\"http:\/\/www.cpfweb.org\/fr\/\">Partenariat de collaboration sur les for\u00eats <\/a>(PCF), ainsi que les organisations et autres groupes internationaux, r\u00e9gionaux et sous-r\u00e9gionaux concern\u00e9s par ces questions.<\/p>\n<p>La Journ\u00e9e veut sensibiliser le public \u00e0 l\u2019importance de toutes les vari\u00e9t\u00e9s de for\u00eats et d\u2019arbres pour notre \u00e9cosyst\u00e8me.<\/p>\n<p>Chaque ann\u00e9e, \u00e0 l\u2019occasion de la Journ\u00e9e internationale des for\u00eats, les pays sont encourag\u00e9s \u00e0 entreprendre des initiatives locales, nationales ou&nbsp;internationales impliquant les for\u00eats, telles que des campagnes visant \u00e0 planter des arbres. Le th\u00e8me de chaque Journ\u00e9e internationale des for\u00eats est choisi par le Partenariat de collaboration sur les for\u00eats (PCF). Le th\u00e8me choisi pour l\u2019ann\u00e9e 2020 est \u00ab <strong>Les for\u00eats et la biodiversit\u00e9<\/strong> \u00bb.<\/p>\n<p>Source: <a href=\"https:\/\/www.un.org\/fr\/observances\/forests-and-trees-day\">https:\/\/www.un.org\/fr\/observances\/forests-and-trees-day<\/a><\/p>\n","protected":false},"excerpt":{"rendered":"<p>Trop pr\u00e9cieuses pour pouvoir les perdre Lorsque nous buvons un verre d&rsquo;eau, \u00e9crivons dans un carnet, prenons&hellip;<\/p>\n","protected":false},"author":5,"featured_media":8070,"comment_status":"open","ping_status":"open","sticky":false,"template":"","format":"standard","meta":{"give_campaign_id":0,"rs_blank_template":"","rs_page_bg_color":"","slide_template_v7":"","_jetpack_newsletter_access":"","_jetpack_dont_email_post_to_subs":false,"_jetpack_newsletter_tier_id":0,"_jetpack_memberships_contains_paywalled_content":false,"_jetpack_feature_clip_id":0,"_jetpack_memberships_contains_paid_content":false,"footnotes":"","jetpack_post_was_ever_published":false},"categories":[117],"tags":[],"class_list":["post-8071","post","type-post","status-publish","format-standard","has-post-thumbnail","hentry","category-actualites"],"jetpack_sharing_enabled":true,"jetpack_featured_media_url":"https:\/\/comifac.org\/wp-content\/uploads\/2020\/03\/31715086756_fb8300f7fe_k_Copier.jpg","_links":{"self":[{"href":"https:\/\/comifac.org\/index.php?rest_route=\/wp\/v2\/posts\/8071","targetHints":{"allow":["GET"]}}],"collection":[{"href":"https:\/\/comifac.org\/index.php?rest_route=\/wp\/v2\/posts"}],"about":[{"href":"https:\/\/comifac.org\/index.php?rest_route=\/wp\/v2\/types\/post"}],"author":[{"embeddable":true,"href":"https:\/\/comifac.org\/index.php?rest_route=\/wp\/v2\/users\/5"}],"replies":[{"embeddable":true,"href":"https:\/\/comifac.org\/index.php?rest_route=%2Fwp%2Fv2%2Fcomments&post=8071"}],"version-history":[{"count":0,"href":"https:\/\/comifac.org\/index.php?rest_route=\/wp\/v2\/posts\/8071\/revisions"}],"wp:featuredmedia":[{"embeddable":true,"href":"https:\/\/comifac.org\/index.php?rest_route=\/wp\/v2\/media\/8070"}],"wp:attachment":[{"href":"https:\/\/comifac.org\/index.php?rest_route=%2Fwp%2Fv2%2Fmedia&parent=8071"}],"wp:term":[{"taxonomy":"category","embeddable":true,"href":"https:\/\/comifac.org\/index.php?rest_route=%2Fwp%2Fv2%2Fcategories&post=8071"},{"taxonomy":"post_tag","embeddable":true,"href":"https:\/\/comifac.org\/index.php?rest_route=%2Fwp%2Fv2%2Ftags&post=8071"}],"curies":[{"name":"wp","href":"https:\/\/api.w.org\/{rel}","templated":true}]}}