{"id":8081,"date":"2020-04-13T17:13:00","date_gmt":"2020-04-13T17:13:00","guid":{"rendered":"https:\/\/comifac.org\/congo-kinshasa-felix-tshisekedi-met-en-place-une-agence-de-transition-ecologique-et-developpement-durable\/"},"modified":"2020-04-13T17:13:00","modified_gmt":"2020-04-13T17:13:00","slug":"congo-kinshasa-felix-tshisekedi-met-en-place-une-agence-de-transition-ecologique-et-developpement-durable","status":"publish","type":"post","link":"https:\/\/comifac.org\/?p=8081","title":{"rendered":"Congo-Kinshasa: F\u00e9lix Tshisekedi met en place une Agence de transition \u00e9cologique et d\u00e9veloppement durable"},"content":{"rendered":"<p class=\"story-body-text\" data-para-word-count=\"55\"><em>Annonc\u00e9e au cours d&rsquo;un Conseil des ministres en novembre 2019, le Pr\u00e9sident F\u00e9lix Tshisekedi a sign\u00e9, le week-end dernier, une ordonnance portant cr\u00e9ation de l&rsquo;Agence Congolaise de transition \u00e9cologique et d\u00e9veloppement durable (ACTEDD). Celle-ci a pour r\u00f4le de concevoir, coordonner et d&rsquo;impl\u00e9menter les politiques nationales relatives \u00e0 la transition \u00e9cologique en R\u00e9publique d\u00e9mocratique du Congo.<\/em><\/p>\n<p>  <!--more-->  <\/p>\n<p class=\"story-body-text\" data-para-word-count=\"55\">&nbsp;<\/p>\n<p class=\"story-body-text\" data-para-word-count=\"93\">Cette nouvelle agence est charg\u00e9e non seulement d&rsquo;\u00e9tudier, d&rsquo;analyser et d&rsquo;\u00e9valuer toutes les questions qui lui sont soumises par le Pr\u00e9sident de la R\u00e9publique en rapport avec la transition \u00e9cologique et le d\u00e9veloppement durable, mais aussi de concevoir et impl\u00e9menter une feuille de route cr\u00e9dible pour la transition \u00e9cologique et suivre l&rsquo;ex\u00e9cution de tous les projets de transition \u00e9cologique et le d\u00e9veloppement durable qui seront mis en place sur l&rsquo;ensemble du territoire national. L&rsquo;objectif est en fait d&rsquo;\u00e9tablir les indicateurs nationaux de performance de d\u00e9veloppement durable pour mesurer l&rsquo;avancement de la transition \u00e9cologique.<\/p>\n<div id=\"responsive-aans-view-a-container\" class=\"outer-ad-container adsense-outer-ad-container adsense-responsive-outer-ad-container responsive-aans-view-a-container\">&nbsp;<\/div>\n<p class=\"story-body-text\" data-para-word-count=\"61\">Selon les experts, une transition \u00e9cologique est tout simplement l&rsquo;\u00e9volution vers un nouveau mod\u00e8le \u00e9conomique et social. Un mod\u00e8le de d\u00e9veloppement durable, en effet, qui modifie les fa\u00e7ons de consommer, de travailler, de produire, pour r\u00e9pondre aux enjeux environnementaux, entre autres, le changement climatique, la perte acc\u00e9l\u00e9r\u00e9e de la biodiversit\u00e9, la multiplication des risques sanitaires environnementaux et la raret\u00e9 des ressources.<\/p>\n<div id=\"responsive-aans-view-b-container\" class=\"outer-ad-container adsense-outer-ad-container adsense-responsive-outer-ad-container responsive-aans-view-b-container\">&nbsp;<\/div>\n<p class=\"story-body-text\" data-para-word-count=\"30\">Dot\u00e9e d&rsquo;un personnel tr\u00e8s restreint, l&rsquo;Agence Congolaise de transition \u00e9cologique et d\u00e9veloppement durable (ACTEDD) devra collaborer, en toute ind\u00e9pendance, avec les diff\u00e9rents services du Minist\u00e8re de l&rsquo;Environnement et D\u00e9veloppement durable.<\/p>\n<p class=\"story-body-text\" data-para-word-count=\"36\">Avec \u00e0 sa t\u00eate un comit\u00e9 de pilotage chapeaut\u00e9 par le Pr\u00e9sident de la R\u00e9publique, l&rsquo;ACTEDD sera dirig\u00e9e par un coordonnateur, suivi d&rsquo;un coordonnateur adjoint, les deux ayant rang de conseiller sp\u00e9cial du Chef de l&rsquo;Etat.<\/p>\n<p class=\"story-body-text\" data-para-word-count=\"58\">Il sied de signaler que l&rsquo;ACTEDD est un service sp\u00e9cialis\u00e9 au sein du cabinet du chef de l&rsquo;Etat. Il sera organis\u00e9 par les dispositions de l&rsquo;ordonnance 01\/013 du 28 f\u00e9vrier 2020. La cr\u00e9ation de cette agence fait suite \u00e0 la n\u00e9cessit\u00e9 de transformer les normes de production, de consommation et d&rsquo;investissement vers un mode de d\u00e9veloppement \u00e9conomique d\u00e9carbonn\u00e9.<\/p>\n<div class=\"story-footer-link\">\n<p><em>Source: <a href=\"http:\/\/www.laprosperite.online\/index.php\/nation\/4672-rdc-felix-tshisekedi-met-en-place-une-agence-de-transition-ecologique-et-developpement-durable\">http:\/\/www.laprosperite.online\/index.php\/nation\/4672-rdc-felix-tshisekedi-met-en-place-une-agence-de-transition-ecologique-et-developpement-durable<\/a><br \/><\/em><\/p>\n<\/p><\/div>\n","protected":false},"excerpt":{"rendered":"<p>Annonc\u00e9e au cours d&rsquo;un Conseil des ministres en novembre 2019, le Pr\u00e9sident F\u00e9lix Tshisekedi a sign\u00e9, le&hellip;<\/p>\n","protected":false},"author":5,"featured_media":8080,"comment_status":"open","ping_status":"open","sticky":false,"template":"","format":"standard","meta":{"give_campaign_id":0,"rs_blank_template":"","rs_page_bg_color":"","slide_template_v7":"","_jetpack_newsletter_access":"","_jetpack_dont_email_post_to_subs":false,"_jetpack_newsletter_tier_id":0,"_jetpack_memberships_contains_paywalled_content":false,"_jetpack_feature_clip_id":0,"_jetpack_memberships_contains_paid_content":false,"footnotes":"","jetpack_post_was_ever_published":false},"categories":[117],"tags":[],"class_list":["post-8081","post","type-post","status-publish","format-standard","has-post-thumbnail","hentry","category-actualites"],"jetpack_sharing_enabled":true,"jetpack_featured_media_url":"https:\/\/comifac.org\/wp-content\/uploads\/2020\/04\/building2.jpg","_links":{"self":[{"href":"https:\/\/comifac.org\/index.php?rest_route=\/wp\/v2\/posts\/8081","targetHints":{"allow":["GET"]}}],"collection":[{"href":"https:\/\/comifac.org\/index.php?rest_route=\/wp\/v2\/posts"}],"about":[{"href":"https:\/\/comifac.org\/index.php?rest_route=\/wp\/v2\/types\/post"}],"author":[{"embeddable":true,"href":"https:\/\/comifac.org\/index.php?rest_route=\/wp\/v2\/users\/5"}],"replies":[{"embeddable":true,"href":"https:\/\/comifac.org\/index.php?rest_route=%2Fwp%2Fv2%2Fcomments&post=8081"}],"version-history":[{"count":0,"href":"https:\/\/comifac.org\/index.php?rest_route=\/wp\/v2\/posts\/8081\/revisions"}],"wp:featuredmedia":[{"embeddable":true,"href":"https:\/\/comifac.org\/index.php?rest_route=\/wp\/v2\/media\/8080"}],"wp:attachment":[{"href":"https:\/\/comifac.org\/index.php?rest_route=%2Fwp%2Fv2%2Fmedia&parent=8081"}],"wp:term":[{"taxonomy":"category","embeddable":true,"href":"https:\/\/comifac.org\/index.php?rest_route=%2Fwp%2Fv2%2Fcategories&post=8081"},{"taxonomy":"post_tag","embeddable":true,"href":"https:\/\/comifac.org\/index.php?rest_route=%2Fwp%2Fv2%2Ftags&post=8081"}],"curies":[{"name":"wp","href":"https:\/\/api.w.org\/{rel}","templated":true}]}}