{"id":8085,"date":"2020-04-13T18:19:17","date_gmt":"2020-04-13T18:19:17","guid":{"rendered":"https:\/\/comifac.org\/republique-centrafricaine-presentation-des-resultats-du-projet-readiness\/"},"modified":"2020-04-13T18:19:17","modified_gmt":"2020-04-13T18:19:17","slug":"republique-centrafricaine-presentation-des-resultats-du-projet-readiness","status":"publish","type":"post","link":"https:\/\/comifac.org\/?p=8085","title":{"rendered":"R\u00e9publique Centrafricaine: pr\u00e9sentation des r\u00e9sultats du projet Readiness"},"content":{"rendered":"<p>Boali- R\u00e9publique centrafricaine, 17-18 mars 2020- l\u2019atelier de pr\u00e9sentation des r\u00e9sultats du projet de partage d\u2019exp\u00e9rience s\u2019est tenu \u00e0 l\u2019h\u00f4tel le Bon Samaritain. La rencontre avait pour objectifs de&nbsp;pr\u00e9senter les r\u00e9sultats obtenus de ce projet et de partager les exp\u00e9riences positives apr\u00e8s \u00e9changes avec les participants.<\/p>\n<p>  <!--more-->  <\/p>\n<p>&nbsp;<\/p>\n<p>Y ont pris part une trentaine de participants repr\u00e9sentant les dix pays membres de la COMIFAC.<\/p>\n<p>En rappel, la R\u00e9publique Centrafricaine \u00e0 l\u2019instar de nombreux pays en d\u00e9veloppement est pays partie \u00e0 la Convention Cadre des Nations Unies pour les Changements Climatiques. Elle \u00e9galement sign\u00e9e et ratifi\u00e9 de nombreux Accords Multilat\u00e9raux de l\u2019Environnement dont la plus importante en date est l\u2019Accord de Paris qui a \u00e9t\u00e9 sign\u00e9 et ratifi\u00e9. Sur le Plan institutionnel, les autorit\u00e9s ont cr\u00e9\u00e9 trois Coordinations Nationales. Il s\u2019agit de la Coordination Nationale Climat, la Coordination Nationale de lutte contre la D\u00e9gradation des Terres et la D\u00e9sertification et la Coordination Nationale Biodiversit\u00e9. Les Structures mis en place ont pour missions l\u2019\u00e9laboration et l\u2019orientation strat\u00e9gique de la politique nationale dans leurs domaines sp\u00e9cifiques sont une r\u00e9ponse du Gouvernement de la R\u00e9publique Centrafricaine aux questions de la gouvernance de l\u2019environnement. Des institutions fortes, capables de f\u00e9d\u00e9rer les efforts des parties prenantes nationales et les apports des partenaires techniques et financiers internationaux pour faire aboutir des projets et programmes qui contribuent \u00e0 la protection de l\u2019environnement.<\/p>\n<p>Afin de permettre au pays de mieux se pr\u00e9parer pour la mobilisation des financements dans le cadre du Fonds Vert Climat, le Gouvernement a sollicit\u00e9 et obtenu des financements dans le cadre l\u2019aide \u00e0 la pr\u00e9paration des projets du programme Readiness du Fonds Vert Climat. Le premier projet d\u00e9velopp\u00e9 avec le concours du Programme des Nations Unies pour le D\u00e9veloppement (PNUD) vise \u00e0 i) renforcer la capacit\u00e9 de l\u2019Autorit\u00e9 Nationale D\u00e9sign\u00e9e (AND) du Fonds Vert Climat et ii) cr\u00e9er un cadre d\u2019engagement strat\u00e9gique et de mobilisation des partenaires pour la promotion des actions visant la lutte contre les effets du Changement climatique. Le second projet, objet de cet atelier a \u00e9t\u00e9 soumis avec le soutien de la COMIFAC et vise \u00e0 (i) Renforcer les capacit\u00e9s de l\u2019Autorit\u00e9 Nationale D\u00e9sign\u00e9e (AND) du FVC, Coordination Nationale Climat et d\u2019autre parties prenantes en mobilisation des financements de l\u2019action climatique \u00e0 travers le renforcement de leur capacit\u00e9 et gestion financi\u00e8re dans le domaine des changements climatiques&nbsp;; (ii) Assurer une meilleure compr\u00e9hension des risques climatiques et des processus d\u2019identification des options optimales d\u2019att\u00e9nuation et d\u2019adaptation&nbsp;; (iii) Appuyer la Coordination au niveau nationale et renforcer la participation et la transparence dans le processus de prise de d\u00e9cision&nbsp;; (iv) Appuyer la formulation et les investissements plus efficaces et plus rentables gr\u00e2ce \u00e0 l\u2019alignement avec leurs objectifs de d\u00e9veloppement.<\/p>\n<p>Ce second projet de Readiness qui est presque \u00e0 son terme a n\u00e9cessit\u00e9 la mobilisation de deux consultants internationaux et deux consultants nationaux qui ont, chacun selon leurs termes de r\u00e9f\u00e9rences contribu\u00e9s \u00e0 sa mise en \u0153uvre. Vu les enjeux et les d\u00e9fis importants \u00e0 relever en mati\u00e8re de mobilisation des finances climatiques dont la R\u00e9publique centrafricaine fait face, Il s\u2019averait important d\u2019examiner les r\u00e9sultats obtenus et de voir s\u2019il y a lieu de tirer les le\u00e7ons sur ce qui a \u00e9t\u00e9 produit comme r\u00e9sultats.<\/p>\n<p>L\u2019atelier a \u00e9t\u00e9 organis\u00e9e par la Commision des For\u00eats d\u2019Afriqe Centrale avec les aux appuis du Gouvernement Centrafricain, du Fonds Vert Climat, Programme des Nations Unies pour l\u2019Environnement.<\/p>\n<p>Pour d\u2019amples informations, bien vouloir contacter <a href=\"mailto:ndjatsana2005@gmail.com\">ndjatsana2005@gmail.com<\/a><\/p>\n","protected":false},"excerpt":{"rendered":"<p>Boali- R\u00e9publique centrafricaine, 17-18 mars 2020- l\u2019atelier de pr\u00e9sentation des r\u00e9sultats du projet de partage d\u2019exp\u00e9rience s\u2019est&hellip;<\/p>\n","protected":false},"author":5,"featured_media":8084,"comment_status":"open","ping_status":"open","sticky":false,"template":"","format":"standard","meta":{"give_campaign_id":0,"rs_blank_template":"","rs_page_bg_color":"","slide_template_v7":"","_jetpack_newsletter_access":"","_jetpack_dont_email_post_to_subs":false,"_jetpack_newsletter_tier_id":0,"_jetpack_memberships_contains_paywalled_content":false,"_jetpack_feature_clip_id":0,"_jetpack_memberships_contains_paid_content":false,"footnotes":"","jetpack_post_was_ever_published":false},"categories":[117],"tags":[],"class_list":["post-8085","post","type-post","status-publish","format-standard","has-post-thumbnail","hentry","category-actualites"],"jetpack_sharing_enabled":true,"jetpack_featured_media_url":"https:\/\/comifac.org\/wp-content\/uploads\/2020\/04\/IMG_1992_opt.jpg","_links":{"self":[{"href":"https:\/\/comifac.org\/index.php?rest_route=\/wp\/v2\/posts\/8085","targetHints":{"allow":["GET"]}}],"collection":[{"href":"https:\/\/comifac.org\/index.php?rest_route=\/wp\/v2\/posts"}],"about":[{"href":"https:\/\/comifac.org\/index.php?rest_route=\/wp\/v2\/types\/post"}],"author":[{"embeddable":true,"href":"https:\/\/comifac.org\/index.php?rest_route=\/wp\/v2\/users\/5"}],"replies":[{"embeddable":true,"href":"https:\/\/comifac.org\/index.php?rest_route=%2Fwp%2Fv2%2Fcomments&post=8085"}],"version-history":[{"count":0,"href":"https:\/\/comifac.org\/index.php?rest_route=\/wp\/v2\/posts\/8085\/revisions"}],"wp:featuredmedia":[{"embeddable":true,"href":"https:\/\/comifac.org\/index.php?rest_route=\/wp\/v2\/media\/8084"}],"wp:attachment":[{"href":"https:\/\/comifac.org\/index.php?rest_route=%2Fwp%2Fv2%2Fmedia&parent=8085"}],"wp:term":[{"taxonomy":"category","embeddable":true,"href":"https:\/\/comifac.org\/index.php?rest_route=%2Fwp%2Fv2%2Fcategories&post=8085"},{"taxonomy":"post_tag","embeddable":true,"href":"https:\/\/comifac.org\/index.php?rest_route=%2Fwp%2Fv2%2Ftags&post=8085"}],"curies":[{"name":"wp","href":"https:\/\/api.w.org\/{rel}","templated":true}]}}