{"id":8110,"date":"2020-05-29T16:44:36","date_gmt":"2020-05-29T16:44:36","guid":{"rendered":"https:\/\/comifac.org\/le-rwanda-bon-eleve-de-l-accord-de-paris-sur-le-climat\/"},"modified":"2020-05-29T16:44:36","modified_gmt":"2020-05-29T16:44:36","slug":"le-rwanda-bon-eleve-de-l-accord-de-paris-sur-le-climat","status":"publish","type":"post","link":"https:\/\/comifac.org\/?p=8110","title":{"rendered":"Le Rwanda, bon \u00e9l\u00e8ve de l\u2019Accord de Paris sur le climat"},"content":{"rendered":"<p><img fetchpriority=\"high\" decoding=\"async\" class=\" size-full wp-image-8109\" src=\"https:\/\/comifac.org\/wp-content\/uploads\/2020\/05\/504600.ori.jpg\" alt=\"\" width=\"736\" height=\"489\" srcset=\"https:\/\/comifac.org\/wp-content\/uploads\/2020\/05\/504600.ori.jpg 736w, https:\/\/comifac.org\/wp-content\/uploads\/2020\/05\/504600.ori-600x399.jpg 600w, https:\/\/comifac.org\/wp-content\/uploads\/2020\/05\/504600.ori-400x266.jpg 400w, https:\/\/comifac.org\/wp-content\/uploads\/2020\/05\/504600.ori-370x246.jpg 370w, https:\/\/comifac.org\/wp-content\/uploads\/2020\/05\/504600.ori-387x257.jpg 387w, https:\/\/comifac.org\/wp-content\/uploads\/2020\/05\/504600.ori-500x332.jpg 500w\" sizes=\"(max-width: 736px) 100vw, 736px\" \/><\/p>\n<p class=\"article__paragraph \">Le Rwanda vient de joindre le geste \u00e0 la parole en d\u00e9posant sa deuxi\u00e8me \u00ab&nbsp;contribution nationale&nbsp;\u00bb \u00e0 l\u2019Accord de Paris aupr\u00e8s de la Convention cadre des Nations unies sur le climat.<\/p>\n<p>  <!--more-->  <\/p>\n<p class=\"article__paragraph \">&nbsp;<\/p>\n<p class=\"article__paragraph \">Fin avril, \u00e0 l\u2019occasion du Dialogue de Petersberg qui r\u00e9unit depuis onze ans des politiques de haut rang autour de la chanceli\u00e8re allemande Angela Merkel pour faire avancer l\u2019agenda climatique, la ministre de l\u2019environnement, Jeanne d\u2019Arc Mujawamariya, avait invit\u00e9 \u00e0 <em>\u00ab&nbsp;r\u00e9sister \u00e0 la tentation de revenir vers les \u00e9nergies polluantes pour cr\u00e9er des emplois&nbsp;\u00bb,<\/em> au moment o\u00f9 l\u2019\u00e9pid\u00e9mie de coronavirus \u00e9branle l\u2019\u00e9conomie mondiale.<\/p>\n<p class=\"article__paragraph \">Ce pays enclav\u00e9 d\u2019Afrique centrale est ainsi le premier du continent africain \u00e0 remplir cette obligation fix\u00e9e en&nbsp;2015 aux 190 signataires. Faute d\u2019engagements suffisants pour limiter la hausse moyenne des temp\u00e9ratures mondiales \u00e0 2&nbsp;\u00b0C voire 1,5&nbsp;\u00b0C comme y exhortent les climatologues, il avait \u00e9t\u00e9 convenu que les gouvernements revoient leur copie au plus tard en&nbsp;2020, ann\u00e9e de l\u2019entr\u00e9e en vigueur de l\u2019Accord de Paris.<\/p>\n<p>Lire l&rsquo;article original: <a href=\"https:\/\/www.lemonde.fr\/afrique\/article\/2020\/05\/27\/le-rwanda-bon-eleve-de-l-accord-de-paris-sur-le-climat_6040930_3212.html\">https:\/\/www.lemonde.fr\/afrique\/article\/2020\/05\/27\/le-rwanda-bon-eleve-de-l-accord-de-paris-sur-le-climat_6040930_3212.html<\/a><\/p>\n<p>&nbsp;<\/p>\n","protected":false},"excerpt":{"rendered":"<p>Le Rwanda vient de joindre le geste \u00e0 la parole en d\u00e9posant sa deuxi\u00e8me \u00ab&nbsp;contribution nationale&nbsp;\u00bb \u00e0&hellip;<\/p>\n","protected":false},"author":5,"featured_media":8109,"comment_status":"open","ping_status":"open","sticky":false,"template":"","format":"standard","meta":{"give_campaign_id":0,"rs_blank_template":"","rs_page_bg_color":"","slide_template_v7":"","_jetpack_newsletter_access":"","_jetpack_dont_email_post_to_subs":false,"_jetpack_newsletter_tier_id":0,"_jetpack_memberships_contains_paywalled_content":false,"_jetpack_feature_clip_id":0,"_jetpack_memberships_contains_paid_content":false,"footnotes":"","jetpack_post_was_ever_published":false},"categories":[117],"tags":[272],"class_list":["post-8110","post","type-post","status-publish","format-standard","has-post-thumbnail","hentry","category-actualites","tag-rwanda"],"jetpack_sharing_enabled":true,"jetpack_featured_media_url":"https:\/\/comifac.org\/wp-content\/uploads\/2020\/05\/504600.ori.jpg","_links":{"self":[{"href":"https:\/\/comifac.org\/index.php?rest_route=\/wp\/v2\/posts\/8110","targetHints":{"allow":["GET"]}}],"collection":[{"href":"https:\/\/comifac.org\/index.php?rest_route=\/wp\/v2\/posts"}],"about":[{"href":"https:\/\/comifac.org\/index.php?rest_route=\/wp\/v2\/types\/post"}],"author":[{"embeddable":true,"href":"https:\/\/comifac.org\/index.php?rest_route=\/wp\/v2\/users\/5"}],"replies":[{"embeddable":true,"href":"https:\/\/comifac.org\/index.php?rest_route=%2Fwp%2Fv2%2Fcomments&post=8110"}],"version-history":[{"count":0,"href":"https:\/\/comifac.org\/index.php?rest_route=\/wp\/v2\/posts\/8110\/revisions"}],"wp:featuredmedia":[{"embeddable":true,"href":"https:\/\/comifac.org\/index.php?rest_route=\/wp\/v2\/media\/8109"}],"wp:attachment":[{"href":"https:\/\/comifac.org\/index.php?rest_route=%2Fwp%2Fv2%2Fmedia&parent=8110"}],"wp:term":[{"taxonomy":"category","embeddable":true,"href":"https:\/\/comifac.org\/index.php?rest_route=%2Fwp%2Fv2%2Fcategories&post=8110"},{"taxonomy":"post_tag","embeddable":true,"href":"https:\/\/comifac.org\/index.php?rest_route=%2Fwp%2Fv2%2Ftags&post=8110"}],"curies":[{"name":"wp","href":"https:\/\/api.w.org\/{rel}","templated":true}]}}