{"id":8154,"date":"2020-07-03T07:51:24","date_gmt":"2020-07-03T07:51:24","guid":{"rendered":"https:\/\/comifac.org\/processus-etat-des-aires-protegees-2020-acte-ii\/"},"modified":"2020-07-03T07:51:24","modified_gmt":"2020-07-03T07:51:24","slug":"processus-etat-des-aires-protegees-2020-acte-ii","status":"publish","type":"post","link":"https:\/\/comifac.org\/?p=8154","title":{"rendered":"Processus Etat des aires prot\u00e9g\u00e9es 2020 acte II"},"content":{"rendered":"<p><img fetchpriority=\"high\" decoding=\"async\" class=\" size-full wp-image-7882\" src=\"https:\/\/comifac.org\/wp-content\/uploads\/2019\/07\/thumbnail.jpg\" alt=\"\" width=\"992\" height=\"744\" \/><\/p>\n<p>La deuxi\u00e8me session du Comit\u00e9 \u00e9ditorial s\u2019est tenue du 16 au 19 juin en pr\u00e9sentiel et on-line avec une interaction des diff\u00e9rents auteurs des 9 chapitres. L\u2019objectif principal \u00e9tait d\u2019\u00e9valuer le niveau de prise en compte des observations et des r\u00e9-orientations dans la r\u00e9daction des divers contenus. Le processus est en bonne voie compte tenu de la disponibilit\u00e9 de la moiti\u00e9 des chapitres respectant la ligne \u00e9ditoriale. La prochaine \u00e9tape consiste \u00e0 la mobilisation de relecteurs pour les chapitres introductifs et la consolidation des 2 sections th\u00e9matiques de l\u2019ouvrage.<\/p>\n","protected":false},"excerpt":{"rendered":"<p>La deuxi\u00e8me session du Comit\u00e9 \u00e9ditorial s\u2019est tenue du 16 au 19 juin en pr\u00e9sentiel et on-line&hellip;<\/p>\n","protected":false},"author":5,"featured_media":7882,"comment_status":"open","ping_status":"open","sticky":false,"template":"","format":"standard","meta":{"give_campaign_id":0,"rs_blank_template":"","rs_page_bg_color":"","slide_template_v7":"","_jetpack_newsletter_access":"","_jetpack_dont_email_post_to_subs":false,"_jetpack_newsletter_tier_id":0,"_jetpack_memberships_contains_paywalled_content":false,"_jetpack_feature_clip_id":0,"_jetpack_memberships_contains_paid_content":false,"footnotes":"","jetpack_post_was_ever_published":false},"categories":[117],"tags":[],"class_list":["post-8154","post","type-post","status-publish","format-standard","has-post-thumbnail","hentry","category-actualites"],"jetpack_sharing_enabled":true,"jetpack_featured_media_url":"https:\/\/comifac.org\/wp-content\/uploads\/2019\/07\/thumbnail.jpg","_links":{"self":[{"href":"https:\/\/comifac.org\/index.php?rest_route=\/wp\/v2\/posts\/8154","targetHints":{"allow":["GET"]}}],"collection":[{"href":"https:\/\/comifac.org\/index.php?rest_route=\/wp\/v2\/posts"}],"about":[{"href":"https:\/\/comifac.org\/index.php?rest_route=\/wp\/v2\/types\/post"}],"author":[{"embeddable":true,"href":"https:\/\/comifac.org\/index.php?rest_route=\/wp\/v2\/users\/5"}],"replies":[{"embeddable":true,"href":"https:\/\/comifac.org\/index.php?rest_route=%2Fwp%2Fv2%2Fcomments&post=8154"}],"version-history":[{"count":0,"href":"https:\/\/comifac.org\/index.php?rest_route=\/wp\/v2\/posts\/8154\/revisions"}],"wp:featuredmedia":[{"embeddable":true,"href":"https:\/\/comifac.org\/index.php?rest_route=\/wp\/v2\/media\/7882"}],"wp:attachment":[{"href":"https:\/\/comifac.org\/index.php?rest_route=%2Fwp%2Fv2%2Fmedia&parent=8154"}],"wp:term":[{"taxonomy":"category","embeddable":true,"href":"https:\/\/comifac.org\/index.php?rest_route=%2Fwp%2Fv2%2Fcategories&post=8154"},{"taxonomy":"post_tag","embeddable":true,"href":"https:\/\/comifac.org\/index.php?rest_route=%2Fwp%2Fv2%2Ftags&post=8154"}],"curies":[{"name":"wp","href":"https:\/\/api.w.org\/{rel}","templated":true}]}}