{"id":8181,"date":"2020-07-20T12:18:00","date_gmt":"2020-07-20T12:18:00","guid":{"rendered":"https:\/\/comifac.org\/reconstruire-vert-en-afrique-undp\/"},"modified":"2020-07-20T12:18:00","modified_gmt":"2020-07-20T12:18:00","slug":"reconstruire-vert-en-afrique-undp","status":"publish","type":"post","link":"https:\/\/comifac.org\/?p=8181","title":{"rendered":"Reconstruire &lsquo;vert&rsquo; en Afrique \u2013 UNDP"},"content":{"rendered":"<p style=\"text-align: justify;\">La COVID-19 continue sa course \u00e0 travers le continent africain, mena\u00e7ant&nbsp; des ann\u00e9es de d\u00e9veloppement. Des milliers de personnes meurent et d&rsquo;autres sont pouss\u00e9es dans la faim et la pauvret\u00e9.<\/p>\n<p>  <!--more-->  <\/p>\n<p style=\"text-align: justify;\">&nbsp;<\/p>\n<p style=\"text-align: justify;\">Les chiffres sont stup\u00e9fiants : on compte au moins 400 000 cas confirm\u00e9s et, selon l&rsquo;Organisation mondiale de la sant\u00e9 (OMS), l&rsquo;\u00e9pid\u00e9mie s&rsquo;acc\u00e9l\u00e8re sur tout le continent.<\/p>\n<p style=\"text-align: justify;\">\u00c0 cela s&rsquo;ajoutent les risques de faim et de pauvret\u00e9. Sur le continent, trois personnes sur quatre souffrent d&rsquo;ins\u00e9curit\u00e9 alimentaire. Plus de 320 millions de personnes n&rsquo;ont pas acc\u00e8s \u00e0 une eau potable g\u00e9r\u00e9e de mani\u00e8re s\u00fbre, et plus de la moiti\u00e9 de la population n&rsquo;a acc\u00e8s \u00e0 aucun syst\u00e8me d&rsquo;assainissement.<\/p>\n<p style=\"text-align: justify;\">Mais des risques bien plus importants se profilent \u00e0 l&rsquo;horizon pour les populations africaines.<\/p>\n<p style=\"text-align: justify;\">Si rien n&rsquo;est fait, le changement climatique, la destruction de l&rsquo;environnement, l&rsquo;\u00e9l\u00e9vation du niveau des mers, les s\u00e9cheresses, les inondations et d&rsquo;autres risques environnementaux pourraient d\u00e9clencher des migrations massives, aggraver les conflits et perturber, voire inverser, une d\u00e9cennie de croissance \u00e9conomique.<\/p>\n<p style=\"text-align: justify;\">\u00ab Il est imp\u00e9ratif que les plans de relance post-COVID-19 int\u00e8grent les impacts climatiques \u00e0 court et long terme et d\u00e9bloquent des solutions technologiques et financi\u00e8res appropri\u00e9es, pour une reprise \u00e9conomique solide et une meilleure r\u00e9silience pour le bien-\u00eatre des populations et des \u00e9cosyst\u00e8mes \u00bb, a d\u00e9clar\u00e9 l&rsquo;ambassadeur Seyni Nafo, coordinateur de l&rsquo;Initiative d&rsquo;adaptation en Afrique (IAA).<\/p>\n<p style=\"text-align: justify;\">Bien que le soutien international soit n\u00e9cessaire et qu&rsquo;il soit programm\u00e9 et reprogramm\u00e9 dans l&rsquo;ensemble du syst\u00e8me des Nations unies &#8211; le PNUD dirigeant la reprise socio-\u00e9conomique mondiale &#8211; les efforts de reconstruction viendront principalement de l&rsquo;ing\u00e9niosit\u00e9 africaine, de la r\u00e9silience africaine, des institutions africaines et des dirigeants africains.<\/p>\n<p style=\"text-align: justify;\"><strong>L&rsquo;Afrique en premi\u00e8re ligne<\/strong><\/p>\n<p style=\"text-align: justify;\">Les esprits africains se mobilisent pour cr\u00e9er des solutions. Un exemple notable est l&rsquo;achat et le d\u00e9ploiement de robots anti \u00e9pid\u00e9miques intelligents pour lutter contre COVID-19 au Rwanda. D&rsquo;autres exemples comprennent l&rsquo;utilisation de la technologie de la cha\u00eene de blocs pour r\u00e9compenser en ligne les efforts de r\u00e9duction de COVID-19 en Afrique du Sud et une initiative &lsquo;solaire pour la sant\u00e9&rsquo;.<\/p>\n<p>Pour d&rsquo;amples informations:<a href=\"https:\/\/www.undp.org\/content\/undp\/fr\/home\/blog\/2020\/building-back-greener-in-africa.html\">https:\/\/www.undp.org\/content\/undp\/fr\/home\/blog\/2020\/building-back-greener-in-africa.html<\/a><\/p>\n","protected":false},"excerpt":{"rendered":"<p>La COVID-19 continue sa course \u00e0 travers le continent africain, mena\u00e7ant&nbsp; des ann\u00e9es de d\u00e9veloppement. Des milliers&hellip;<\/p>\n","protected":false},"author":5,"featured_media":8180,"comment_status":"open","ping_status":"open","sticky":false,"template":"","format":"standard","meta":{"give_campaign_id":0,"rs_blank_template":"","rs_page_bg_color":"","slide_template_v7":"","_jetpack_newsletter_access":"","_jetpack_dont_email_post_to_subs":false,"_jetpack_newsletter_tier_id":0,"_jetpack_memberships_contains_paywalled_content":false,"_jetpack_feature_clip_id":0,"_jetpack_memberships_contains_paid_content":false,"footnotes":"","jetpack_post_was_ever_published":false},"categories":[117],"tags":[],"class_list":["post-8181","post","type-post","status-publish","format-standard","has-post-thumbnail","hentry","category-actualites"],"jetpack_sharing_enabled":true,"jetpack_featured_media_url":"https:\/\/comifac.org\/wp-content\/uploads\/2020\/07\/cq5dam.web.1280.1280.jpeg","_links":{"self":[{"href":"https:\/\/comifac.org\/index.php?rest_route=\/wp\/v2\/posts\/8181","targetHints":{"allow":["GET"]}}],"collection":[{"href":"https:\/\/comifac.org\/index.php?rest_route=\/wp\/v2\/posts"}],"about":[{"href":"https:\/\/comifac.org\/index.php?rest_route=\/wp\/v2\/types\/post"}],"author":[{"embeddable":true,"href":"https:\/\/comifac.org\/index.php?rest_route=\/wp\/v2\/users\/5"}],"replies":[{"embeddable":true,"href":"https:\/\/comifac.org\/index.php?rest_route=%2Fwp%2Fv2%2Fcomments&post=8181"}],"version-history":[{"count":0,"href":"https:\/\/comifac.org\/index.php?rest_route=\/wp\/v2\/posts\/8181\/revisions"}],"wp:featuredmedia":[{"embeddable":true,"href":"https:\/\/comifac.org\/index.php?rest_route=\/wp\/v2\/media\/8180"}],"wp:attachment":[{"href":"https:\/\/comifac.org\/index.php?rest_route=%2Fwp%2Fv2%2Fmedia&parent=8181"}],"wp:term":[{"taxonomy":"category","embeddable":true,"href":"https:\/\/comifac.org\/index.php?rest_route=%2Fwp%2Fv2%2Fcategories&post=8181"},{"taxonomy":"post_tag","embeddable":true,"href":"https:\/\/comifac.org\/index.php?rest_route=%2Fwp%2Fv2%2Ftags&post=8181"}],"curies":[{"name":"wp","href":"https:\/\/api.w.org\/{rel}","templated":true}]}}