{"id":8203,"date":"2020-07-24T13:37:58","date_gmt":"2020-07-24T13:37:58","guid":{"rendered":"https:\/\/comifac.org\/rdc-l-artiste-musicien-werrason-annonce-son-engagement-dans-la-sensibilisation-des-masses-et-le-reboisement\/"},"modified":"2020-07-24T13:37:58","modified_gmt":"2020-07-24T13:37:58","slug":"rdc-l-artiste-musicien-werrason-annonce-son-engagement-dans-la-sensibilisation-des-masses-et-le-reboisement","status":"publish","type":"post","link":"https:\/\/comifac.org\/?p=8203","title":{"rendered":"RDC: L\u2019artiste musicien Werrason annonce son engagement dans la sensibilisation des masses et le reboisement"},"content":{"rendered":"<p>Kinshasa, R\u00e9publique D\u00e9mocratique du Congo, 23 juillet 2020- L&rsquo;artiste Musicien congolais Noel Ngiama Makanda dit Werrason annonce son engagement dans la sensibilisation des masses \u00e0 la preservation de l&rsquo;environnement. Il a fait cette annonce apr\u00e8s avoir rencontr\u00e9 ce jeudi \u00e0 Kinshasa, le Ministre de l&rsquo;Environnement et D\u00e9veloppement Durable, Claude Nyamugabo.<\/p>\n<p>  <!--more-->  <\/p>\n<p>&nbsp;<\/p>\n<p>Pour le patron de l\u2019orchestre Wenge musicale Maison m\u00e8re, il est important que les congolais apprennent \u00e0 respecter l\u2019environnement et poser des actes utiles pour sa pr\u00e9servation. Le pr\u00e9sident de la fondation qui porte son (Fondation Werrason) entend se lancer dans le reboisement dans un avenir proche.<\/p>\n<p>\u201c M<i>a pr\u00e9sence au Minist\u00e8re de l\u2019Environnement et D\u00e9veloppement durable est de venir aupr\u00e8s du ministre pour lui pr\u00e9senter un projet qui me tiens \u00e0 coeur. Ce projet consiste \u00e0 planter les arbres. Nous voulons marquer notre implication au programme cher du chef de l\u2019Etat qui vise \u00e0 planter 1 milliards arbres<\/i>\u201d, a rapport\u00e9 Werrason.<\/p>\n<p>Il a par ailleurs \u00e9mis le voeux de joindre les efforts de sa fondation \u00e0 ceux du ministre pour promouvoir l\u2019emploi des jeunes.&nbsp;\u201c<i>Je suis un leader d\u2019opinion, nous voulons inculquer aux enfants des valeurs de l\u2019arbre d\u00e8s le bas \u00e2ge. C\u2019est un projet qui va toucher les provinces du Kongo central, Kwuilu et kinshasa. C\u2019est une fa\u00e7on pour nous de cr\u00e9er des emplois pour les <span class=\"Apple-converted-space\"><\/span>jeunes et les occuper au lieu de les laisser passer du temps \u00e0 ne rien faire<\/i>\u201d, a-t-il rajout\u00e9.<\/p>\n<p>Pour l\u2019artiste congolais denomm\u00e9 le roi de la foret, il est temps de reboiser la for\u00eat qui selon lui est le symbole de son succ\u00e8s et de sa personnalit\u00e9. Ngiama Makanda estime qu\u2019il doit beaucoup \u00e0 la for\u00eat en sa qualit\u00e9 du roi de la for\u00eat.<\/p>\n","protected":false},"excerpt":{"rendered":"<p>Kinshasa, R\u00e9publique D\u00e9mocratique du Congo, 23 juillet 2020- L&rsquo;artiste Musicien congolais Noel Ngiama Makanda dit Werrason annonce&hellip;<\/p>\n","protected":false},"author":5,"featured_media":8202,"comment_status":"open","ping_status":"open","sticky":false,"template":"","format":"standard","meta":{"give_campaign_id":0,"rs_blank_template":"","rs_page_bg_color":"","slide_template_v7":"","_jetpack_newsletter_access":"","_jetpack_dont_email_post_to_subs":false,"_jetpack_newsletter_tier_id":0,"_jetpack_memberships_contains_paywalled_content":false,"_jetpack_feature_clip_id":0,"_jetpack_memberships_contains_paid_content":false,"footnotes":"","jetpack_post_was_ever_published":false},"categories":[117],"tags":[],"class_list":["post-8203","post","type-post","status-publish","format-standard","has-post-thumbnail","hentry","category-actualites"],"jetpack_sharing_enabled":true,"jetpack_featured_media_url":"https:\/\/comifac.org\/wp-content\/uploads\/2020\/07\/Ngiama-Makanda-750x500.jpg","_links":{"self":[{"href":"https:\/\/comifac.org\/index.php?rest_route=\/wp\/v2\/posts\/8203","targetHints":{"allow":["GET"]}}],"collection":[{"href":"https:\/\/comifac.org\/index.php?rest_route=\/wp\/v2\/posts"}],"about":[{"href":"https:\/\/comifac.org\/index.php?rest_route=\/wp\/v2\/types\/post"}],"author":[{"embeddable":true,"href":"https:\/\/comifac.org\/index.php?rest_route=\/wp\/v2\/users\/5"}],"replies":[{"embeddable":true,"href":"https:\/\/comifac.org\/index.php?rest_route=%2Fwp%2Fv2%2Fcomments&post=8203"}],"version-history":[{"count":0,"href":"https:\/\/comifac.org\/index.php?rest_route=\/wp\/v2\/posts\/8203\/revisions"}],"wp:featuredmedia":[{"embeddable":true,"href":"https:\/\/comifac.org\/index.php?rest_route=\/wp\/v2\/media\/8202"}],"wp:attachment":[{"href":"https:\/\/comifac.org\/index.php?rest_route=%2Fwp%2Fv2%2Fmedia&parent=8203"}],"wp:term":[{"taxonomy":"category","embeddable":true,"href":"https:\/\/comifac.org\/index.php?rest_route=%2Fwp%2Fv2%2Fcategories&post=8203"},{"taxonomy":"post_tag","embeddable":true,"href":"https:\/\/comifac.org\/index.php?rest_route=%2Fwp%2Fv2%2Ftags&post=8203"}],"curies":[{"name":"wp","href":"https:\/\/api.w.org\/{rel}","templated":true}]}}