{"id":8229,"date":"2020-08-14T15:21:14","date_gmt":"2020-08-14T15:21:14","guid":{"rendered":"https:\/\/comifac.org\/session-extraordinairees-ministres-en-charge-de-l-environnement-et-des-forets-des-pays-membres-de-la-comifac\/"},"modified":"2020-08-14T15:21:14","modified_gmt":"2020-08-14T15:21:14","slug":"session-extraordinairees-ministres-en-charge-de-l-environnement-et-des-forets-des-pays-membres-de-la-comifac","status":"publish","type":"post","link":"https:\/\/comifac.org\/?p=8229","title":{"rendered":"Session extraordinaire des Ministres en charge de l\u2019Environnement et des For\u00eats des pays membres de la COMIFAC"},"content":{"rendered":"<p>Sur convocation du Pr\u00e9sident en exercice de la Commission des For\u00eats d\u2019Afrique Centrale (COMIFAC) le Ministre camerounais des for\u00eats et de la faune Monsieur Jules Doret Ndongo, une session extraordinaire des Ministres en charge de l\u2019Environnement et des For\u00eats des pays membres de la COMIFAC se tiendra par visioconf\u00e9rence le 21 ao\u00fbt 2020. Elle sera pr\u00e9c\u00e9d\u00e9e le 20 ao\u00fbt par la r\u00e9union des experts. Deux principaux points sont inscrits \u00e0 l\u2019ordre du jour&nbsp;\u00e0 savoir, le mandat du personnel statutaire et le recrutement d\u2019Experts permanents de la Cat\u00e9gorique technique du Secr\u00e9tariat Ex\u00e9cutif.<\/p>\n","protected":false},"excerpt":{"rendered":"<p>Sur convocation du Pr\u00e9sident en exercice de la Commission des For\u00eats d\u2019Afrique Centrale (COMIFAC) le Ministre camerounais&hellip;<\/p>\n","protected":false},"author":5,"featured_media":8227,"comment_status":"open","ping_status":"open","sticky":false,"template":"","format":"standard","meta":{"give_campaign_id":0,"rs_blank_template":"","rs_page_bg_color":"","slide_template_v7":"","_jetpack_newsletter_access":"","_jetpack_dont_email_post_to_subs":false,"_jetpack_newsletter_tier_id":0,"_jetpack_memberships_contains_paywalled_content":false,"_jetpack_feature_clip_id":0,"_jetpack_memberships_contains_paid_content":false,"footnotes":"","jetpack_post_was_ever_published":false},"categories":[117],"tags":[],"class_list":["post-8229","post","type-post","status-publish","format-standard","has-post-thumbnail","hentry","category-actualites"],"jetpack_sharing_enabled":true,"jetpack_featured_media_url":"https:\/\/comifac.org\/wp-content\/uploads\/2020\/08\/Logo_COMIFAC.png","_links":{"self":[{"href":"https:\/\/comifac.org\/index.php?rest_route=\/wp\/v2\/posts\/8229","targetHints":{"allow":["GET"]}}],"collection":[{"href":"https:\/\/comifac.org\/index.php?rest_route=\/wp\/v2\/posts"}],"about":[{"href":"https:\/\/comifac.org\/index.php?rest_route=\/wp\/v2\/types\/post"}],"author":[{"embeddable":true,"href":"https:\/\/comifac.org\/index.php?rest_route=\/wp\/v2\/users\/5"}],"replies":[{"embeddable":true,"href":"https:\/\/comifac.org\/index.php?rest_route=%2Fwp%2Fv2%2Fcomments&post=8229"}],"version-history":[{"count":0,"href":"https:\/\/comifac.org\/index.php?rest_route=\/wp\/v2\/posts\/8229\/revisions"}],"wp:featuredmedia":[{"embeddable":true,"href":"https:\/\/comifac.org\/index.php?rest_route=\/wp\/v2\/media\/8227"}],"wp:attachment":[{"href":"https:\/\/comifac.org\/index.php?rest_route=%2Fwp%2Fv2%2Fmedia&parent=8229"}],"wp:term":[{"taxonomy":"category","embeddable":true,"href":"https:\/\/comifac.org\/index.php?rest_route=%2Fwp%2Fv2%2Fcategories&post=8229"},{"taxonomy":"post_tag","embeddable":true,"href":"https:\/\/comifac.org\/index.php?rest_route=%2Fwp%2Fv2%2Ftags&post=8229"}],"curies":[{"name":"wp","href":"https:\/\/api.w.org\/{rel}","templated":true}]}}