{"id":8262,"date":"2020-09-30T14:11:26","date_gmt":"2020-09-30T14:11:26","guid":{"rendered":"https:\/\/comifac.org\/charte-portant-creation-de-l-alliance-pour-la-preservation-des-forets-tropicales-delegfrance\/"},"modified":"2020-09-30T14:11:26","modified_gmt":"2020-09-30T14:11:26","slug":"charte-portant-creation-de-l-alliance-pour-la-preservation-des-forets-tropicales-delegfrance","status":"publish","type":"post","link":"https:\/\/comifac.org\/?p=8262","title":{"rendered":"Charte portant cr\u00e9ation de l\u2019Alliance pour la pr\u00e9servation des for\u00eats tropicales \u2013 Delegfrance"},"content":{"rendered":"<p><em>Au terme d\u2019un processus de n\u00e9gociation engag\u00e9 lors du sommet de Biarritz du G7 puis lors de l\u2019Assembl\u00e9e g\u00e9n\u00e9rale des Nations unies et anim\u00e9 par notre pays, la France et ses partenaires, pays forestiers de l\u2019Amazonie, du bassin du Congo et d\u2019Asie du Sud-Est, et des pays bailleurs europ\u00e9ens, se sont mis d\u2019accord sur le texte d\u2019une Charte portant cr\u00e9ation de l\u2019Alliance pour la pr\u00e9servation des for\u00eats tropicales.<\/em><\/p>\n<p>Bien vouloir t\u00e9l\u00e9charger le document ci-dessous:<\/p>\n<p><em> <a href=\"https:\/\/pfbc-cbfp.org\/files\/docs\/news\/9-%202020\/alliance_forets_tropicales_-_charte_cle09ea9f.pdf\" target=\"_blank\" rel=\"noopener\">Charte portant cr\u00e9ation de l\u2019Alliance pour la pr\u00e9servation des for\u00eats tropicales<\/a>.<\/em><\/p>\n","protected":false},"excerpt":{"rendered":"<p>Au terme d\u2019un processus de n\u00e9gociation engag\u00e9 lors du sommet de Biarritz du G7 puis lors de&hellip;<\/p>\n","protected":false},"author":5,"featured_media":0,"comment_status":"open","ping_status":"open","sticky":false,"template":"","format":"standard","meta":{"give_campaign_id":0,"rs_blank_template":"","rs_page_bg_color":"","slide_template_v7":"","_jetpack_newsletter_access":"","_jetpack_dont_email_post_to_subs":false,"_jetpack_newsletter_tier_id":0,"_jetpack_memberships_contains_paywalled_content":false,"_jetpack_feature_clip_id":0,"_jetpack_memberships_contains_paid_content":false,"footnotes":"","jetpack_post_was_ever_published":false},"categories":[117],"tags":[],"class_list":["post-8262","post","type-post","status-publish","format-standard","hentry","category-actualites"],"jetpack_sharing_enabled":true,"jetpack_featured_media_url":"","_links":{"self":[{"href":"https:\/\/comifac.org\/index.php?rest_route=\/wp\/v2\/posts\/8262","targetHints":{"allow":["GET"]}}],"collection":[{"href":"https:\/\/comifac.org\/index.php?rest_route=\/wp\/v2\/posts"}],"about":[{"href":"https:\/\/comifac.org\/index.php?rest_route=\/wp\/v2\/types\/post"}],"author":[{"embeddable":true,"href":"https:\/\/comifac.org\/index.php?rest_route=\/wp\/v2\/users\/5"}],"replies":[{"embeddable":true,"href":"https:\/\/comifac.org\/index.php?rest_route=%2Fwp%2Fv2%2Fcomments&post=8262"}],"version-history":[{"count":0,"href":"https:\/\/comifac.org\/index.php?rest_route=\/wp\/v2\/posts\/8262\/revisions"}],"wp:attachment":[{"href":"https:\/\/comifac.org\/index.php?rest_route=%2Fwp%2Fv2%2Fmedia&parent=8262"}],"wp:term":[{"taxonomy":"category","embeddable":true,"href":"https:\/\/comifac.org\/index.php?rest_route=%2Fwp%2Fv2%2Fcategories&post=8262"},{"taxonomy":"post_tag","embeddable":true,"href":"https:\/\/comifac.org\/index.php?rest_route=%2Fwp%2Fv2%2Ftags&post=8262"}],"curies":[{"name":"wp","href":"https:\/\/api.w.org\/{rel}","templated":true}]}}