{"id":8276,"date":"2020-10-06T11:53:18","date_gmt":"2020-10-06T11:53:18","guid":{"rendered":"https:\/\/comifac.org\/climat-a-la-75eme-assemblee-generale-de-l-onu-felix-tshisekedi-rappelle-son-voeu-de-planter-1-millard-d-arbres-a-l-horizon-2023-en-rdc\/"},"modified":"2020-10-06T11:53:18","modified_gmt":"2020-10-06T11:53:18","slug":"climat-a-la-75eme-assemblee-generale-de-l-onu-felix-tshisekedi-rappelle-son-voeu-de-planter-1-millard-d-arbres-a-l-horizon-2023-en-rdc","status":"publish","type":"post","link":"https:\/\/comifac.org\/?p=8276","title":{"rendered":"Climat : A la 75\u00e8me assembl\u00e9e g\u00e9n\u00e9rale de l\u2019ONU, F\u00e9lix Tshisekedi rappelle son voeu de planter 1 millard d\u2019arbres \u00e0 l\u2019horizon 2023 en RDC"},"content":{"rendered":"<p><span style=\"font-size: 12pt;\">Dans son discours prononc\u00e9 \u00e0 l\u2019occasion de la 75\u00e8me Assembl\u00e9e g\u00e9n\u00e9rale de l\u2019ONU, le pr\u00e9sident de la R\u00e9publique d\u00e9mocratique du Congo, F\u00e9lix Antoine Tshisekedi s\u2019est montr\u00e9 tr\u00e8s soucieux de l\u2019environnement. Il a relev\u00e9 le fait que le changement climatique constitue une m\u00e9nace pour l\u2019homme et ses droits fondammentaux, particuli\u00e8rement pour les populations vuln\u00e9rables. Pour le Pr\u00e9sident la RDC, les effets du r\u00e9chauffement de la plan\u00e8tte et les d\u00e9r\u00e8glements climatiques qui l\u2019accompagne se font de plus en plus sentir avec acuit\u00e9 dans le monde entier.<\/span><\/p>\n<p>  <!--more-->  <\/p>\n<p><span style=\"font-size: 12pt;\"><\/span><\/p>\n<p><span style=\"font-size: 12pt;\">\u00ab Notre action en faveur du climat et de l\u2019\u00e9conomie verte n\u2019est pas simplement une n\u00e9c\u00e9ssit\u00e9, mais plut\u00f4t une urgence et une obligation pour un avenir pacifique et durable\u00ab , a exhort\u00e9 F\u00e9lix Tshisekedi \u00e0 ses homologues.<\/span><\/p>\n<p><span style=\"font-size: 12pt;\">Il saisi l\u2019occasion pour rappeler que la RDC a pris des engagements fermes et contregnants pour r\u00e9duire ses \u00e9missions de gaz carbonique, en vue d\u2019attenuer les effets du changement climatique.<\/span><\/p>\n<p><span style=\"font-size: 12pt;\">\u00ab Nous sommes d\u00e9termin\u00e9s \u00e0 tout faire pour parvenir \u00e0 la mise en oeuvre de nos engagements, surtout en faveur du climat, entre autres, par la pr\u00e9servation de nos for\u00eats\u00ab , a-t-il pr\u00e9cis\u00e9.<\/span><\/p>\n<p><span style=\"font-size: 12pt;\">Le chef de l\u2019Etat congolais s\u2019est souvenu des engagements prit lors de la 74\u00e8me Assembl\u00e9e g\u00e9n\u00e9rale de nations unies, notamment celui d\u2019instituer en RDC, des jardins scolaires et atteindre plus ou moins un milliard (1.000 000 000) d\u2019arbres plant\u00e9s sur le sol congolais \u00e0 l\u2019horizon 2030.<\/span><\/p>\n<p><span style=\"font-size: 12pt;\">Selon lui, ce programme qui a \u00e9t\u00e9 adopt\u00e9 par son gouvernement d\u00e9bute ses activit\u00e9s au dernier trim\u00e8stre de l\u2019an 2020. Il vise en occurrence \u00e0 r\u00e9aliser un grand chantier communautaire de la restauration \u00e9chologique et \u00e0 fort b\u00e9n\u00e9fice socio-\u00e9conomique, au profit notamment des populations urbaines et rurales.<\/span><\/p>\n<p><span style=\"font-size: 12pt;\">\u00ab Nous attendons que nos partenaires respectent leurs engagements financiers, dans le cadre de la pr\u00e9servation de for\u00eats tropicales, entre autres, celui du Fonds vert pour le climat cr\u00e9\u00e9 en faveur des pays les moins avanc\u00e9s\u00ab , a martel\u00e9 F\u00e9lix Tshisekedi.<\/span><\/p>\n<div class=\"one_article_who\"><span style=\"font-size: 12pt;\"><strong> <br \/>Environews \/ MCP, via mediacongo.net<\/strong><\/span><\/div>\n","protected":false},"excerpt":{"rendered":"<p>Dans son discours prononc\u00e9 \u00e0 l\u2019occasion de la 75\u00e8me Assembl\u00e9e g\u00e9n\u00e9rale de l\u2019ONU, le pr\u00e9sident de la&hellip;<\/p>\n","protected":false},"author":5,"featured_media":8275,"comment_status":"open","ping_status":"open","sticky":false,"template":"","format":"standard","meta":{"give_campaign_id":0,"rs_blank_template":"","rs_page_bg_color":"","slide_template_v7":"","_jetpack_newsletter_access":"","_jetpack_dont_email_post_to_subs":false,"_jetpack_newsletter_tier_id":0,"_jetpack_memberships_contains_paywalled_content":false,"_jetpack_feature_clip_id":0,"_jetpack_memberships_contains_paid_content":false,"footnotes":"","jetpack_post_was_ever_published":false},"categories":[117],"tags":[275],"class_list":["post-8276","post","type-post","status-publish","format-standard","has-post-thumbnail","hentry","category-actualites","tag-republique-democratique-du-congo"],"jetpack_sharing_enabled":true,"jetpack_featured_media_url":"https:\/\/comifac.org\/wp-content\/uploads\/2020\/10\/President_RDC.jpeg","_links":{"self":[{"href":"https:\/\/comifac.org\/index.php?rest_route=\/wp\/v2\/posts\/8276","targetHints":{"allow":["GET"]}}],"collection":[{"href":"https:\/\/comifac.org\/index.php?rest_route=\/wp\/v2\/posts"}],"about":[{"href":"https:\/\/comifac.org\/index.php?rest_route=\/wp\/v2\/types\/post"}],"author":[{"embeddable":true,"href":"https:\/\/comifac.org\/index.php?rest_route=\/wp\/v2\/users\/5"}],"replies":[{"embeddable":true,"href":"https:\/\/comifac.org\/index.php?rest_route=%2Fwp%2Fv2%2Fcomments&post=8276"}],"version-history":[{"count":0,"href":"https:\/\/comifac.org\/index.php?rest_route=\/wp\/v2\/posts\/8276\/revisions"}],"wp:featuredmedia":[{"embeddable":true,"href":"https:\/\/comifac.org\/index.php?rest_route=\/wp\/v2\/media\/8275"}],"wp:attachment":[{"href":"https:\/\/comifac.org\/index.php?rest_route=%2Fwp%2Fv2%2Fmedia&parent=8276"}],"wp:term":[{"taxonomy":"category","embeddable":true,"href":"https:\/\/comifac.org\/index.php?rest_route=%2Fwp%2Fv2%2Fcategories&post=8276"},{"taxonomy":"post_tag","embeddable":true,"href":"https:\/\/comifac.org\/index.php?rest_route=%2Fwp%2Fv2%2Ftags&post=8276"}],"curies":[{"name":"wp","href":"https:\/\/api.w.org\/{rel}","templated":true}]}}