{"id":8278,"date":"2020-10-08T11:39:49","date_gmt":"2020-10-08T11:39:49","guid":{"rendered":"https:\/\/comifac.org\/strategie-sous-regionale-pour-l-integration-du-genre-dans-la-gestion-durable-des-ecosystemes-forestiers-d-afrique-centrale\/"},"modified":"2020-10-08T11:39:49","modified_gmt":"2020-10-08T11:39:49","slug":"strategie-sous-regionale-pour-l-integration-du-genre-dans-la-gestion-durable-des-ecosystemes-forestiers-d-afrique-centrale","status":"publish","type":"post","link":"https:\/\/comifac.org\/?p=8278","title":{"rendered":"Strategie sous-r\u00e9gionale pour l&rsquo;int\u00e9gration du genre dans la gestion durable des \u00e9cosyst\u00e8mes forestiers d&rsquo;Afrique centrale"},"content":{"rendered":"<p>La Commission des for\u00eats d\u2019Afrique centrale (COMIFAC) est heureuse de disposer d\u2019une strat\u00e9gie sous-r\u00e9gionale pour la prise en compte du genre dans la gestion durable des \u00e9cosyst\u00e8mes forestiers, plus couramment appel\u00e9e \u00ab la strat\u00e9gie genre de la COMIFAC \u00bb.<\/p>\n<p><a href=\"https:\/\/comifac.org\/wp-content\/uploads\/2020\/10\/Strategie%20sous-r%C3%A9gionale%20genre_COMIFAC.pdf\" target=\"_blank\" title=\"T\u00e9l\u00e9charger la strat\u00e9gie sous-r\u00e9gionale Genre de la COMIFAC\" rel=\"noopener\">Bien vouloir t\u00e9l\u00e9charger le document de strat\u00e9gie<\/a>.<\/p>\n","protected":false},"excerpt":{"rendered":"<p>La Commission des for\u00eats d\u2019Afrique centrale (COMIFAC) est heureuse de disposer d\u2019une strat\u00e9gie sous-r\u00e9gionale pour la prise&hellip;<\/p>\n","protected":false},"author":5,"featured_media":0,"comment_status":"open","ping_status":"open","sticky":false,"template":"","format":"standard","meta":{"give_campaign_id":0,"rs_blank_template":"","rs_page_bg_color":"","slide_template_v7":"","_jetpack_newsletter_access":"","_jetpack_dont_email_post_to_subs":false,"_jetpack_newsletter_tier_id":0,"_jetpack_memberships_contains_paywalled_content":false,"_jetpack_feature_clip_id":0,"_jetpack_memberships_contains_paid_content":false,"footnotes":"","jetpack_post_was_ever_published":false},"categories":[225],"tags":[],"class_list":["post-8278","post","type-post","status-publish","format-standard","hentry","category-directives-strategies-et-accords-sous-regionaux"],"jetpack_sharing_enabled":true,"jetpack_featured_media_url":"","_links":{"self":[{"href":"https:\/\/comifac.org\/index.php?rest_route=\/wp\/v2\/posts\/8278","targetHints":{"allow":["GET"]}}],"collection":[{"href":"https:\/\/comifac.org\/index.php?rest_route=\/wp\/v2\/posts"}],"about":[{"href":"https:\/\/comifac.org\/index.php?rest_route=\/wp\/v2\/types\/post"}],"author":[{"embeddable":true,"href":"https:\/\/comifac.org\/index.php?rest_route=\/wp\/v2\/users\/5"}],"replies":[{"embeddable":true,"href":"https:\/\/comifac.org\/index.php?rest_route=%2Fwp%2Fv2%2Fcomments&post=8278"}],"version-history":[{"count":0,"href":"https:\/\/comifac.org\/index.php?rest_route=\/wp\/v2\/posts\/8278\/revisions"}],"wp:attachment":[{"href":"https:\/\/comifac.org\/index.php?rest_route=%2Fwp%2Fv2%2Fmedia&parent=8278"}],"wp:term":[{"taxonomy":"category","embeddable":true,"href":"https:\/\/comifac.org\/index.php?rest_route=%2Fwp%2Fv2%2Fcategories&post=8278"},{"taxonomy":"post_tag","embeddable":true,"href":"https:\/\/comifac.org\/index.php?rest_route=%2Fwp%2Fv2%2Ftags&post=8278"}],"curies":[{"name":"wp","href":"https:\/\/api.w.org\/{rel}","templated":true}]}}