{"id":8288,"date":"2020-10-15T11:31:24","date_gmt":"2020-10-15T11:31:24","guid":{"rendered":"https:\/\/comifac.org\/deux-pays-d-afrique-centrale-s-engagent-a-arreter-le-declin-de-la-nature-d-ici-2030\/"},"modified":"2020-10-15T11:31:24","modified_gmt":"2020-10-15T11:31:24","slug":"deux-pays-d-afrique-centrale-s-engagent-a-arreter-le-declin-de-la-nature-d-ici-2030","status":"publish","type":"post","link":"https:\/\/comifac.org\/?p=8288","title":{"rendered":"Deux pays d\u2019Afrique centrale s&rsquo;engagent \u00e0 arr\u00eater le d\u00e9clin de la nature d&rsquo;ici 2030"},"content":{"rendered":"<p><em>Le Gabon et la R\u00e9publique du Congo et les repr\u00e9sentants de 74 autres pays de toutes les r\u00e9gions ont approuv\u00e9 la promesse \u00ab\u00a0<a href=\"https:\/\/sdg.iisd.org\/news\/leaders-pledge-for-nature-commits-to-reverse-biodiversity-loss-by-2030\/\" target=\"_blank\" rel=\"noopener\">Leaders Pledge for Nature<\/a>\u00ab\u00a0. Ce faisant, ces dirigeants envoient un signal uni pour renforcer l&rsquo;ambition mondiale et encourager d&rsquo;autres pays \u00e0 faire correspondre leur ambition collective pour la nature, le climat et les hommes \u00e0 l&rsquo;ampleur de la crise actuelle. L\u2019appel est lanc\u00e9 aux autres pays d\u2019Afrique centrale de suivre leurs exemples&#8230;<\/em><\/p>\n<p>  <!--more-->  <\/p>\n<p>&nbsp;<\/p>\n<div class=\"ce_text block\">\n<p style=\"text-align: justify;\">Le Sommet avait pour th\u00e8me \u00ab L\u2019urgence d\u2019agir sur la biodiversit\u00e9 pour le d\u00e9veloppement durable \u00bb, dans le but de souligner qu\u2019il est urgent de prendre des mesures aux niveaux les plus \u00e9lev\u00e9s pour soutenir le CMB post-2020, car celui-ci participe du Programme de d\u00e9veloppement durable \u00e0 l\u2019horizon 2030 (Programme 2030) et contribue \u00e0 mettre la communaut\u00e9 internationale en conditions d\u2019atteindre la Vision 2050 pour la biodiversit\u00e9, \u00ab Vivre en harmonie avec la nature \u00bb.<\/p>\n<p style=\"text-align: justify;\">Le segment d\u2019ouverture pr\u00e9voyait une \u00ab discussion au coin du feu \u00bb entre les directeurs du Programme des Nations Unies pour le d\u00e9veloppement (PNUD), du Programme des Nations Unies sur l\u2019environnement (PNUE), de la CDB et de la Plateforme intergouvernementale sur la biodiversit\u00e9 et les services \u00e9cosyst\u00e9miques (IPBES). Ces dirigeants ont parl\u00e9 de la biodiversit\u00e9 comme d\u2019un \u00ab amortisseur de chocs \u00bb et ont martel\u00e9 que l\u2019\u00e9poque o\u00f9 l\u2019on \u00ab polluait pour s\u2019enrichir \u00bb est d\u00e9sormais r\u00e9volue.<\/p>\n<p style=\"text-align: justify;\">La session pl\u00e9ni\u00e8re, qui a accueilli les d\u00e9clarations de 48 Ministres et Chefs d\u2019\u00c9tat et de gouvernement, a suivi les discours de son Altesse Royale Charles, le Prince de Galles, et d\u2019un repr\u00e9sentant de la jeunesse.<\/p>\n<p style=\"text-align: justify;\">Deux Dialogues des leaders se sont d\u00e9roul\u00e9s dans l\u2019apr\u00e8s-midi, portant respectivement sur: la lutte contre la perte de biodiversit\u00e9 et l\u2019int\u00e9gration de la biodiversit\u00e9 pour un d\u00e9veloppement durable; et tirer parti de la science, de la technologie et de l\u2019innovation, du renforcement des capacit\u00e9s, de l\u2019acc\u00e8s et du partage des avantages, du financement et des partenariats en faveur de la biodiversit\u00e9.<\/p>\n<p style=\"text-align: justify;\">Au cours du premier Dialogue, pr\u00e9sid\u00e9 par la Chanceli\u00e8re allemande Angela Merkel et par Imran Khan, Premier ministre du Pakistan, 15 Ministres et Chefs d\u2019\u00c9tat et de gouvernement ont prononc\u00e9 des discours au nom de leurs pays ou groupes, et les dirigeants de 5 organisations internationales sont \u00e9galement intervenus.<\/p>\n<p style=\"text-align: justify;\">Le second Dialogue \u00e9t\u00e9 pr\u00e9sid\u00e9 par Ralph Everard Gonsalves, Premier ministre de Saint-Vincent-et-les-Grenadines, et par Isabella L\u00f6vin, Premi\u00e8re ministre adjointe et Ministre du d\u00e9veloppement international de la Su\u00e8de. 13 Ministres et Chefs d\u2019\u00c9tat et de gouvernement s\u2019y sont exprim\u00e9s au nom de leurs pays et groupes, ainsi que six repr\u00e9sentants d\u2019organisations internationales et de parties prenantes.<\/p>\n<p style=\"text-align: justify;\"><a href=\"https:\/\/sdg.iisd.org\/news\/leaders-pledge-for-nature-commits-to-reverse-biodiversity-loss-by-2030\/\" target=\"_blank\" rel=\"noopener\">En savoir plus&#8230;<\/a><\/p>\n<p style=\"text-align: justify;\">Pour d&rsquo;amples informations, bien vouloir t\u00e9l\u00e9charger le rapport du sommet ci-dessous:<\/p>\n<\/p><\/div>\n<ul class=\"enclosure\">\n<li class=\"download-element ext-pdf\"><a href=\"https:\/\/pfbc-cbfp.org\/actualites-partenaires\/sommet-biodiversit%C3%A920.html?file=files\/docs\/news\/10-2020\/-0%20enb09752f.pdf\" title=\"T\u00e9l\u00e9charger -0 enb09752f.pdf\">-0 enb09752f.pdf <span class=\"size\">(551.3 Ko)<\/span><\/a><\/li>\n<\/ul>\n","protected":false},"excerpt":{"rendered":"<p>Le Gabon et la R\u00e9publique du Congo et les repr\u00e9sentants de 74 autres pays de toutes les&hellip;<\/p>\n","protected":false},"author":5,"featured_media":8287,"comment_status":"open","ping_status":"open","sticky":false,"template":"","format":"standard","meta":{"give_campaign_id":0,"rs_blank_template":"","rs_page_bg_color":"","slide_template_v7":"","_jetpack_newsletter_access":"","_jetpack_dont_email_post_to_subs":false,"_jetpack_newsletter_tier_id":0,"_jetpack_memberships_contains_paywalled_content":false,"_jetpack_feature_clip_id":0,"_jetpack_memberships_contains_paid_content":false,"footnotes":"","jetpack_post_was_ever_published":false},"categories":[117],"tags":[],"class_list":["post-8288","post","type-post","status-publish","format-standard","has-post-thumbnail","hentry","category-actualites"],"jetpack_sharing_enabled":true,"jetpack_featured_media_url":"https:\/\/comifac.org\/wp-content\/uploads\/2020\/10\/bird-5340929_640.jpg","_links":{"self":[{"href":"https:\/\/comifac.org\/index.php?rest_route=\/wp\/v2\/posts\/8288","targetHints":{"allow":["GET"]}}],"collection":[{"href":"https:\/\/comifac.org\/index.php?rest_route=\/wp\/v2\/posts"}],"about":[{"href":"https:\/\/comifac.org\/index.php?rest_route=\/wp\/v2\/types\/post"}],"author":[{"embeddable":true,"href":"https:\/\/comifac.org\/index.php?rest_route=\/wp\/v2\/users\/5"}],"replies":[{"embeddable":true,"href":"https:\/\/comifac.org\/index.php?rest_route=%2Fwp%2Fv2%2Fcomments&post=8288"}],"version-history":[{"count":0,"href":"https:\/\/comifac.org\/index.php?rest_route=\/wp\/v2\/posts\/8288\/revisions"}],"wp:featuredmedia":[{"embeddable":true,"href":"https:\/\/comifac.org\/index.php?rest_route=\/wp\/v2\/media\/8287"}],"wp:attachment":[{"href":"https:\/\/comifac.org\/index.php?rest_route=%2Fwp%2Fv2%2Fmedia&parent=8288"}],"wp:term":[{"taxonomy":"category","embeddable":true,"href":"https:\/\/comifac.org\/index.php?rest_route=%2Fwp%2Fv2%2Fcategories&post=8288"},{"taxonomy":"post_tag","embeddable":true,"href":"https:\/\/comifac.org\/index.php?rest_route=%2Fwp%2Fv2%2Ftags&post=8288"}],"curies":[{"name":"wp","href":"https:\/\/api.w.org\/{rel}","templated":true}]}}