{"id":8318,"date":"2020-11-09T12:20:06","date_gmt":"2020-11-09T12:20:06","guid":{"rendered":"https:\/\/comifac.org\/republique-democratique-du-congo-les-parlementaires-sensibilises-a-la-prise-en-compte-des-droits-des-peuples-autochtones\/"},"modified":"2020-11-09T12:20:06","modified_gmt":"2020-11-09T12:20:06","slug":"republique-democratique-du-congo-les-parlementaires-sensibilises-a-la-prise-en-compte-des-droits-des-peuples-autochtones","status":"publish","type":"post","link":"https:\/\/comifac.org\/?p=8318","title":{"rendered":"R\u00e9publique D\u00e9mocratique du Congo : les parlementaires sensibilis\u00e9s \u00e0 la prise en compte des droits des peuples autochtones"},"content":{"rendered":"<p><img fetchpriority=\"high\" decoding=\"async\" class=\" size-full wp-image-8317\" src=\"https:\/\/comifac.org\/wp-content\/uploads\/2020\/11\/Atelier_REPAR_Kinshasa.jpg\" alt=\"\" width=\"924\" height=\"521\" srcset=\"https:\/\/comifac.org\/wp-content\/uploads\/2020\/11\/Atelier_REPAR_Kinshasa.jpg 924w, https:\/\/comifac.org\/wp-content\/uploads\/2020\/11\/Atelier_REPAR_Kinshasa-600x338.jpg 600w, https:\/\/comifac.org\/wp-content\/uploads\/2020\/11\/Atelier_REPAR_Kinshasa-400x226.jpg 400w, https:\/\/comifac.org\/wp-content\/uploads\/2020\/11\/Atelier_REPAR_Kinshasa-768x433.jpg 768w, https:\/\/comifac.org\/wp-content\/uploads\/2020\/11\/Atelier_REPAR_Kinshasa-370x209.jpg 370w, https:\/\/comifac.org\/wp-content\/uploads\/2020\/11\/Atelier_REPAR_Kinshasa-760x429.jpg 760w, https:\/\/comifac.org\/wp-content\/uploads\/2020\/11\/Atelier_REPAR_Kinshasa-387x218.jpg 387w, https:\/\/comifac.org\/wp-content\/uploads\/2020\/11\/Atelier_REPAR_Kinshasa-379x213.jpg 379w, https:\/\/comifac.org\/wp-content\/uploads\/2020\/11\/Atelier_REPAR_Kinshasa-500x282.jpg 500w, https:\/\/comifac.org\/wp-content\/uploads\/2020\/11\/Atelier_REPAR_Kinshasa-270x152.jpg 270w\" sizes=\"(max-width: 924px) 100vw, 924px\" \/><\/p>\n<p>Kinshasa, R\u00e9publique D\u00e9mocratique du Congo, 28 &#8211; 30 octobre 2020- Les organisations de d\u00e9fense des droits des peuples autochtones ont initi\u00e9 une proposition de Loi sur la promotion, et la protection des droits des peuples autochtones en RDC qui \u00e0 ce jour est sous analyse \u00e0 l\u2019Assembl\u00e9e Nationale.<\/p>\n<p>  <!--more-->  <\/p>\n<p>Pour faciliter son adoption, le R\u00e9seau des Parlementaires pour la gestion durable des \u00e9cosyst\u00e8mes forestiers d\u2019Afrique centrale (REPAR-AC) et son d\u00e9membrement national REPAR-RDC a initi\u00e9 en \u00e9troite collaboration avec le R\u00e9seau des Populations Autochtones et Locales pour la gestion durable des Ecosyst\u00e8mes Forestiers d\u2019Afrique Centrale (REPALEAC) et l\u2019appui des programmes GIZ-COMIFAC et GIZ-BGF en RDC, un atelier d\u2019information et de sensibilisation des parlementaires sur la th\u00e9matique de la prise en compte des droits des peuples autochtones dans la gouvernance foresti\u00e8re et environnementale.<\/p>\n<p>&nbsp;<\/p>\n<p>Les for\u00eats tropicales du Bassin du Congo, connues pour leur biodiversit\u00e9 exceptionnelle, h\u00e9bergent des groupes pygm\u00e9es appel\u00e9s \u00ab peuples autochtones \u00bb d\u2019Afrique centrale. Depuis des milliers d&rsquo;ann\u00e9es, ils ont d\u00e9velopp\u00e9 une relation synergique avec le territoire, les for\u00eats et les cours d\u2019eau dont d\u00e9pend leur subsistance. Cette interaction \u00e9troite a d\u00e9fini les valeurs qui soutendent leur organisation sociale et cr\u00e9ent des connaissances traditionnelles environnementales approfondies sur ces paysages fragiles. Cet h\u00e9ritage fait d\u2019eux des partenaires id\u00e9aux de la conservation et de protection de la for\u00eat et \u00e9cosyst\u00e8mes d\u2019Afrique centrale.<\/p>\n<p>Ceci transparait dans le plan de convergence 2 (2015-2025) de la COMIFAC, o\u00f9 le respect des droits humains et des peuples autochtones constitue une valeur essentielle dans les processus de la transformation structurelle des \u00e9conomies nationales, le d\u00e9veloppement d\u2019instruments de financement durable, la stabilisation du taux de d\u00e9forestation et de d\u00e9gradation des for\u00eats ainsi que l\u2019am\u00e9lioration des conditions de vie des populations des pays de la sous-r\u00e9gion.<\/p>\n<p>En R\u00e9publique D\u00e9mocratique du Congo, les peuples autochtones pygm\u00e9es sont reconnus comme \u00e9tant les premiers habitants. Face \u00e0 la vuln\u00e9rabilit\u00e9 de ce groupe, l\u2019Assembl\u00e9e Nationale a entrepris l\u2019\u00e9laboration d\u2019une Loi visant promotion et protection de leurs droits.<\/p>\n<p>En vue de faciliter ce processus, l\u2019atelier sus-dessus d\u00e9sign\u00e9 a \u00e9t\u00e9 tenu \u00e0 l\u2019h\u00f4tel Pullman sous la pr\u00e9sidence du Rapporteur de l\u2019assembl\u00e9e nationale en RDC&nbsp;.<\/p>\n<p>La rencontre a rassembl\u00e9 pr\u00e8s de 40 d\u00e9put\u00e9s nationaux et 2 s\u00e9nateurs, 10 repr\u00e9sentants des administrations sectorielles comp\u00e9tentes en la mati\u00e8re , 15 membres la soci\u00e9t\u00e9 civile et 10 repr\u00e9sentants des partenaires techniques et financiers en vue de \u00ab susciter l\u2019int\u00e9r\u00eat des membres des Commissions parlementaires : sociale et culturelle, Environnement, tourisme, ressources naturelles et d\u00e9veloppement durable, Droits de l\u2019homme, politique-administrative et juridique de l\u2019Assembl\u00e9e Nationale de la RDC sur l\u2019importance de la prise en compte des droits des Peuples Autochtones dans la gouvernance des for\u00eats et de la biodiversit\u00e9 au regard des enjeux internationaux, r\u00e9gionaux et nationaux \u00bb.<\/p>\n<p>Les th\u00e9matiques abord\u00e9es durant l\u2019atelier ont port\u00e9 sur&nbsp;: le cadre l\u00e9gal international et sous r\u00e9gional de prise en compte des droits des Peuples Autochtones dans la gouvernance foresti\u00e8re et environnementale ; la probl\u00e9matique des droits socio\u00e9conomiques dans les engagements internationaux de la RDC sur la protection des droits des peuples autochtones : les acquis de l\u2019Examen P\u00e9riodique Universel (des Cycles 2014 et 2019) de la RDC au Conseil des Droits de l\u2019homme ; le mode traditionnel de gestion des espaces de vie des peuples autochtones pygm\u00e9es en RDC ; le processus d\u2019\u00e9laboration de la proposition de Loi portant promotion et protection des droits des Peuples autochtones en RDC ainsi que le r\u00e9sum\u00e9 de ladite proposition ; la probl\u00e9matique des connaissances, innovations et pratiques locales et autochtones dans la conservation de la biodiversit\u00e9 en Afrique centrale ; le partage d\u2019exp\u00e9riences de la R\u00e9publique du Congo en lien avec la Loi n\u00b0 5-2011 du 25 f\u00e9vrier 2011 portant promotion et protection des droits des populations autochtones ;&nbsp; le partage d\u2019exp\u00e9riences de la R\u00e9publique Centrafricaine sur la protection des droits des peuples autochtones en rapport avec&nbsp; la Convention 169 de l\u2019OIT ; les exp\u00e9riences du REPAR dans l\u2019accompagnement des processus en faveur de la prise en compte des Peuples Autochtones dans la gouvernance foresti\u00e8re et environnementale dans l\u2019espace COMIFAC.<\/p>\n<p>A l\u2019issue des travaux, les participants ont formul\u00e9 comme recommandations :&nbsp;<\/p>\n<p>(i) Donner une d\u00e9finition claire et pr\u00e9cise de la notion d\u2019autochtone qui cadre avec le contexte national; (ii) Associer \u00e0 ce cadre l\u00e9gal, un glossaire pour que les concepts complexes qui y sont \u00e9voqu\u00e9s soient compr\u00e9hensibles par tous ; (iii) Assurer une transparence entre les parties prenantes&nbsp;; (iv) D\u00e9velopper des m\u00e9canismes qui permettent aux populations autochtones et communaut\u00e9s locales de s\u2019adapter au contexte mondial et garantir leur \u00e9panouissement socioculturel et \u00e9conomique ; (v) Mettre en place une cellule intersectorielle et multidisciplinaire d\u2019appui \u00e0 l\u2019\u00e9laboration des mesures d\u2019application.<\/p>\n<p>Une feuille de route du plaidoyer post atelier a \u00e9t\u00e9 \u00e9tablie et adopt\u00e9e par les participants et qui pr\u00e9voit la mise en place d\u2019une task force, des m\u00e9canismes d\u2019informations des parlementaires et l\u2019\u00e9laboration d\u2019une note synth\u00e8se sur la proposition de Loi qui servira \u00e0 la sensibilisation des s\u00e9nateurs.<\/p>\n<p>Au terme des travaux le rapporteur de l\u2019Assembl\u00e9e Nationale, C\u00e9lestin Musau, repr\u00e9sentant de la pr\u00e9sidente Jeanine Mabunda, emp\u00each\u00e9e, a invit\u00e9 les parties prenantes et des partenaires techniques et financiers \u00e0 s\u2019impliquer davantage pour l\u2019am\u00e9lioration de l\u2019\u00e9tat des droits et du bien-\u00eatre des populations autochtones en RDC.<\/p>\n<p>Contact&nbsp;: <a href=\"about:blank\">danielle.fouth@giz.de<\/a>; <a href=\"about:blank\">arcel.bamba@giz.de<\/a>; <a href=\"about:blank\">fabrice.mambwe@giz.de<\/a><\/p>\n","protected":false},"excerpt":{"rendered":"<p>Kinshasa, R\u00e9publique D\u00e9mocratique du Congo, 28 &#8211; 30 octobre 2020- Les organisations de d\u00e9fense des droits des&hellip;<\/p>\n","protected":false},"author":5,"featured_media":8317,"comment_status":"open","ping_status":"open","sticky":false,"template":"","format":"standard","meta":{"give_campaign_id":0,"rs_blank_template":"","rs_page_bg_color":"","slide_template_v7":"","_jetpack_newsletter_access":"","_jetpack_dont_email_post_to_subs":false,"_jetpack_newsletter_tier_id":0,"_jetpack_memberships_contains_paywalled_content":false,"_jetpack_feature_clip_id":0,"_jetpack_memberships_contains_paid_content":false,"footnotes":"","jetpack_post_was_ever_published":false},"categories":[117],"tags":[],"class_list":["post-8318","post","type-post","status-publish","format-standard","has-post-thumbnail","hentry","category-actualites"],"jetpack_sharing_enabled":true,"jetpack_featured_media_url":"https:\/\/comifac.org\/wp-content\/uploads\/2020\/11\/Atelier_REPAR_Kinshasa.jpg","_links":{"self":[{"href":"https:\/\/comifac.org\/index.php?rest_route=\/wp\/v2\/posts\/8318","targetHints":{"allow":["GET"]}}],"collection":[{"href":"https:\/\/comifac.org\/index.php?rest_route=\/wp\/v2\/posts"}],"about":[{"href":"https:\/\/comifac.org\/index.php?rest_route=\/wp\/v2\/types\/post"}],"author":[{"embeddable":true,"href":"https:\/\/comifac.org\/index.php?rest_route=\/wp\/v2\/users\/5"}],"replies":[{"embeddable":true,"href":"https:\/\/comifac.org\/index.php?rest_route=%2Fwp%2Fv2%2Fcomments&post=8318"}],"version-history":[{"count":0,"href":"https:\/\/comifac.org\/index.php?rest_route=\/wp\/v2\/posts\/8318\/revisions"}],"wp:featuredmedia":[{"embeddable":true,"href":"https:\/\/comifac.org\/index.php?rest_route=\/wp\/v2\/media\/8317"}],"wp:attachment":[{"href":"https:\/\/comifac.org\/index.php?rest_route=%2Fwp%2Fv2%2Fmedia&parent=8318"}],"wp:term":[{"taxonomy":"category","embeddable":true,"href":"https:\/\/comifac.org\/index.php?rest_route=%2Fwp%2Fv2%2Fcategories&post=8318"},{"taxonomy":"post_tag","embeddable":true,"href":"https:\/\/comifac.org\/index.php?rest_route=%2Fwp%2Fv2%2Ftags&post=8318"}],"curies":[{"name":"wp","href":"https:\/\/api.w.org\/{rel}","templated":true}]}}