{"id":8327,"date":"2020-11-26T14:05:05","date_gmt":"2020-11-26T14:05:05","guid":{"rendered":"https:\/\/comifac.org\/la-crise-climatique-menace-toujours-plus-la-sante-et-la-securite-alimentaire-des-africains\/"},"modified":"2020-11-26T14:05:05","modified_gmt":"2020-11-26T14:05:05","slug":"la-crise-climatique-menace-toujours-plus-la-sante-et-la-securite-alimentaire-des-africains","status":"publish","type":"post","link":"https:\/\/comifac.org\/?p=8327","title":{"rendered":"Changement climatique, une menace \u00e0 grande \u00e9chelle pour l&rsquo;Afrique"},"content":{"rendered":"<div>S\u00e9cheresses, inondations, cyclones&nbsp;: le continent le moins polluant de la plan\u00e8te subit de plein fouet les cons\u00e9quences du r\u00e9chauffement.<\/div>\n<div>\n<p class=\"yiv5232748669ydp1b4e2212MsoNoSpacing\" style=\"text-align: justify;\"><span lang=\"fr-GA\">La Commission \u00e9conomique pour l\u2019Afrique (CEA)&nbsp;<\/span>a lanc\u00e9 le 26 octobre<span lang=\"fr-GA\">, le premier rapport sur le climat en Afrique<\/span>. Selon ce <a href=\"https:\/\/library.wmo.int\/index.php?lvl=notice_display&amp;id=21778#.X5aiQlNKhBw\">rapport d\u2019une quinzaine d\u2019organisations<\/a>, coordonn\u00e9 par l\u2019Organisation m\u00e9t\u00e9orologique mondiale (OMM) , l\u2019augmentation des temp\u00e9ratures, l\u2019\u00e9l\u00e9vation du niveau de la mer, la modification du r\u00e9gime des pr\u00e9cipitations ou encore la multiplication des ph\u00e9nom\u00e8nes m\u00e9t\u00e9orologiques extr\u00eames font peser de graves menaces sur la sant\u00e9, la s\u00e9curit\u00e9 alimentaire et le d\u00e9veloppement socio-\u00e9conomique qui interpelle sur l\u2019urgence d\u2019une action climatique en Afrique et fait le point sur les capacit\u00e9s actuelles, face aux risques de plus en plus importants.<\/p>\n<p>  <!--more-->  <\/p>\n<p class=\"yiv5232748669ydp1b4e2212MsoNoSpacing\" style=\"text-align: justify;\">&nbsp;<\/p>\n<p class=\"yiv5232748669ydp1b4e2212MsoNoSpacing\" style=\"text-align: justify;\">En effet, en Afrique, l\u2019ann\u00e9e 2019 a \u00e9t\u00e9 l\u2019une des trois ann\u00e9es les plus chaudes jamais constat\u00e9es. Cette tendance devrait se poursuivre. Au cours des derni\u00e8res d\u00e9cennies, le r\u00e9chauffement de l\u2019Afrique a progress\u00e9 de mani\u00e8re comparable \u00e0 celui de la plupart des autres continents, et donc l\u00e9g\u00e8rement plus rapidement que la moyenne mondiale.<\/p>\n<p class=\"yiv5232748669ydp1b4e2212MsoNoSpacing\" style=\"text-align: justify;\">Selon les conclusions de cette \u00e9tude qui \u00e9value l\u2019impact du changement climatique dans plusieurs secteurs en Afrique, notamment sur le niveau de la mer et l\u2019\u00e9rosion c\u00f4ti\u00e8re, la s\u00e9curit\u00e9 alimentaire, la sant\u00e9 et l\u2019\u00e9conomie, \u00ab<i>le changement climatique a un impact croissant sur le continent africain. Il frappe plus durement les plus vuln\u00e9rables et accro\u00eet l\u2019ins\u00e9curit\u00e9 alimentaire, les d\u00e9placements de population et les pressions exerc\u00e9es sur les ressources en eau<\/i>\u00bb.<\/p>\n<p class=\"yiv5232748669ydp1b4e2212MsoNoSpacing\" style=\"text-align: justify;\">Pour s\u2019adapter \u00e0 cette nouvelle donne et cr\u00e9er les conditions d\u2019une bonne r\u00e9silience ,\u00ab<i>l<\/i><i><span lang=\"fr-GA\">es donn\u00e9es scientifiques sur le climat repr\u00e9sentent un pilier du renforcement de la<\/span><\/i><i><span lang=\"fr-GA\"><\/span><\/i><i><span lang=\"fr-GA\">r\u00e9silience, une pierre angulaire de l\u2019adaptation au changement climatique, ainsi qu\u2019un<\/span><\/i><i><span lang=\"fr-GA\"><\/span><\/i><i><span lang=\"fr-GA\">terreau fertile pour les moyens d\u2019existence et de d\u00e9veloppement durable<\/span><\/i><i>\u00bb<\/i>&nbsp;Sous ce regard, c<span lang=\"fr-GA\">e&nbsp;<\/span>\u00ab<i><span lang=\"fr-GA\">rapport sur<\/span><\/i><i><span lang=\"fr-GA\"><\/span><\/i><i><span lang=\"fr-GA\">l\u2019\u00e9tat du climat en Afrique a donc un r\u00f4le essentiel \u00e0 jouer, notamment pour<\/span><\/i><i><span lang=\"fr-GA\"><\/span><\/i><i><span lang=\"fr-GA\">\u00e9tayer les mesures que nous prenons afin d\u2019atteindre les objectifs de l\u2019Agenda 2063 pour<\/span><\/i><i><span lang=\"fr-GA\"><\/span><\/i><i><span lang=\"fr-GA\">l\u2019Afrique<\/span><\/i>&nbsp;\u00bb<span lang=\"fr-GA\">, a expliqu\u00e9 la Commissaire \u00e0 l\u2019\u00e9conomie rurale et \u00e0 l\u2019agriculture de la<\/span><span lang=\"fr-GA\"><\/span><span lang=\"fr-GA\">Commission de l\u2019Union africaine, Josefa Leonel Correia Sacko.<\/span><\/p>\n<p>Loic Ntoutoume- Gabon Rewiew<\/p>\n<p class=\"article__paragraph \"><em><\/em><\/p>\n<\/p><\/div>\n","protected":false},"excerpt":{"rendered":"<p>S\u00e9cheresses, inondations, cyclones&nbsp;: le continent le moins polluant de la plan\u00e8te subit de plein fouet les cons\u00e9quences&hellip;<\/p>\n","protected":false},"author":5,"featured_media":8326,"comment_status":"open","ping_status":"open","sticky":false,"template":"","format":"standard","meta":{"give_campaign_id":0,"rs_blank_template":"","rs_page_bg_color":"","slide_template_v7":"","_jetpack_newsletter_access":"","_jetpack_dont_email_post_to_subs":false,"_jetpack_newsletter_tier_id":0,"_jetpack_memberships_contains_paywalled_content":false,"_jetpack_feature_clip_id":0,"_jetpack_memberships_contains_paid_content":false,"footnotes":"","jetpack_post_was_ever_published":false},"categories":[117],"tags":[],"class_list":["post-8327","post","type-post","status-publish","format-standard","has-post-thumbnail","hentry","category-actualites"],"jetpack_sharing_enabled":true,"jetpack_featured_media_url":"https:\/\/comifac.org\/wp-content\/uploads\/2020\/11\/afrique-changement-climatique.jpg","_links":{"self":[{"href":"https:\/\/comifac.org\/index.php?rest_route=\/wp\/v2\/posts\/8327","targetHints":{"allow":["GET"]}}],"collection":[{"href":"https:\/\/comifac.org\/index.php?rest_route=\/wp\/v2\/posts"}],"about":[{"href":"https:\/\/comifac.org\/index.php?rest_route=\/wp\/v2\/types\/post"}],"author":[{"embeddable":true,"href":"https:\/\/comifac.org\/index.php?rest_route=\/wp\/v2\/users\/5"}],"replies":[{"embeddable":true,"href":"https:\/\/comifac.org\/index.php?rest_route=%2Fwp%2Fv2%2Fcomments&post=8327"}],"version-history":[{"count":0,"href":"https:\/\/comifac.org\/index.php?rest_route=\/wp\/v2\/posts\/8327\/revisions"}],"wp:featuredmedia":[{"embeddable":true,"href":"https:\/\/comifac.org\/index.php?rest_route=\/wp\/v2\/media\/8326"}],"wp:attachment":[{"href":"https:\/\/comifac.org\/index.php?rest_route=%2Fwp%2Fv2%2Fmedia&parent=8327"}],"wp:term":[{"taxonomy":"category","embeddable":true,"href":"https:\/\/comifac.org\/index.php?rest_route=%2Fwp%2Fv2%2Fcategories&post=8327"},{"taxonomy":"post_tag","embeddable":true,"href":"https:\/\/comifac.org\/index.php?rest_route=%2Fwp%2Fv2%2Ftags&post=8327"}],"curies":[{"name":"wp","href":"https:\/\/api.w.org\/{rel}","templated":true}]}}