{"id":8354,"date":"2020-12-26T16:33:27","date_gmt":"2020-12-26T16:33:27","guid":{"rendered":"https:\/\/comifac.org\/claude-nyamugabo-annonce-la-tenue-a-kinshasa-du-3eme-sommet-des-chefs-d-etat-de-la-comifac\/"},"modified":"2020-12-26T16:33:27","modified_gmt":"2020-12-26T16:33:27","slug":"claude-nyamugabo-annonce-la-tenue-a-kinshasa-du-3eme-sommet-des-chefs-d-etat-de-la-comifac","status":"publish","type":"post","link":"https:\/\/comifac.org\/?p=8354","title":{"rendered":"Claude Nyamugabo annonce la tenue \u00e0 Kinshasa du 3\u00e8me sommet des chefs d\u2019Etat de la COMIFAC"},"content":{"rendered":"<div>Kinshasa abritera le troisi\u00e8me sommet des chefs d\u2019Etat des pays membres de la Commission pour les for\u00eats du d\u2019Afrique centrale (COMIFAC) au cours du premier trimestre 2021. L\u2019annonce a \u00e9t\u00e9 faite ce vendredi 11 d\u00e9cembre par le ministre congolais en charge de l\u2019Environnement, Claude Nyamugabo Bazibuhe, lors de la cl\u00f4ture des travaux de la huiti\u00e8me r\u00e9union du Conseil directeur du Partenariat pour les for\u00eats du bassin du Congo (PFBC). <!--more--> <\/div>\n<div>&nbsp;<\/div>\n<div>\u00ab\u00a0<em>J\u2019ai la joie de vous annoncer l\u2019engagement de mon pays \u00e0 organiser \u00e0 Kinshasa,le troisi\u00e8me sommet des chefs d\u2019Etat et de gouvernement de la COMIFAC, au courant du premier trimestre de l\u2019ann\u00e9e 2021 <\/em>\u201d, a-t-il d\u00e9clar\u00e9. <\/p>\n<p>Ce sommet, a-t-il ajout\u00e9, se tiendra sous la houlette de F\u00e9lix Antoine Tshisekedi pr\u00e9sident de la R\u00e9publique d\u00e9mocratique du Congo, et pr\u00e9sident en exercice de l\u2019Union africaine.&nbsp;<\/p>\n<p> En organisant ces assises \u00e0 Kinshasa, la R\u00e9publique D\u00e9mocratique du Congo via son Pr\u00e9sident de la R\u00e9publique va assurer son leadership \u00e9cologique. Car elle est d\u00e9tentrice de 60 % des for\u00eats tropicales d\u2019Afrique centrale et elle pourra apporter des amendements au Trait\u00e9 relatif \u00e0 la conservation et \u00e0 la gestion durable des \u00e9cosyst\u00e8mes d\u2019Afrique centrale.<\/p><\/div>\n","protected":false},"excerpt":{"rendered":"<p>Kinshasa abritera le troisi\u00e8me sommet des chefs d\u2019Etat des pays membres de la Commission pour les for\u00eats&hellip;<\/p>\n","protected":false},"author":5,"featured_media":8070,"comment_status":"open","ping_status":"open","sticky":false,"template":"","format":"standard","meta":{"give_campaign_id":0,"rs_blank_template":"","rs_page_bg_color":"","slide_template_v7":"","_jetpack_newsletter_access":"","_jetpack_dont_email_post_to_subs":false,"_jetpack_newsletter_tier_id":0,"_jetpack_memberships_contains_paywalled_content":false,"_jetpack_feature_clip_id":0,"_jetpack_memberships_contains_paid_content":false,"footnotes":"","jetpack_post_was_ever_published":false},"categories":[117],"tags":[],"class_list":["post-8354","post","type-post","status-publish","format-standard","has-post-thumbnail","hentry","category-actualites"],"jetpack_sharing_enabled":true,"jetpack_featured_media_url":"https:\/\/comifac.org\/wp-content\/uploads\/2020\/03\/31715086756_fb8300f7fe_k_Copier.jpg","_links":{"self":[{"href":"https:\/\/comifac.org\/index.php?rest_route=\/wp\/v2\/posts\/8354","targetHints":{"allow":["GET"]}}],"collection":[{"href":"https:\/\/comifac.org\/index.php?rest_route=\/wp\/v2\/posts"}],"about":[{"href":"https:\/\/comifac.org\/index.php?rest_route=\/wp\/v2\/types\/post"}],"author":[{"embeddable":true,"href":"https:\/\/comifac.org\/index.php?rest_route=\/wp\/v2\/users\/5"}],"replies":[{"embeddable":true,"href":"https:\/\/comifac.org\/index.php?rest_route=%2Fwp%2Fv2%2Fcomments&post=8354"}],"version-history":[{"count":0,"href":"https:\/\/comifac.org\/index.php?rest_route=\/wp\/v2\/posts\/8354\/revisions"}],"wp:featuredmedia":[{"embeddable":true,"href":"https:\/\/comifac.org\/index.php?rest_route=\/wp\/v2\/media\/8070"}],"wp:attachment":[{"href":"https:\/\/comifac.org\/index.php?rest_route=%2Fwp%2Fv2%2Fmedia&parent=8354"}],"wp:term":[{"taxonomy":"category","embeddable":true,"href":"https:\/\/comifac.org\/index.php?rest_route=%2Fwp%2Fv2%2Fcategories&post=8354"},{"taxonomy":"post_tag","embeddable":true,"href":"https:\/\/comifac.org\/index.php?rest_route=%2Fwp%2Fv2%2Ftags&post=8354"}],"curies":[{"name":"wp","href":"https:\/\/api.w.org\/{rel}","templated":true}]}}