{"id":8394,"date":"2021-07-27T15:36:44","date_gmt":"2021-07-27T15:36:44","guid":{"rendered":"https:\/\/comifac.org\/cop-26-a-londres-eve-bazaiba-en-lobbying-pour-une-compensation-equitable-des-droits-de-la-rdc-dans-la-lutte-contre-le-changement-climatique\/"},"modified":"2021-07-27T15:36:44","modified_gmt":"2021-07-27T15:36:44","slug":"cop-26-a-londres-eve-bazaiba-en-lobbying-pour-une-compensation-equitable-des-droits-de-la-rdc-dans-la-lutte-contre-le-changement-climatique","status":"publish","type":"post","link":"https:\/\/comifac.org\/?p=8394","title":{"rendered":"Cop 26 \u00e0 Londres : Eve Bazaiba en lobbying pour une compensation \u00e9quitable des droits de la RDC dans la lutte contre le changement climatique"},"content":{"rendered":"<p><img fetchpriority=\"high\" decoding=\"async\" class=\" size-full wp-image-8393\" src=\"https:\/\/comifac.org\/wp-content\/uploads\/2021\/07\/vice_PM_RDC_et_PM_UK_2_jpg.jpg\" alt=\"\" width=\"960\" height=\"720\" srcset=\"https:\/\/comifac.org\/wp-content\/uploads\/2021\/07\/vice_PM_RDC_et_PM_UK_2_jpg.jpg 960w, https:\/\/comifac.org\/wp-content\/uploads\/2021\/07\/vice_PM_RDC_et_PM_UK_2_jpg-600x450.jpg 600w, https:\/\/comifac.org\/wp-content\/uploads\/2021\/07\/vice_PM_RDC_et_PM_UK_2_jpg-400x300.jpg 400w, https:\/\/comifac.org\/wp-content\/uploads\/2021\/07\/vice_PM_RDC_et_PM_UK_2_jpg-768x576.jpg 768w, https:\/\/comifac.org\/wp-content\/uploads\/2021\/07\/vice_PM_RDC_et_PM_UK_2_jpg-370x278.jpg 370w, https:\/\/comifac.org\/wp-content\/uploads\/2021\/07\/vice_PM_RDC_et_PM_UK_2_jpg-760x570.jpg 760w, https:\/\/comifac.org\/wp-content\/uploads\/2021\/07\/vice_PM_RDC_et_PM_UK_2_jpg-387x290.jpg 387w, https:\/\/comifac.org\/wp-content\/uploads\/2021\/07\/vice_PM_RDC_et_PM_UK_2_jpg-500x375.jpg 500w\" sizes=\"(max-width: 960px) 100vw, 960px\" \/><\/p>\n<div data-contents=\"true\">\n<div class=\"_1mf _1mj\" data-offset-key=\"6usqc-0-0\">\n<div class=\"\" dir=\"auto\">\n<div id=\"jsc_c_8i\" class=\"ecm0bbzt hv4rvrfc ihqw7lf3 dati1w0a\" data-ad-comet-preview=\"message\" data-ad-preview=\"message\">\n<div class=\"j83agx80 cbu4d94t ew0dbk1b irj2b8pg\">\n<div class=\"qzhwtbm6 knvmm38d\">\n<div class=\"kvgmc6g5 cxmmr5t8 oygrvhab hcukyx3x c1et5uql ii04i59q\">\n<div dir=\"auto\" style=\"text-align: justify;\"><span style=\"font-size: 12pt;\">Londres, Grande Bretagne, 27 juillet 2021- En marge de la r\u00e9union Minist\u00e9rielle de la COP26 \u00e0 Londres en Grande Bretagne, la d\u00e9l\u00e9gation congolaise (RD Congo), conduite par Madame Eve Bazaiba Masudi, Vice-Premier Ministre \u00e0 l&rsquo;Environnement et D\u00e9veloppement durable a eu une bilat\u00e9rale avec John Kerry, l&rsquo;Envoy\u00e9 sp\u00e9cial du Pr\u00e9sident des \u00c9tats-Unis pour le climat.<\/span><\/div>\n<div dir=\"auto\" style=\"text-align: justify;\"><span style=\"font-size: 12pt;\">En toile de fond : la constitution de groupe de travail pour la RDC sur la question de changement climatique et l&rsquo;organisation par la RDC de la pr\u00e9 COP27.<\/span> <!--more--> <\/div>\n<\/p><\/div>\n<\/p><\/div>\n<\/p><\/div>\n<\/p><\/div>\n<\/p><\/div>\n<p> <span style=\"font-size: 12pt;\">La Vice-premier ministre \u00e0 l&rsquo;Environnement et D\u00e9veloppement durable, Eve Bazaiba prend part \u00e0 la R\u00e9union Minist\u00e9rielle de la Conf\u00e9rence deDans son mot au cours de ces assises, la patronne de l&rsquo;environnement en RDC, Eve Bazaiba a appel\u00e9 \u00e0 la reconnaissance \u00e9quitable des droits de la RDC pour ses potentialit\u00e9s qui contribuent \u00e0 la lutte contre le changement climatique.&nbsp;<\/span><\/div>\n<div class=\"_1mf _1mj\" style=\"text-align: justify;\" data-offset-key=\"6usqc-0-0\"><span style=\"font-size: 12pt;\" data-offset-key=\"6usqc-0-0\">\u00ab\u00a0La RDC devra b\u00e9n\u00e9ficier de la compensation \u00e9quitable pour ses potentialit\u00e9s et sacrifices qui ont un impact important dans la lutte contre le changement climatique ds le monde. Cette compensation ne doit pas \u00eatre un don mais un droit \u00a0\u00bb extrait de mot de Mme. Eve Bazaiba Masudi.<\/span><\/div>\n<div class=\"\" style=\"text-align: justify;\" data-block=\"true\" data-editor=\"c7dl9\" data-offset-key=\"4t1l6-0-0\">\n<div class=\"_1mf _1mj\" data-offset-key=\"4t1l6-0-0\"><span style=\"font-size: 12pt;\" data-offset-key=\"4t1l6-0-0\"><\/span><\/div>\n<\/p><\/div>\n<div class=\"\" style=\"text-align: justify;\" data-block=\"true\" data-editor=\"c7dl9\" data-offset-key=\"5hjvd-0-0\">\n<div class=\"_1mf _1mj\" data-offset-key=\"5hjvd-0-0\"><span style=\"font-size: 12pt;\" data-offset-key=\"5hjvd-0-0\">En outre, Eve Bazaiba qui a appel\u00e9 \u00e0 la solidarit\u00e9 mondiale sur la question de climat, a \u00e9galement rappeler la responsabilit\u00e9 des pays d\u00e9velopp\u00e9s dans la compensation aux pays en voie de d\u00e9veloppement.<\/span><\/div>\n<\/p><\/div>\n<div class=\"\" style=\"text-align: justify;\" data-block=\"true\" data-editor=\"c7dl9\" data-offset-key=\"421ku-0-0\">\n<div class=\"_1mf _1mj\" data-offset-key=\"421ku-0-0\"><span style=\"font-size: 12pt;\" data-offset-key=\"421ku-0-0\"><\/span><\/div>\n<\/p><\/div>\n<div class=\"\" style=\"text-align: justify;\" data-block=\"true\" data-editor=\"c7dl9\" data-offset-key=\"brqfe-0-0\">\n<div class=\"_1mf _1mj\" data-offset-key=\"brqfe-0-0\"><span style=\"font-size: 12pt;\" data-offset-key=\"brqfe-0-0\">\u00a0\u00bb Touts Nations Unies sur le changement climatique 2021 (COP26) \u00e0 Londres en Grande Bretagne.<\/span><\/div>\n<\/p><\/div>\n<div class=\"\" style=\"text-align: justify;\" data-block=\"true\" data-editor=\"c7dl9\" data-offset-key=\"ft7t4-0-0\">\n<div class=\"_1mf _1mj\" data-offset-key=\"ft7t4-0-0\"><span style=\"font-size: 12pt;\" data-offset-key=\"ft7t4-0-0\"><\/span><\/div>\n<\/p><\/div>\n<div class=\"\" style=\"text-align: justify;\" data-block=\"true\" data-editor=\"c7dl9\" data-offset-key=\"88dto-0-0\">\n<div class=\"_1mf _1mj\" data-offset-key=\"88dto-0-0\"><span style=\"font-size: 12pt;\" data-offset-key=\"88dto-0-0\">Dans son mot au cours de ces assises, la patronne de l&rsquo;environnement en RDC, Eve Bazaiba a appel\u00e9 \u00e0 la reconnaissance \u00e9quitable des droits de la RDC pour ses potentialit\u00e9s qui contribuent \u00e0 la lutte contre le changement climatique.<\/span><\/div>\n<\/p><\/div>\n<div class=\"\" style=\"text-align: justify;\" data-block=\"true\" data-editor=\"c7dl9\" data-offset-key=\"eg1r0-0-0\">\n<div class=\"_1mf _1mj\" data-offset-key=\"dat12-0-0\"><span style=\"font-size: 12pt;\" data-offset-key=\"dat12-0-0\"><\/span> <\/p>\n<div class=\"\" dir=\"auto\">\n<div id=\"jsc_c_8i\" class=\"ecm0bbzt hv4rvrfc ihqw7lf3 dati1w0a\" data-ad-comet-preview=\"message\" data-ad-preview=\"message\">\n<div class=\"j83agx80 cbu4d94t ew0dbk1b irj2b8pg\">\n<div class=\"qzhwtbm6 knvmm38d\">\n<div class=\"kvgmc6g5 cxmmr5t8 oygrvhab hcukyx3x c1et5uql ii04i59q\">\n<div dir=\"auto\" style=\"text-align: start;\"><span style=\"font-size: 12pt;\">En marge de la r\u00e9union Minist\u00e9rielle de la COP26 \u00e0 Londres en Grande Bretagne, la d\u00e9l\u00e9gation congolaise (RD Congo), conduite par Madame Eve Bazaiba Masudi, Vice-Premier Ministre \u00e0 l&rsquo;Environnement et D\u00e9veloppement durable a eu une bilat\u00e9rale avec John Kerry, l&rsquo;Envoy\u00e9 sp\u00e9cial du Pr\u00e9sident des \u00c9tats-Unis pour le climat.<\/span><\/div>\n<div dir=\"auto\" style=\"text-align: start;\"><span style=\"font-size: 12pt;\">En toile de fond : la constitution de groupe de travail pour la RDC sur la question de changement climatique et l&rsquo;organisation par la RDC de la pr\u00e9 COP27.<\/span><\/div>\n<\/p><\/div>\n<\/p><\/div>\n<\/p><\/div>\n<\/p><\/div>\n<\/p><\/div>\n<\/p><\/div>\n<\/p><\/div>\n<div class=\"\" style=\"text-align: justify;\" data-block=\"true\" data-editor=\"c7dl9\" data-offset-key=\"2nb39-0-0\">\n<div class=\"_1mf _1mj\" data-offset-key=\"2nb39-0-0\"><span style=\"font-size: 12pt;\" data-offset-key=\"2nb39-0-0\">\u00a0\u00bb Tout en encourageant les initiatives internes des pays en voie de d\u00e9veloppement, il est crucial de maintenir l&rsquo;esprit de solidarit\u00e9 internationale autour des questions climatiques. Car les budgets souvent modestes des pays en d\u00e9veloppement ne sauront faire face en m\u00eame temps aux besoins multiples et pressants d&rsquo;adaptation au changement climatique et aux efforts d&rsquo;\u00e9radication de la pauvret\u00e9\u00a0\u00bb a dit la Patronne de l&rsquo;environnement devant ses pairs.<\/span><\/div>\n<\/p><\/div>\n<div class=\"\" style=\"text-align: justify;\" data-block=\"true\" data-editor=\"c7dl9\" data-offset-key=\"anj4a-0-0\">\n<div class=\"_1mf _1mj\" data-offset-key=\"anj4a-0-0\"><span style=\"font-size: 12pt;\" data-offset-key=\"anj4a-0-0\"><\/span><\/div>\n<\/p><\/div>\n<div class=\"\" style=\"text-align: justify;\" data-block=\"true\" data-editor=\"c7dl9\" data-offset-key=\"5f5dd-0-0\">\n<div class=\"_1mf _1mj\" data-offset-key=\"5f5dd-0-0\"><span style=\"font-size: 12pt;\" data-offset-key=\"5f5dd-0-0\">R\u00e9unis du 25 au 26 Juillet 2021 \u00e0 Ballroom, Park Plaza Westt, les Ministres des pays membres de l\u2019ONU en charge des questions de changement climatique vont jeter les bases des discussions pour l&rsquo;adoption des agendas communs \u00e0 la conf\u00e9rence COP26 \u00e0 Glasgow en Novembre.<\/span><\/div>\n<\/p><\/div>\n<div class=\"\" style=\"text-align: justify;\" data-block=\"true\" data-editor=\"c7dl9\" data-offset-key=\"brag5-0-0\">\n<div class=\"_1mf _1mj\" data-offset-key=\"brag5-0-0\"><span style=\"font-size: 12pt;\" data-offset-key=\"brag5-0-0\"><\/span><\/div>\n<\/p><\/div>\n<div class=\"\" style=\"text-align: justify;\" data-block=\"true\" data-editor=\"c7dl9\" data-offset-key=\"48r99-0-0\">\n<div class=\"_1mf _1mj\" data-offset-key=\"48r99-0-0\"><span style=\"font-size: 12pt;\" data-offset-key=\"48r99-0-0\">La r\u00e9union minist\u00e9rielle de Londres en perspective de la conf\u00e9rence sur le climat \u00e0 Glasgow se poursuit jusqu&rsquo;\u00e0 lundi avec d&rsquo;autres sessions. Sachez que la 26e Conf\u00e9rence Annuelle de l\u2019ONU sur le climat sous la Pr\u00e9sidence Britannique et en Partenariat avec l&rsquo;Italie aura lieu en 2021 \u00e0 Glasgow du 1er au 12 Novembre.<\/span><\/div>\n<\/p><\/div>\n<div class=\"\" style=\"text-align: justify;\" data-block=\"true\" data-editor=\"c7dl9\" data-offset-key=\"468sh-0-0\">\n<div class=\"_1mf _1mj\" data-offset-key=\"468sh-0-0\"><span style=\"font-size: 12pt;\" data-offset-key=\"468sh-0-0\"><\/span><\/div>\n<\/p><\/div>\n<div class=\"\" data-block=\"true\" data-editor=\"c7dl9\" data-offset-key=\"8e7vm-0-0\">\n<div class=\"_1mf _1mj\" style=\"text-align: justify;\" data-offset-key=\"8e7vm-0-0\"><span style=\"font-size: 12pt;\" data-offset-key=\"8e7vm-0-0\">Jordan MAYENIKINI<\/span><\/div>\n<\/p><\/div>\n<\/p><\/div>\n","protected":false},"excerpt":{"rendered":"<p>Londres, Grande Bretagne, 27 juillet 2021- En marge de la r\u00e9union Minist\u00e9rielle de la COP26 \u00e0 Londres&hellip;<\/p>\n","protected":false},"author":5,"featured_media":8393,"comment_status":"open","ping_status":"open","sticky":false,"template":"","format":"standard","meta":{"give_campaign_id":0,"rs_blank_template":"","rs_page_bg_color":"","slide_template_v7":"","_jetpack_newsletter_access":"","_jetpack_dont_email_post_to_subs":false,"_jetpack_newsletter_tier_id":0,"_jetpack_memberships_contains_paywalled_content":false,"_jetpack_feature_clip_id":0,"_jetpack_memberships_contains_paid_content":false,"footnotes":"","jetpack_post_was_ever_published":false},"categories":[117],"tags":[275],"class_list":["post-8394","post","type-post","status-publish","format-standard","has-post-thumbnail","hentry","category-actualites","tag-republique-democratique-du-congo"],"jetpack_sharing_enabled":true,"jetpack_featured_media_url":"https:\/\/comifac.org\/wp-content\/uploads\/2021\/07\/vice_PM_RDC_et_PM_UK_2_jpg.jpg","_links":{"self":[{"href":"https:\/\/comifac.org\/index.php?rest_route=\/wp\/v2\/posts\/8394","targetHints":{"allow":["GET"]}}],"collection":[{"href":"https:\/\/comifac.org\/index.php?rest_route=\/wp\/v2\/posts"}],"about":[{"href":"https:\/\/comifac.org\/index.php?rest_route=\/wp\/v2\/types\/post"}],"author":[{"embeddable":true,"href":"https:\/\/comifac.org\/index.php?rest_route=\/wp\/v2\/users\/5"}],"replies":[{"embeddable":true,"href":"https:\/\/comifac.org\/index.php?rest_route=%2Fwp%2Fv2%2Fcomments&post=8394"}],"version-history":[{"count":0,"href":"https:\/\/comifac.org\/index.php?rest_route=\/wp\/v2\/posts\/8394\/revisions"}],"wp:featuredmedia":[{"embeddable":true,"href":"https:\/\/comifac.org\/index.php?rest_route=\/wp\/v2\/media\/8393"}],"wp:attachment":[{"href":"https:\/\/comifac.org\/index.php?rest_route=%2Fwp%2Fv2%2Fmedia&parent=8394"}],"wp:term":[{"taxonomy":"category","embeddable":true,"href":"https:\/\/comifac.org\/index.php?rest_route=%2Fwp%2Fv2%2Fcategories&post=8394"},{"taxonomy":"post_tag","embeddable":true,"href":"https:\/\/comifac.org\/index.php?rest_route=%2Fwp%2Fv2%2Ftags&post=8394"}],"curies":[{"name":"wp","href":"https:\/\/api.w.org\/{rel}","templated":true}]}}