{"id":8397,"date":"2021-07-29T17:44:00","date_gmt":"2021-07-29T17:44:00","guid":{"rendered":"https:\/\/comifac.org\/la-comifac-en-marche-vers-les-grands-evenements-internationaux\/"},"modified":"2021-07-29T17:44:00","modified_gmt":"2021-07-29T17:44:00","slug":"la-comifac-en-marche-vers-les-grands-evenements-internationaux","status":"publish","type":"post","link":"https:\/\/comifac.org\/?p=8397","title":{"rendered":"Le bassin du Congo en marche vers les grands \u00e9v\u00e9nements internationaux&#8230;"},"content":{"rendered":"<p><img fetchpriority=\"high\" decoding=\"async\" class=\" size-full wp-image-8391\" src=\"https:\/\/comifac.org\/wp-content\/uploads\/2021\/07\/strats-image-4061342.png\" alt=\"\" width=\"746\" height=\"419\" srcset=\"https:\/\/comifac.org\/wp-content\/uploads\/2021\/07\/strats-image-4061342.png 746w, https:\/\/comifac.org\/wp-content\/uploads\/2021\/07\/strats-image-4061342-600x337.png 600w, https:\/\/comifac.org\/wp-content\/uploads\/2021\/07\/strats-image-4061342-400x225.png 400w, https:\/\/comifac.org\/wp-content\/uploads\/2021\/07\/strats-image-4061342-370x208.png 370w, https:\/\/comifac.org\/wp-content\/uploads\/2021\/07\/strats-image-4061342-387x217.png 387w, https:\/\/comifac.org\/wp-content\/uploads\/2021\/07\/strats-image-4061342-379x213.png 379w, https:\/\/comifac.org\/wp-content\/uploads\/2021\/07\/strats-image-4061342-500x281.png 500w, https:\/\/comifac.org\/wp-content\/uploads\/2021\/07\/strats-image-4061342-270x152.png 270w\" sizes=\"(max-width: 746px) 100vw, 746px\" \/><\/p>\n<p>Apr\u00e8s une ann\u00e9e marqu\u00e9e par la pand\u00e9mie de coronavirus et l&rsquo;annulation d&rsquo;une partie des \u00e9v\u00e9nements internationaux, 2021 est une ann\u00e9e tr\u00e8s attendue. Congr\u00e8s, conf\u00e9rences, symposium&#8230; Tour d&rsquo;horizon des dates majeures \u00e0 venir des 06 prochains mois.<\/p>\n<p>  <!--more-->  <\/p>\n<p style=\"text-align: justify;\">&nbsp;1- Congr\u00e8s mondial de l\u2019UICN 3-11 septembre 2021<\/p>\n<p>Le Congr\u00e8s mondial de l\u2019UICN a pour objectifs&nbsp;: (i) Rassembler et mobiliser le r\u00e9seau mondial de la conservation&nbsp;(ii) Identifier et \u00e9changer sur les questions importantes et \u00e9mergentes&nbsp;de la conservation (iii) Lancer des nouvelles actions en faveur de la conservation(iv) Etablir et influer sur les priorit\u00e9s d\u2019action et l\u2019agenda mondial pour la conservation notamment pour le cadre post 2020<\/p>\n<p style=\"text-align: justify;\">Plus d\u2019informations<span style=\"font-size: 12pt; font-family: times new roman, times;\"> <a href=\"https:\/\/www.iucncongress2020.org\/fr\">https:\/\/www.iucncongress2020.org\/fr<\/a><\/span><\/p>\n<p>2-&nbsp;&nbsp;&nbsp;&nbsp;&nbsp; Conf\u00e9rence des Nations Unies sur les changements climatiques (CCNUCC \u2013 COP 26) (1er-12 novembre 2021) \u00e0 Glasgow La 26e conf\u00e9rence annuelle de l&rsquo;ONU sur le climat sous la pr\u00e9sidence britannique et en partenariat avec l&rsquo;Italie aura lieu cette ann\u00e9e \u00e0 Glasgow. Il s\u2019agit sans aucun doute du sommet sur le climat le plus important depuis la COP 21 \u00e0 Paris en 2015. Il s\u2019agit sans aucun doute su sommet sur le climat le plus important dans la acapitale francaise, qui a abouti \u00e0 la signature de l\u2019Accord de Paris, 220 nchefs de gouvernement et de gouvernement participeront \u00e0 la COP 26 \u00e0 Glasgow, en Ecosse, du 1er au 12 novembre, pour accelerer leurs efforts en mati\u00e8rede lutte contre le changement climatique. Les Les engagements pris jusque l\u00e0 par les Etats ne permettent pas de respecter la trajectoire de rechauffement de 2 \u00b0C, voire 1,5 \u00b0C, figurant dans l\u2019Accord de Paris. Un rehaussement des ambitions est donc attendu lors de cette conf\u00e9rence.<\/p>\n<p>Le gouvernement britannique travaille autour de cinq campagnes pour la COP26 : (i) Adaptation et r\u00e9silience(ii) Nature(iii) Transition \u00e9nerg\u00e9tique(iv) Transport routier propre (v) Finance<\/p>\n<p style=\"text-align: justify;\">Plus d\u2019informations sur&nbsp;:<span style=\"font-size: 12pt; font-family: times new roman, times;\"> <a href=\"https:\/\/ukcop26.org\/\">https:\/\/ukcop26.org\/<\/a><\/span><\/p>\n<ul>\n<li>COP 15 Biodiversit\u00e9 Kunming, Chine, 11 &#8211; 24 Octobre 2021 (\u00e0 confirmer)<\/li>\n<\/ul>\n<p>La quinzi\u00e8me r\u00e9union de la Conf\u00e9rence des Parties (COP 15) \u00e0 la Convention sur la diversit\u00e9 biologique (CDB) se penchera sur le d\u00e9roulement et les r\u00e9sultats de la mise en \u0153uvre du Plan strat\u00e9gique 2011-2020 pour la diversit\u00e9 biologique. Il est \u00e9galement pr\u00e9vu que la d\u00e9cision finale concernant le cadre mondial de la biodiversit\u00e9 pour l\u2019apr\u00e8s-2020 y soit prise, parall\u00e8lement \u00e0 des d\u00e9cisions sur des sujets connexes, dont le renforcement des capacit\u00e9s et la mobilisation des ressources.<\/p>\n<p style=\"text-align: justify;\"><span style=\"font-size: 12pt; font-family: times new roman, times;\">Plus d\u2019informations sur&nbsp;: <a href=\"https:\/\/www.cbd.int\/cop\/\">https:\/\/www.cbd.int\/cop\/<\/a><\/span><\/p>\n<p>Vous allez aussi aimer:<\/p>\n<p><a href=\"actualites\/nouvelles\/le-bassin-du-congo-en-rangs-serres-pour-les-grands-evenements-internationaux-2021\">https:\/\/comifac.org\/actualites\/nouvelles\/le-bassin-du-congo-en-rangs-serres-pour-les-grands-evenements-internationaux-2021<\/a><\/p>\n<p><a href=\"actualites\/nouvelles\/climat-100-milliards-de-dollars-pour-l-afrique-le-financement-problematique-des-contributeurs-carbone\">https:\/\/comifac.org\/actualites\/nouvelles\/climat-100-milliards-de-dollars-pour-l-afrique-le-financement-problematique-des-contributeurs-carbone<\/a><\/p>\n","protected":false},"excerpt":{"rendered":"<p>Apr\u00e8s une ann\u00e9e marqu\u00e9e par la pand\u00e9mie de coronavirus et l&rsquo;annulation d&rsquo;une partie des \u00e9v\u00e9nements internationaux, 2021&hellip;<\/p>\n","protected":false},"author":5,"featured_media":8391,"comment_status":"open","ping_status":"open","sticky":false,"template":"","format":"standard","meta":{"give_campaign_id":0,"rs_blank_template":"","rs_page_bg_color":"","slide_template_v7":"","_jetpack_newsletter_access":"","_jetpack_dont_email_post_to_subs":false,"_jetpack_newsletter_tier_id":0,"_jetpack_memberships_contains_paywalled_content":false,"_jetpack_feature_clip_id":0,"_jetpack_memberships_contains_paid_content":false,"footnotes":"","jetpack_post_was_ever_published":false},"categories":[117],"tags":[],"class_list":["post-8397","post","type-post","status-publish","format-standard","has-post-thumbnail","hentry","category-actualites"],"jetpack_sharing_enabled":true,"jetpack_featured_media_url":"https:\/\/comifac.org\/wp-content\/uploads\/2021\/07\/strats-image-4061342.png","_links":{"self":[{"href":"https:\/\/comifac.org\/index.php?rest_route=\/wp\/v2\/posts\/8397","targetHints":{"allow":["GET"]}}],"collection":[{"href":"https:\/\/comifac.org\/index.php?rest_route=\/wp\/v2\/posts"}],"about":[{"href":"https:\/\/comifac.org\/index.php?rest_route=\/wp\/v2\/types\/post"}],"author":[{"embeddable":true,"href":"https:\/\/comifac.org\/index.php?rest_route=\/wp\/v2\/users\/5"}],"replies":[{"embeddable":true,"href":"https:\/\/comifac.org\/index.php?rest_route=%2Fwp%2Fv2%2Fcomments&post=8397"}],"version-history":[{"count":0,"href":"https:\/\/comifac.org\/index.php?rest_route=\/wp\/v2\/posts\/8397\/revisions"}],"wp:featuredmedia":[{"embeddable":true,"href":"https:\/\/comifac.org\/index.php?rest_route=\/wp\/v2\/media\/8391"}],"wp:attachment":[{"href":"https:\/\/comifac.org\/index.php?rest_route=%2Fwp%2Fv2%2Fmedia&parent=8397"}],"wp:term":[{"taxonomy":"category","embeddable":true,"href":"https:\/\/comifac.org\/index.php?rest_route=%2Fwp%2Fv2%2Fcategories&post=8397"},{"taxonomy":"post_tag","embeddable":true,"href":"https:\/\/comifac.org\/index.php?rest_route=%2Fwp%2Fv2%2Ftags&post=8397"}],"curies":[{"name":"wp","href":"https:\/\/api.w.org\/{rel}","templated":true}]}}