{"id":8410,"date":"2021-08-10T14:05:12","date_gmt":"2021-08-10T14:05:12","guid":{"rendered":"https:\/\/comifac.org\/la-comifac-relance-les-activites-du-groupe-de-travail-gouvernance-forestiere-gtgf\/"},"modified":"2021-08-10T14:05:12","modified_gmt":"2021-08-10T14:05:12","slug":"la-comifac-relance-les-activites-du-groupe-de-travail-gouvernance-forestiere-gtgf","status":"publish","type":"post","link":"https:\/\/comifac.org\/?p=8410","title":{"rendered":"La COMIFAC relance les activit\u00e9s du Groupe de Travail Gouvernance Foresti\u00e8re (GTGF)"},"content":{"rendered":"<p><img fetchpriority=\"high\" decoding=\"async\" class=\" size-full wp-image-8409\" src=\"https:\/\/comifac.org\/wp-content\/uploads\/2021\/08\/SEC.jpg\" alt=\"\" width=\"1080\" height=\"720\" srcset=\"https:\/\/comifac.org\/wp-content\/uploads\/2021\/08\/SEC.jpg 1080w, https:\/\/comifac.org\/wp-content\/uploads\/2021\/08\/SEC-600x400.jpg 600w, https:\/\/comifac.org\/wp-content\/uploads\/2021\/08\/SEC-400x267.jpg 400w, https:\/\/comifac.org\/wp-content\/uploads\/2021\/08\/SEC-1024x683.jpg 1024w, https:\/\/comifac.org\/wp-content\/uploads\/2021\/08\/SEC-768x512.jpg 768w, https:\/\/comifac.org\/wp-content\/uploads\/2021\/08\/SEC-370x247.jpg 370w, https:\/\/comifac.org\/wp-content\/uploads\/2021\/08\/SEC-760x507.jpg 760w, https:\/\/comifac.org\/wp-content\/uploads\/2021\/08\/SEC-387x258.jpg 387w, https:\/\/comifac.org\/wp-content\/uploads\/2021\/08\/SEC-500x333.jpg 500w\" sizes=\"(max-width: 1080px) 100vw, 1080px\" \/><\/p>\n<p>Brazzaville, R\u00e9publique du Congo, 09 ao\u00fbt 2021- A l\u2019initiative du Secr\u00e9tariat Ex\u00e9cutif de la Commission des For\u00eats d\u2019Afrique Centrale (COMIFAC), une r\u00e9union pr\u00e9paratoire des pays d\u2019Afrique Centrale au symposium international sur les for\u00eats tropicales et l\u2019atelier sous-r\u00e9gional sur la fiscalit\u00e9 du bois (fiscalit\u00e9 incitative) s\u2019est ouvert ce jour. Le pr\u00e9sent atelier a aussi pour objectif g\u00e9n\u00e9ral de proc\u00e9der \u00e0 la relance des activit\u00e9s du GTGF.<\/p>\n<p>  <!--more-->  <\/p>\n<p>&nbsp;<\/p>\n<p>De mani\u00e8re sp\u00e9cifique, il s\u2019agira de&nbsp;: (i) pr\u00e9senter la nouvelle structuration du GTGF, ainsi que ses nouvelles missions ; (ii) valider la composition du Groupe de Travail de Gouvernance Foresti\u00e8re&nbsp;; (iii) valider la composition des membres des groupes th\u00e9matiques du GTGF ; (iv) d\u00e9crypter les r\u00e9solutions prises lors de la seizi\u00e8me session du FNUF&nbsp;; (v) \u00e9laborer la feuille de route pour le renforcement des capacit\u00e9s des pays pour l\u2019\u00e9laboration des rapports nationaux et la synth\u00e8se sous-r\u00e9gionale sur la mise en \u0153uvre du Plan strat\u00e9gique des&nbsp;Nations Unies sur les for\u00eats&nbsp;2017-2030 (PSNUF)&nbsp;; (vi) examiner le cadre logique du programme visant \u00e0 promouvoir le commerce des bois tropicaux l\u00e9gaux et durables entre l\u2019Afrique, la Chine et les march\u00e9s internationaux en pr\u00e9lude au symposium international sur les for\u00eats tropicales&nbsp;; (vii) Pr\u00e9parer une position commune par rapport au boycott du bois tropical africain par les<\/p>\n<p>La rencontre contribue aussi \u00e0 la mat\u00e9rialisation de l\u2019engagement des pays d\u2019Afrique Centrale \u00e0 collaborer pour la gestion durable de leurs \u00e9cosyst\u00e8mes forestiers tropicaux qui constituent le massif forestier du Bassin du Congo, reconnu pour sa biodiversit\u00e9 exceptionnelle, l\u2019importance de ses potentialit\u00e9s \u00e9conomiques, ses valeurs sociales et culturelles primordiales pour les communaut\u00e9s locales et autochtones, ainsi que sa contribution essentielle \u00e0 l\u2019\u00e9quilibre de la plan\u00e8te.<\/p>\n<p>Y prennent part, une cinquantaine de participants repr\u00e9sentant entre autres&nbsp;: (i) les personnes ressources en provenance des pays membres de la COMIFAC, (ii) les repr\u00e9sentants des administrations foresti\u00e8re, la soci\u00e9t\u00e9 civile, (iii) les partenaires techniques et financiers, (iv) le secteur priv\u00e9.<\/p>\n<p>&nbsp;La c\u00e9r\u00e9monie d\u2019ouverture a \u00e9t\u00e9 marqu\u00e9e par trois allocutions : celle du charg\u00e9 d\u2019affaires de l\u2019ambassade de l\u2019Allemagne au Congo, Jonas Wiesenecker, du Secr\u00e9taire Ex\u00e9cutif de la COMIFAC Herv\u00e9 Maidou et du Ministre de l\u2019Economie Foresti\u00e8re Madame Rosalie Matondo.<\/p>\n<p>En rappel, la <strong>COMIFAC<\/strong> a institu\u00e9 des <strong>groupes de travail<\/strong> sp\u00e9cialis\u00e9s, parmi lesquels le <strong>Groupe de Travail Gouvernance Foresti\u00e8re<\/strong> (GTGF) qui fonctionne comme un collectif modulable de r\u00e9seaux d&rsquo;experts sur les th\u00e9matiques prioritaires pour faciliter la r\u00e9alisation de ses missions statutaires.<\/p>\n<p>La rencontre b\u00e9n\u00e9ficie du soutien financier de la Coop\u00e9ration technique Allemande au D\u00e9veloppement (GIZ), \u00e0 travers le Projet GIZ \u00ab&nbsp;Appui r\u00e9gional \u00e0 la COMIFAC&nbsp;\u00bb.<\/p>\n","protected":false},"excerpt":{"rendered":"<p>Brazzaville, R\u00e9publique du Congo, 09 ao\u00fbt 2021- A l\u2019initiative du Secr\u00e9tariat Ex\u00e9cutif de la Commission des For\u00eats&hellip;<\/p>\n","protected":false},"author":5,"featured_media":8409,"comment_status":"open","ping_status":"open","sticky":false,"template":"","format":"standard","meta":{"give_campaign_id":0,"rs_blank_template":"","rs_page_bg_color":"","slide_template_v7":"","_jetpack_newsletter_access":"","_jetpack_dont_email_post_to_subs":false,"_jetpack_newsletter_tier_id":0,"_jetpack_memberships_contains_paywalled_content":false,"_jetpack_feature_clip_id":0,"_jetpack_memberships_contains_paid_content":false,"footnotes":"","jetpack_post_was_ever_published":false},"categories":[117],"tags":[],"class_list":["post-8410","post","type-post","status-publish","format-standard","has-post-thumbnail","hentry","category-actualites"],"jetpack_sharing_enabled":true,"jetpack_featured_media_url":"https:\/\/comifac.org\/wp-content\/uploads\/2021\/08\/SEC.jpg","_links":{"self":[{"href":"https:\/\/comifac.org\/index.php?rest_route=\/wp\/v2\/posts\/8410","targetHints":{"allow":["GET"]}}],"collection":[{"href":"https:\/\/comifac.org\/index.php?rest_route=\/wp\/v2\/posts"}],"about":[{"href":"https:\/\/comifac.org\/index.php?rest_route=\/wp\/v2\/types\/post"}],"author":[{"embeddable":true,"href":"https:\/\/comifac.org\/index.php?rest_route=\/wp\/v2\/users\/5"}],"replies":[{"embeddable":true,"href":"https:\/\/comifac.org\/index.php?rest_route=%2Fwp%2Fv2%2Fcomments&post=8410"}],"version-history":[{"count":0,"href":"https:\/\/comifac.org\/index.php?rest_route=\/wp\/v2\/posts\/8410\/revisions"}],"wp:featuredmedia":[{"embeddable":true,"href":"https:\/\/comifac.org\/index.php?rest_route=\/wp\/v2\/media\/8409"}],"wp:attachment":[{"href":"https:\/\/comifac.org\/index.php?rest_route=%2Fwp%2Fv2%2Fmedia&parent=8410"}],"wp:term":[{"taxonomy":"category","embeddable":true,"href":"https:\/\/comifac.org\/index.php?rest_route=%2Fwp%2Fv2%2Fcategories&post=8410"},{"taxonomy":"post_tag","embeddable":true,"href":"https:\/\/comifac.org\/index.php?rest_route=%2Fwp%2Fv2%2Ftags&post=8410"}],"curies":[{"name":"wp","href":"https:\/\/api.w.org\/{rel}","templated":true}]}}