{"id":8565,"date":"2021-09-11T23:50:04","date_gmt":"2021-09-11T23:50:04","guid":{"rendered":"https:\/\/comifac.org\/congres-mondial-de-la-nature-manifeste-de-marseille\/"},"modified":"2021-09-11T23:50:04","modified_gmt":"2021-09-11T23:50:04","slug":"congres-mondial-de-la-nature-manifeste-de-marseille","status":"publish","type":"post","link":"https:\/\/comifac.org\/?p=8565","title":{"rendered":"Congr\u00e8s mondial de la nature : MANIFESTE DE MARSEILLE"},"content":{"rendered":"<p style=\"text-align: justify;\">Le Manifeste de Marseille vise \u00e0 capturer les messages cl\u00e9s, pertinents et globaux, li\u00e9s aux travaux du Congr\u00e8s. Ce Manifeste comprend l\u2019ensemble des engagements et des annonces notables qui ont \u00e9merg\u00e9 du Congr\u00e8s. Ce document se focalise sur la reprise fond\u00e9e sur la nature pour la p\u00e9riode post-pand\u00e9mique, la crise de la biodiversit\u00e9 et l&rsquo;urgence climatique.<\/p>\n<p>  <!--more-->  <\/p>\n<p style=\"text-align: justify;\">&nbsp;<\/p>\n<p style=\"text-align: justify;\">Ce Manifeste est issu d\u2019un processus de consultation des Membres de l&rsquo;UICN. Il a \u00e9t\u00e9 pr\u00e9sent\u00e9 et accueilli par acclamation lors de la 8e s\u00e9ance de l&rsquo;Assembl\u00e9e des Membres, le 10 septembre 2021.<\/p>\n<p>Pour d\u2019amples informations, bien vouloir t\u00e9l\u00e9charger le &nbsp;MANIFESTE DE MARSEILLE ci-dessous :<\/p>\n<ul class=\"enclosure\">\n<li class=\"download-element ext-pdf\"><a href=\"https:\/\/pfbc-cbfp.org\/actualites-partenaires\/MANIFESTE-MARSEILLE.html?file=files\/docs\/news\/9-2021\/-marseille_manifesto_-_iucn_world_conservation_congress_-_10_september_2021_-_fr.pdf\" title=\"T\u00e9l\u00e9charger -marseille_manifesto_-_iucn_world_conservation_congress_-_10_september_2021_-_fr.pdf\">-marseille_manifesto_-_iucn_world_conservation_congress_-_10_september_2021_-_fr.pdf <span class=\"size\">(2.4 Mo)<\/span><\/a><\/li>\n<\/ul>\n","protected":false},"excerpt":{"rendered":"<p>Le Manifeste de Marseille vise \u00e0 capturer les messages cl\u00e9s, pertinents et globaux, li\u00e9s aux travaux du&hellip;<\/p>\n","protected":false},"author":5,"featured_media":8564,"comment_status":"open","ping_status":"open","sticky":false,"template":"","format":"standard","meta":{"give_campaign_id":0,"rs_blank_template":"","rs_page_bg_color":"","slide_template_v7":"","_jetpack_newsletter_access":"","_jetpack_dont_email_post_to_subs":false,"_jetpack_newsletter_tier_id":0,"_jetpack_memberships_contains_paywalled_content":false,"_jetpack_feature_clip_id":0,"_jetpack_memberships_contains_paid_content":false,"footnotes":"","jetpack_post_was_ever_published":false},"categories":[117],"tags":[],"class_list":["post-8565","post","type-post","status-publish","format-standard","has-post-thumbnail","hentry","category-actualites"],"jetpack_sharing_enabled":true,"jetpack_featured_media_url":"https:\/\/comifac.org\/wp-content\/uploads\/2021\/09\/-Cqlaue_massif.JPG","_links":{"self":[{"href":"https:\/\/comifac.org\/index.php?rest_route=\/wp\/v2\/posts\/8565","targetHints":{"allow":["GET"]}}],"collection":[{"href":"https:\/\/comifac.org\/index.php?rest_route=\/wp\/v2\/posts"}],"about":[{"href":"https:\/\/comifac.org\/index.php?rest_route=\/wp\/v2\/types\/post"}],"author":[{"embeddable":true,"href":"https:\/\/comifac.org\/index.php?rest_route=\/wp\/v2\/users\/5"}],"replies":[{"embeddable":true,"href":"https:\/\/comifac.org\/index.php?rest_route=%2Fwp%2Fv2%2Fcomments&post=8565"}],"version-history":[{"count":0,"href":"https:\/\/comifac.org\/index.php?rest_route=\/wp\/v2\/posts\/8565\/revisions"}],"wp:featuredmedia":[{"embeddable":true,"href":"https:\/\/comifac.org\/index.php?rest_route=\/wp\/v2\/media\/8564"}],"wp:attachment":[{"href":"https:\/\/comifac.org\/index.php?rest_route=%2Fwp%2Fv2%2Fmedia&parent=8565"}],"wp:term":[{"taxonomy":"category","embeddable":true,"href":"https:\/\/comifac.org\/index.php?rest_route=%2Fwp%2Fv2%2Fcategories&post=8565"},{"taxonomy":"post_tag","embeddable":true,"href":"https:\/\/comifac.org\/index.php?rest_route=%2Fwp%2Fv2%2Ftags&post=8565"}],"curies":[{"name":"wp","href":"https:\/\/api.w.org\/{rel}","templated":true}]}}