{"id":8598,"date":"2021-10-13T15:08:24","date_gmt":"2021-10-13T15:08:24","guid":{"rendered":"https:\/\/comifac.org\/la-semaine-africaine-du-climat-2021-prepare-le-terrain-pour-une-ambition-regionale-avant-la-cop-26-unfccc\/"},"modified":"2021-10-13T15:08:24","modified_gmt":"2021-10-13T15:08:24","slug":"la-semaine-africaine-du-climat-2021-prepare-le-terrain-pour-une-ambition-regionale-avant-la-cop-26-unfccc","status":"publish","type":"post","link":"https:\/\/comifac.org\/?p=8598","title":{"rendered":"La Semaine africaine du climat 2021 pr\u00e9pare le terrain pour une ambition r\u00e9gionale avant la COP 26 &#8211; UNFCCC"},"content":{"rendered":"<p style=\"text-align: justify;\"><em>ONU Climat Infos, le 30 septembre 2021 &#8211; Les sessions th\u00e9matiques virtuelles de la Semaine africaine du climat 2021 (ACW 2021) se sont achev\u00e9es, contribuant \u00e0 planter le d\u00e9cor d&rsquo;une action r\u00e9gionale plus ambitieuse pour lutter contre les changements climatiques avant la COP 26 prochaine Conf\u00e9rence des Nations Unies sur le changement climatique qui se tiendra \u00e0 Glasgow en novembre.<\/em><\/p>\n<p>  <!--more-->  <\/p>\n<p style=\"text-align: justify;\">\n<p style=\"text-align: justify;\">Plus de 1 600 participants ont activement particip\u00e9 \u00e0 cette r\u00e9union virtuelle, le gouvernement h\u00f4te d&rsquo;Ouganda ayant convoqu\u00e9 les gouvernements de tous les niveaux de la r\u00e9gion, ainsi que des dirigeants du secteur priv\u00e9, des experts universitaires et d&rsquo;autres parties prenantes cl\u00e9s.<\/p>\n<p style=\"text-align: justify;\">Les deux prochains mois seront d\u00e9terminants pour le succ\u00e8s de nos efforts collectifs en mati\u00e8re de changement climatique, ici en Afrique et dans le monde entier, a d\u00e9clar\u00e9 Patricia Espinosa, secr\u00e9taire d\u2019ONU Climat, en s&rsquo;adressant aux participants. Votre contribution est vitale pour ce succ\u00e8s&#8230; Nous avons besoin de vos id\u00e9es transformatrices pour conduire ce qui, en fin de compte, doit \u00eatre une d\u00e9cennie et un si\u00e8cle transformateurs.<\/p>\n<p style=\"text-align: justify;\">L&rsquo;honorable Beatrice A. Anywar, ministre d&rsquo;\u00c9tat \u00e0 l&rsquo;environnement, gouvernement d&rsquo;Ouganda, a d\u00e9clar\u00e9 : Les \u00e9v\u00e9nements que nous avons observ\u00e9s ne nous laissent pas d&rsquo;autre choix que de nous concentrer sur l&rsquo;acc\u00e9l\u00e9ration de l&rsquo;action transformationnelle et sur la mise en \u0153uvre de cette action dans le cadre de nos responsabilit\u00e9s communes mais diff\u00e9renci\u00e9es. Je suis convaincu que l&rsquo;engagement dont vous avez fait preuve pour participer \u00e0 cet \u00e9v\u00e9nement virtuel t\u00e9moigne d&rsquo;une volont\u00e9 d&rsquo;action audacieuse. Continuez sur cette lanc\u00e9e.<\/p>\n<p style=\"text-align: justify;\">Les principaux organisateurs partenaires ont men\u00e9 trois jours de discussions sur les th\u00e8mes n\u00e9cessaires \u00e0 l&rsquo;\u00e9laboration de r\u00e9ponses efficaces au changement climatique<\/p>\n<p style=\"text-align: justify;\">Le groupe de la Banque mondiale a examin\u00e9 les approches \u00e9conomiques pour une reprise durable et verte.<\/p>\n<p style=\"text-align: justify;\">Le Programme des Nations unies pour le d\u00e9veloppement (PNUD) a explor\u00e9 comment le risque climatique et les solutions climatiques remod\u00e8lent diff\u00e9rents secteurs.<\/p>\n<p style=\"text-align: justify;\">Le Programme des Nations unies pour l\u2019environnement (PNUE) a r\u00e9imagin\u00e9 l&rsquo;avenir et s&rsquo;est pench\u00e9 sur les comportements, les technologies et les financements qui nous y m\u00e8neront.<\/p>\n<p style=\"text-align: justify;\">L&rsquo;ACW 2021 a accueilli 190 intervenants dans 146 sessions virtuelles pr\u00e9sent\u00e9es en collaboration avec des dizaines d&rsquo;organisations mondiales et r\u00e9gionales africaines.<\/p>\n<p style=\"text-align: justify;\">Au cours de l&rsquo;ACW 2021, la pr\u00e9sidence britannique de la COP 26 a organis\u00e9 une s\u00e9rie de sessions pr\u00e9paratoires pour pr\u00e9parer la participation des d\u00e9l\u00e9gu\u00e9s africains \u00e0 la COP 26.<\/p>\n<p style=\"text-align: justify;\">Janet Rogan, ambassadrice r\u00e9gionale de la COP 26 pour l&rsquo;Afrique et le Moyen-Orient, a d\u00e9clar\u00e9 : La Semaine africaine du climat nous a permis d&rsquo;\u00e9tablir de nouveaux partenariats et de renforcer les partenariats existants. Ce type de collaboration est fondamental si nous voulons r\u00e9ussir \u00e0 maintenir l&rsquo;objectif de temp\u00e9rature de 1,5 degr\u00e9 Celsius \u00e0 port\u00e9e de main et \u00e0 nous adapter aux impacts actuels et futurs du changement climatique.<\/p>\n<p style=\"text-align: justify;\">En effet, ce n&rsquo;est qu&rsquo;en travaillant ensemble que nous pourrons r\u00e9ellement contribuer \u00e0 r\u00e9aliser l&rsquo;ambition de l&rsquo;Accord de Paris, tout en \u00e9tant conscients des opportunit\u00e9s et des d\u00e9fis uniques que cela repr\u00e9sente dans la r\u00e9gion. J&rsquo;ai h\u00e2te de mettre \u00e0 profit les conversations que nous avons eues au-del\u00e0 de cette Semaine du climat et dans les semaines qui pr\u00e9c\u00e8dent la COP 26.<\/p>\n<p style=\"text-align: justify;\">Un rapport de conclusions de l&rsquo;ACW 2021 sera publi\u00e9 en ligne au mois d\u2019octobre et inclus dans un communiqu\u00e9 de haut niveau des Semaines climatiques r\u00e9gionales 2021. Prenant la place d&rsquo;une r\u00e9union minist\u00e9rielle, le communiqu\u00e9 sera publi\u00e9 avant la COP 26 et informera le segment minist\u00e9riel de la conf\u00e9rence des Nations unies sur le changement climatique COP 26. Le communiqu\u00e9 pr\u00e9sentera les r\u00e9sultats des trois Semaines r\u00e9gionales du climat de 2021 et sera pr\u00e9sent\u00e9 \u00e0 la pr\u00e9sidence de la COP 26 lors d&rsquo;un \u00e9v\u00e9nement sp\u00e9cial.<\/p>\n<p style=\"text-align: justify;\">&nbsp;<\/p>\n","protected":false},"excerpt":{"rendered":"<p>ONU Climat Infos, le 30 septembre 2021 &#8211; Les sessions th\u00e9matiques virtuelles de la Semaine africaine du&hellip;<\/p>\n","protected":false},"author":5,"featured_media":8597,"comment_status":"open","ping_status":"open","sticky":false,"template":"","format":"standard","meta":{"give_campaign_id":0,"rs_blank_template":"","rs_page_bg_color":"","slide_template_v7":"","_jetpack_newsletter_access":"","_jetpack_dont_email_post_to_subs":false,"_jetpack_newsletter_tier_id":0,"_jetpack_memberships_contains_paywalled_content":false,"_jetpack_feature_clip_id":0,"_jetpack_memberships_contains_paid_content":false,"footnotes":"","jetpack_post_was_ever_published":false},"categories":[117],"tags":[],"class_list":["post-8598","post","type-post","status-publish","format-standard","has-post-thumbnail","hentry","category-actualites"],"jetpack_sharing_enabled":true,"jetpack_featured_media_url":"https:\/\/comifac.org\/wp-content\/uploads\/2021\/10\/-Africa_solar_banner.jpg","_links":{"self":[{"href":"https:\/\/comifac.org\/index.php?rest_route=\/wp\/v2\/posts\/8598","targetHints":{"allow":["GET"]}}],"collection":[{"href":"https:\/\/comifac.org\/index.php?rest_route=\/wp\/v2\/posts"}],"about":[{"href":"https:\/\/comifac.org\/index.php?rest_route=\/wp\/v2\/types\/post"}],"author":[{"embeddable":true,"href":"https:\/\/comifac.org\/index.php?rest_route=\/wp\/v2\/users\/5"}],"replies":[{"embeddable":true,"href":"https:\/\/comifac.org\/index.php?rest_route=%2Fwp%2Fv2%2Fcomments&post=8598"}],"version-history":[{"count":0,"href":"https:\/\/comifac.org\/index.php?rest_route=\/wp\/v2\/posts\/8598\/revisions"}],"wp:featuredmedia":[{"embeddable":true,"href":"https:\/\/comifac.org\/index.php?rest_route=\/wp\/v2\/media\/8597"}],"wp:attachment":[{"href":"https:\/\/comifac.org\/index.php?rest_route=%2Fwp%2Fv2%2Fmedia&parent=8598"}],"wp:term":[{"taxonomy":"category","embeddable":true,"href":"https:\/\/comifac.org\/index.php?rest_route=%2Fwp%2Fv2%2Fcategories&post=8598"},{"taxonomy":"post_tag","embeddable":true,"href":"https:\/\/comifac.org\/index.php?rest_route=%2Fwp%2Fv2%2Ftags&post=8598"}],"curies":[{"name":"wp","href":"https:\/\/api.w.org\/{rel}","templated":true}]}}