{"id":8629,"date":"2021-11-03T19:24:24","date_gmt":"2021-11-03T19:24:24","guid":{"rendered":"https:\/\/comifac.org\/synthese-sur-les-evenements-en-cours-a-la-cop-26-climat-a-glasgow\/"},"modified":"2021-11-03T19:24:24","modified_gmt":"2021-11-03T19:24:24","slug":"synthese-sur-les-evenements-en-cours-a-la-cop-26-climat-a-glasgow","status":"publish","type":"post","link":"https:\/\/comifac.org\/?p=8629","title":{"rendered":"COP 26 CLIMAT \u00e0 Glasgow:synthese du jour 1"},"content":{"rendered":"<div itemprop=\"articleBody\">\n<div class=\"ce_text block\">\n<p style=\"text-align: justify;\"><span style=\"font-size: 12pt;\"><em>La Conf\u00e9rence des Nations Unies sur le changement climatique s&rsquo;est ouverte ce dimanche, 31 octobre 2021, \u00e0 Glasgow, en \u00c9cosse avec pour objectifs cl\u00e9s de relever l&rsquo;ambition sur tous les fronts et de finaliser les orientations de mise en \u0153uvre de l&rsquo;accord.<\/em><\/span><\/p>\n<p>  <!--more-->  <\/p>\n<p style=\"text-align: justify;\">&nbsp;<\/p>\n<p style=\"text-align: justify;\"><span style=\"font-size: 12pt;\"><img decoding=\"async\" src=\"https:\/\/pfbc-cbfp.org\/files\/docs\/COP26\/WhatsApp%20Image%202021-10-31%20at%2013.53.44.jpeg\" alt=\"\" \/><\/span><\/p>\n<p style=\"text-align: justify;\"><span style=\"font-size: 12pt;\"><strong>Plusieurs discours ont ponctu\u00e9 la c\u00e9r\u00e9monie d\u2019ouverture.<\/strong><\/span><\/p>\n<p style=\"text-align: justify;\"><span style=\"font-size: 12pt;\">Dans son allocution, Mme Patricia Espinosa, Secr\u00e9taire Ex\u00e9cutive de la Convention-cadre des Nations-Unies sur les changements climatiques a d\u00e9clar\u00e9 que \u00ab\u00a0L&rsquo;humanit\u00e9 est face \u00e0 des choix difficiles, mais clairs\u00a0\u00bb,<\/span><\/p>\n<p style=\"text-align: justify;\"><span style=\"font-size: 12pt;\">\u00ab\u00a0Nous pouvons soit choisir de reconna\u00eetre que continuer les choses telles qu&rsquo;elles sont ne vaut pas le prix d\u00e9vastateur que nous devons payer et mettre en place la transition n\u00e9cessaire, ou alors accepter de participer \u00e0 notre propre extinction\u00a0\u00bb, a-t-elle pr\u00e9venu.<\/span><\/p>\n<p style=\"text-align: justify;\"><span style=\"font-size: 12pt;\">\u00ab Les pertes de vies et de moyens de subsistance d\u00e9vastatrices cette ann\u00e9e en raison d&rsquo;\u00e9v\u00e9nements m\u00e9t\u00e9orologiques extr\u00eames clarifient \u00e0 quel point il est important de convoquer la COP26 malgr\u00e9 les effets de la pand\u00e9mie qui se font encore sentir. Nous sommes sur la bonne voie pour une augmentation de la temp\u00e9rature mondiale de 2,7\u00b0C, alors que nous devrions nous diriger vers l&rsquo;objectif de 1,5\u00b0C. Clairement, nous sommes dans une urgence climatique. De toute \u00e9vidence, nous devons nous en occuper. De toute \u00e9vidence, nous devons aider les plus vuln\u00e9rables \u00e0 faire face. Pour y parvenir avec succ\u00e8s, une plus grande ambition est d\u00e9sormais essentielle \u00bb, a-t-elle soulign\u00e9.<\/span><\/p>\n<p style=\"text-align: justify;\"><span style=\"font-size: 12pt;\">\u00ab Nous n&rsquo;avons pas d&rsquo;autre choix que de faire de la COP26 un succ\u00e8s. Pour cela, nous avons besoin d&rsquo;une unit\u00e9 de but. Nous devons quitter Glasgow avec un ensemble \u00e9quilibr\u00e9 de d\u00e9cisions qui refl\u00e8tent les positions de tous les pays. Avec une volont\u00e9 de compromis parmi les nombreuses perspectives, nous pouvons arriver \u00e0 des solutions r\u00e9alisables et ambitieuses qui nous aideront \u00e0 maintenir l&rsquo;objectif 1.5C \u00e0 port\u00e9e de main. Nous sommes pr\u00eats \u00e0 travailler avec toutes les Parties et \u00e0 ne laisser aucune voix derri\u00e8re nous pour atteindre cet objectif important \u00bb, a d\u00e9clar\u00e9 Mme Espinosa.<\/span><\/p>\n<p style=\"text-align: justify;\"><span style=\"font-size: 12pt;\">S&rsquo;adressant \u00e0 la conf\u00e9rence apr\u00e8s son \u00e9lection, le pr\u00e9sident de la CdP, Alok Sharma, a remerci\u00e9 les d\u00e9l\u00e9gu\u00e9s de s&rsquo;\u00eatre rendus \u00e0 Glasgow et a soulign\u00e9 le besoin urgent d&rsquo;agir. Il a d\u00e9clar\u00e9 que&nbsp; le sommet \u00e9tait le \u00ab\u00a0dernier et meilleur espoir\u00a0\u00bb au monde d&rsquo;atteindre l&rsquo;objectif de 1,5\u00b0C.<\/span><\/p>\n<p style=\"text-align: justify;\"><span style=\"font-size: 12pt;\">\u00ab En tant que pr\u00e9sident de la COP il a dit qu\u2019il&nbsp; s&rsquo;engage \u00e0 promouvoir la transparence et l&rsquo;inclusivit\u00e9, et qu\u2019il dirigera cette conf\u00e9rence conform\u00e9ment au projet de r\u00e8glement int\u00e9rieur et dans le plus grand respect de la nature du processus de la conf\u00e9rence ax\u00e9e sur les partis. \u00ab Dans cet esprit, je pense, a-t-il poursuivi que nous pouvons r\u00e9soudre les probl\u00e8mes en suspens. Nous pouvons faire avancer les n\u00e9gociations. Nous pouvons lancer une d\u00e9cennie d&rsquo;ambition et d&rsquo;action sans cesse croissantes. Ensemble, nous pouvons saisir les \u00e9normes opportunit\u00e9s pour une croissance verte, pour de bons emplois verts, pour une \u00e9nergie moins ch\u00e8re et plus propre. Mais nous devons nous mettre en route pour d\u00e9velopper les solutions dont nous avons besoin. Et ce travail commence aujourd&rsquo;hui. Nous r\u00e9ussirons, ou \u00e9chouerons, comme un seul.<\/span><\/p>\n<p style=\"text-align: right;\"><span style=\"font-size: 12pt;\"><em><strong>Val\u00e9rie TCHUANTE TITE<\/strong><\/em><\/span><\/p>\n<\/p><\/div>\n<div class=\"ce_gallery block\">\n<h2><span style=\"font-size: 12pt;\">Voir des photos de la premi\u00e8re journ\u00e9e de la COP26:<\/span><\/h2>\n<ul class=\"cols_4\" itemscope=\"itemscope\" itemtype=\"http:\/\/schema.org\/ImageGallery\">\n<li class=\"row_0 row_first even col_0 col_first\">\n<figure class=\"image_container\"><span style=\"font-size: 12pt;\"><a href=\"https:\/\/pfbc-cbfp.org\/files\/docs\/COP26\/WhatsApp%20Image%202021-10-31%20at%2013.53.43.jpeg\" class=\"cboxElement\" data-lightbox=\"lb5765\"> <img fetchpriority=\"high\" decoding=\"async\" src=\"https:\/\/pfbc-cbfp.org\/files\/docs\/COP26\/WhatsApp%20Image%202021-10-31%20at%2013.53.43.jpeg\" alt=\"\" width=\"1080\" height=\"810\" itemprop=\"image\" \/> <\/a><\/span><\/figure>\n<\/li>\n<li class=\"row_0 row_first even col_1\">\n<figure class=\"image_container\"><span style=\"font-size: 12pt;\"><a href=\"https:\/\/pfbc-cbfp.org\/files\/docs\/COP26\/WhatsApp%20Image%202021-10-31%20at%2013.53.16.jpeg\" class=\"cboxElement\" data-lightbox=\"lb5765\"> <img decoding=\"async\" src=\"https:\/\/pfbc-cbfp.org\/files\/docs\/COP26\/WhatsApp%20Image%202021-10-31%20at%2013.53.16.jpeg\" alt=\"\" width=\"810\" height=\"1080\" itemprop=\"image\" \/> <\/a><\/span><\/figure>\n<\/li>\n<li class=\"row_0 row_first even col_2\">\n<figure class=\"image_container\"><span style=\"font-size: 12pt;\"><a href=\"https:\/\/pfbc-cbfp.org\/files\/docs\/COP26\/WhatsApp%20Image%202021-10-31%20at%2013.53.44.jpeg\" class=\"cboxElement\" data-lightbox=\"lb5765\"> <img decoding=\"async\" src=\"https:\/\/pfbc-cbfp.org\/files\/docs\/COP26\/WhatsApp%20Image%202021-10-31%20at%2013.53.44.jpeg\" alt=\"\" width=\"1080\" height=\"810\" itemprop=\"image\" \/> <\/a><\/span><\/figure>\n<\/li>\n<li class=\"row_0 row_first even col_3 col_last\">\n<figure class=\"image_container\"><span style=\"font-size: 12pt;\"><a href=\"https:\/\/pfbc-cbfp.org\/files\/docs\/COP26\/WhatsApp%20Image%202021-10-31%20at%2015.54.29.jpeg\" class=\"cboxElement\" data-lightbox=\"lb5765\"> <img loading=\"lazy\" decoding=\"async\" src=\"https:\/\/pfbc-cbfp.org\/files\/docs\/COP26\/WhatsApp%20Image%202021-10-31%20at%2015.54.29.jpeg\" alt=\"\" width=\"992\" height=\"744\" itemprop=\"image\" \/> <\/a><\/span><\/figure>\n<\/li>\n<li class=\"row_1 odd col_0 col_first\">\n<figure class=\"image_container\"><span style=\"font-size: 12pt;\"><a href=\"https:\/\/pfbc-cbfp.org\/files\/docs\/COP26\/WhatsApp%20Image%202021-10-31%20at%2018.42.45.jpeg\" class=\"cboxElement\" data-lightbox=\"lb5765\"> <img loading=\"lazy\" decoding=\"async\" src=\"https:\/\/pfbc-cbfp.org\/files\/docs\/COP26\/WhatsApp%20Image%202021-10-31%20at%2018.42.45.jpeg\" alt=\"\" width=\"1280\" height=\"960\" itemprop=\"image\" \/> <\/a><\/span><\/figure>\n<\/li>\n<li class=\"row_1 odd col_1\">\n<figure class=\"image_container\"><span style=\"font-size: 12pt;\"><a href=\"https:\/\/pfbc-cbfp.org\/files\/docs\/COP26\/Capture.JPG\" class=\"cboxElement\" data-lightbox=\"lb5765\"> <img loading=\"lazy\" decoding=\"async\" src=\"https:\/\/pfbc-cbfp.org\/files\/docs\/COP26\/Capture.JPG\" alt=\"\" width=\"598\" height=\"308\" itemprop=\"image\" \/> <\/a><\/span><\/figure>\n<\/li>\n<li class=\"row_1 odd col_2\">\n<figure class=\"image_container\"><span style=\"font-size: 12pt;\"><a href=\"https:\/\/pfbc-cbfp.org\/files\/docs\/COP26\/Patricia%20Espinosa.jpg\" class=\"cboxElement\" data-lightbox=\"lb5765\"> <img loading=\"lazy\" decoding=\"async\" src=\"https:\/\/pfbc-cbfp.org\/files\/docs\/COP26\/Patricia%20Espinosa.jpg\" alt=\"\" width=\"294\" height=\"171\" itemprop=\"image\" \/> <\/a><\/span><\/figure>\n<\/li>\n<li class=\"row_1 odd col_3 col_last\">\n<figure class=\"image_container\"><span style=\"font-size: 12pt;\"><a href=\"https:\/\/pfbc-cbfp.org\/files\/docs\/COP26\/Photo%201.jpg\" class=\"cboxElement\" data-lightbox=\"lb5765\"> <img loading=\"lazy\" decoding=\"async\" src=\"https:\/\/pfbc-cbfp.org\/files\/docs\/COP26\/Photo%201.jpg\" alt=\"\" width=\"1186\" height=\"400\" itemprop=\"image\" \/> <\/a><\/span><\/figure>\n<\/li>\n<li class=\"row_2 even col_0 col_first\">\n<figure class=\"image_container\"><span style=\"font-size: 12pt;\"><a href=\"https:\/\/pfbc-cbfp.org\/files\/docs\/COP26\/Photo%203.jpg\" class=\"cboxElement\" data-lightbox=\"lb5765\"> <img loading=\"lazy\" decoding=\"async\" src=\"https:\/\/pfbc-cbfp.org\/files\/docs\/COP26\/Photo%203.jpg\" alt=\"\" width=\"650\" height=\"433\" itemprop=\"image\" \/> <\/a><\/span><\/figure>\n<\/li>\n<li class=\"row_2 even col_1\">\n<figure class=\"image_container\"><span style=\"font-size: 12pt;\"><a href=\"https:\/\/pfbc-cbfp.org\/files\/docs\/COP26\/Photo%204.jpg\" class=\"cboxElement\" data-lightbox=\"lb5765\"> <img loading=\"lazy\" decoding=\"async\" src=\"https:\/\/pfbc-cbfp.org\/files\/docs\/COP26\/Photo%204.jpg\" alt=\"\" width=\"1242\" height=\"477\" itemprop=\"image\" \/> <\/a><\/span><\/figure>\n<\/li>\n<li class=\"row_2 even col_2\">\n<figure class=\"image_container\"><span style=\"font-size: 12pt;\"><a href=\"https:\/\/pfbc-cbfp.org\/files\/docs\/COP26\/photo%205.jpg\" class=\"cboxElement\" data-lightbox=\"lb5765\"> <img loading=\"lazy\" decoding=\"async\" src=\"https:\/\/pfbc-cbfp.org\/files\/docs\/COP26\/photo%205.jpg\" alt=\"\" width=\"640\" height=\"410\" itemprop=\"image\" \/> <\/a><\/span><\/figure>\n<\/li>\n<li class=\"row_2 even col_3 col_last\">\n<figure class=\"image_container\"><span style=\"font-size: 12pt;\"><a href=\"https:\/\/pfbc-cbfp.org\/files\/docs\/COP26\/plan.jpg\" class=\"cboxElement\" data-lightbox=\"lb5765\"> <img loading=\"lazy\" decoding=\"async\" src=\"https:\/\/pfbc-cbfp.org\/files\/docs\/COP26\/plan.jpg\" alt=\"\" width=\"846\" height=\"579\" itemprop=\"image\" \/> <\/a><\/span><\/figure>\n<\/li>\n<li class=\"row_3 row_last odd col_0 col_first\">\n<figure class=\"image_container\"><span style=\"font-size: 12pt;\"><a href=\"https:\/\/pfbc-cbfp.org\/files\/docs\/COP26\/pr%C3%A9sident%20Alok%20Sharma.jpg\" class=\"cboxElement\" data-lightbox=\"lb5765\"> <img loading=\"lazy\" decoding=\"async\" src=\"https:\/\/pfbc-cbfp.org\/files\/docs\/COP26\/pr%C3%A9sident%20Alok%20Sharma.jpg\" alt=\"\" width=\"1280\" height=\"720\" itemprop=\"image\" \/> <\/a><\/span><\/figure>\n<\/li>\n<\/ul><\/div>\n<p class=\"back\"><span style=\"font-size: 12pt;\"><a title=\"Retour\">Retour<\/a><\/span><\/p>\n<h1 class=\"ce_headline\"><span style=\"font-size: 12pt;\">Ac<\/span><\/h1>\n<p> <\/p>\n<p><span style=\"font-size: 12pt;\"><a href=\"https:\/\/comifac.org\/wp-content\/uploads\/2021\/11\/SYNTHESE_SUR_LES_EVENEMENTS_EN_COURS_A_LA_COP_26_CLIMAT_A_GLASGOW_Jour_2.pdf\">Synthese de la journ\u00e9e du 1er novembre 2021<\/a><\/span><\/p>\n<\/p><\/div>\n","protected":false},"excerpt":{"rendered":"<p>La Conf\u00e9rence des Nations Unies sur le changement climatique s&rsquo;est ouverte ce dimanche, 31 octobre 2021, \u00e0&hellip;<\/p>\n","protected":false},"author":5,"featured_media":8620,"comment_status":"open","ping_status":"open","sticky":false,"template":"","format":"standard","meta":{"give_campaign_id":0,"rs_blank_template":"","rs_page_bg_color":"","slide_template_v7":"","_jetpack_newsletter_access":"","_jetpack_dont_email_post_to_subs":false,"_jetpack_newsletter_tier_id":0,"_jetpack_memberships_contains_paywalled_content":false,"_jetpack_feature_clip_id":0,"_jetpack_memberships_contains_paid_content":false,"footnotes":"","jetpack_post_was_ever_published":false},"categories":[117],"tags":[],"class_list":["post-8629","post","type-post","status-publish","format-standard","has-post-thumbnail","hentry","category-actualites"],"jetpack_sharing_enabled":true,"jetpack_featured_media_url":"https:\/\/comifac.org\/wp-content\/uploads\/2021\/11\/IMG-20211031-WA0021.jpg","_links":{"self":[{"href":"https:\/\/comifac.org\/index.php?rest_route=\/wp\/v2\/posts\/8629","targetHints":{"allow":["GET"]}}],"collection":[{"href":"https:\/\/comifac.org\/index.php?rest_route=\/wp\/v2\/posts"}],"about":[{"href":"https:\/\/comifac.org\/index.php?rest_route=\/wp\/v2\/types\/post"}],"author":[{"embeddable":true,"href":"https:\/\/comifac.org\/index.php?rest_route=\/wp\/v2\/users\/5"}],"replies":[{"embeddable":true,"href":"https:\/\/comifac.org\/index.php?rest_route=%2Fwp%2Fv2%2Fcomments&post=8629"}],"version-history":[{"count":0,"href":"https:\/\/comifac.org\/index.php?rest_route=\/wp\/v2\/posts\/8629\/revisions"}],"wp:featuredmedia":[{"embeddable":true,"href":"https:\/\/comifac.org\/index.php?rest_route=\/wp\/v2\/media\/8620"}],"wp:attachment":[{"href":"https:\/\/comifac.org\/index.php?rest_route=%2Fwp%2Fv2%2Fmedia&parent=8629"}],"wp:term":[{"taxonomy":"category","embeddable":true,"href":"https:\/\/comifac.org\/index.php?rest_route=%2Fwp%2Fv2%2Fcategories&post=8629"},{"taxonomy":"post_tag","embeddable":true,"href":"https:\/\/comifac.org\/index.php?rest_route=%2Fwp%2Fv2%2Ftags&post=8629"}],"curies":[{"name":"wp","href":"https:\/\/api.w.org\/{rel}","templated":true}]}}