{"id":8652,"date":"2021-11-19T12:50:53","date_gmt":"2021-11-19T12:50:53","guid":{"rendered":""},"modified":"2021-11-19T12:50:53","modified_gmt":"2021-11-19T12:50:53","slug":"le-gabon-renforce-son-engagement-climatique-par-l-adoption-d-une-loi-en-faveur-de-la-lutte-contre-les-changements-climatiques","status":"publish","type":"post","link":"https:\/\/comifac.org\/?p=8652","title":{"rendered":"Le Gabon renforce son engagement climatique par l\u2019adoption d\u2019une loi en faveur de la lutte contre les changements climatiques"},"content":{"rendered":"<p style=\"text-align: justify;\"><span style=\"font-size: 12pt;\">Adopt\u00e9e le 13 septembre 2021 en marge du conseil des ministres, cette loi qui s&rsquo;inscrit dans les engagements internationaux du Gabon en la mati\u00e8re, vient renforcer la politique climatique de notre pays historiquement ambitieuse, \u00e0 travers des m\u00e9canismes innovants au niveau national et international.<\/span><\/p>\n<p>  <!--more-->  <\/p>\n<p style=\"text-align: justify;\">&nbsp;<\/p>\n<p style=\"text-align: justify;\"><span style=\"font-size: 12pt;\">Elle a pour objectif de promouvoir un climat s\u00fbr et sain pour la plan\u00e8te en g\u00e9n\u00e9ral et en particulier pour les populations gabonaises pr\u00e9sentes et futures, et vient contribuer \u00e0 la r\u00e9silience au sein de la sous-r\u00e9gion, face \u00e0 ce fl\u00e9au qu\u2019est le changement climatique et qui constitue une menace pour l\u2019humanit\u00e9. Ladite loi s\u2019appliquera sur l\u2019ensemble du territoire gabonais et couvrira les secteurs ayant un impact sur les changements climatiques.<\/span><\/p>\n<p style=\"text-align: justify;\"><span style=\"font-size: 12pt;\">La politique climatique vis\u00e9e par la pr\u00e9sente loi et son \u00e9laboration pr\u00e9voit la mise en oeuvre d\u2019un syst\u00e8me national de quotas d\u2019\u00e9missions de gaz \u00e0 effet de serre et dont les \u00e9missions pourront \u00eatre mesur\u00e9es, d\u00e9clar\u00e9es et v\u00e9rifi\u00e9es avec pr\u00e9cision ainsi que la mise en place d\u2019un syst\u00e8me de compensation carbone. &nbsp;Le cadre du march\u00e9 de cr\u00e9dit carbone gabonais y est d\u00e9fini et la validation d\u2019un Plan National d\u2019Adaptation aux Changements Climatiques de fa\u00e7on r\u00e9guli\u00e8re y est pr\u00e9vue.<\/span><\/p>\n<p style=\"text-align: justify;\"><span style=\"font-size: 12pt;\">Selon le pr\u00e9sident du Centre mondial pour l&rsquo;adaptation (GCA), le Professeur Patrick Verkooijen \u00ab l\u2019adoption de cette nouvelle loi sur le climat renforce le leadership du Gabon [\u2026], nous devons acc\u00e9l\u00e9rer rapidement l&rsquo;adaptation pour assurer la s\u00e9curit\u00e9 des personnes et tirer parti des avantages d&rsquo;une croissance r\u00e9siliente et d&rsquo;une reprise verte. La nouvelle loi gabonaise sur le climat traduit une action ambitieuse [\u2026]. Je suis s\u00fbr qu\u2019elle permettra \u00e9galement d\u2019attirer l&rsquo;attention du monde, et inspirera des actions renforc\u00e9es \u00e0 l\u2019\u00e9chelle mondiale ; ce qui est de plus en plus n\u00e9cessaire. \u00bb<\/span><\/p>\n<p style=\"text-align: justify;\"><span style=\"font-size: 12pt;\">Pour le Secr\u00e9taire Permanant du Conseil National Climat, M. Tanguy Gahouma&nbsp; \u00ab ce sont plus de 30 ans de politique qui ont pr\u00e9serv\u00e9 nos for\u00eats. Ce n&rsquo;est pas un processus naturel : c&rsquo;est une vision. Il ne reste plus de temps \u00e0 perdre, notre march\u00e9 de cr\u00e9dit carbone doit d\u00e9marrer pour continuer la poursuite de nos objectifs de d\u00e9veloppement \u00e9conomique durable et sobre en carbone, pour le bien-\u00eatre de nos populations. Ceci est la principale volont\u00e9 du Chef de l\u2019Etat. \u00bb<\/span><\/p>\n<p style=\"text-align: justify;\"><span style=\"font-size: 12pt;\">Le Ministre des Eaux et For\u00eat, le Professeur Lee White \u00e0 indiqu\u00e9: que \u00ab&nbsp; le Gabon est peut-\u00eatre l\u2019un des pays le plus positif en carbone de la plan\u00e8te, absorbant plus de 100 millions de tonnes de CO2 net chaque ann\u00e9e dans nos for\u00eats prot\u00e9g\u00e9es et g\u00e9r\u00e9es de mani\u00e8re durable. Cette ordonnance maintiendra le Gabon carbone positif jusqu&rsquo;en 2050 et au-del\u00e0.&nbsp;\u00bb<\/span><\/p>\n<p style=\"text-align: justify;\"><span style=\"font-size: 12pt;\">Pour sa part, le Pr\u00e9sident de la R\u00e9publique, S.E.M. Ali Bongo Ondimba \u00e0 d\u00e9clar\u00e9&nbsp;: \u00ab&nbsp;Le changement climatique est une menace existentielle direct pour de nombreux pays africains et risque de d\u00e9stabiliser l&rsquo;ensemble du continent. Cette loi est une indication claire que le Gabon s&rsquo;engage \u00e0 faire partie de la solution. L&rsquo;heure n&rsquo;est plus au d\u00e9bat entre le juste et l&rsquo;injuste. Tout le monde doit faire partie de la solution. Je l\u2019avais dit \u00e0 Paris lors de la COP21, devant la communaut\u00e9 internationale, et je le r\u00e9it\u00e8re aujourd\u2019hui, avec toute la conviction qui m\u2019habite, le Gabon continuera \u00e0 faire partie de la solution en mati\u00e8re de lutte contre les changements climatiques, et ce, de concert avec la communaut\u00e9 internationale, pour l\u2019avenir de notre plan\u00e8te au profit des g\u00e9n\u00e9rations futures. Nous n\u2019allons plus nous autoriser \u00e0 faire marche arri\u00e8re, notre marche vers un mod\u00e8le de d\u00e9veloppement sobre en carbone et b\u00e9n\u00e9fique pour tous se concr\u00e9tise progressivement et nous sommes pr\u00eats \u00e0 relever ce d\u00e9fi sans \u00e9quivoque. \u00bb<\/span><\/p>\n<p style=\"text-align: justify;\"><span style=\"font-size: 12pt;\">A titre de rappel, en 2015, le Gabon s\u2019\u00e9tait engag\u00e9 \u00e0 r\u00e9duire ses \u00e9missions de gaz \u00e0 effet de serre \u00e0 hauteur de 50% par apport \u00e0 un model tendanciel aupr\u00e8s des Nations Unies, \u00e0 travers la publication de sa premi\u00e8re Contribution D\u00e9termin\u00e9e au niveau National (CDN), en marge de la 21\u00e8me Conf\u00e9rence des Parties (COP21) \u00e0 la Convention-cadre des Nations Unies sur les changements climatiques. &nbsp;Six ans plus tard, la loi sur les changements climatiques vient mat\u00e9rialiser notre objectif de r\u00e9duction des \u00e9missions de gaz \u00e0 effet de serre \u00e0 travers un cadre l\u00e9gal structur\u00e9, transparent et \u00e9quitable. L\u2019adoption de cette ordonnance sera fortement valoris\u00e9e \u00e0 la prochaine COP26.<\/span><\/p>\n","protected":false},"excerpt":{"rendered":"<p>Adopt\u00e9e le 13 septembre 2021 en marge du conseil des ministres, cette loi qui s&rsquo;inscrit dans les&hellip;<\/p>\n","protected":false},"author":5,"featured_media":0,"comment_status":"open","ping_status":"open","sticky":false,"template":"","format":"standard","meta":{"give_campaign_id":0,"rs_blank_template":"","rs_page_bg_color":"","slide_template_v7":"","_jetpack_newsletter_access":"","_jetpack_dont_email_post_to_subs":false,"_jetpack_newsletter_tier_id":0,"_jetpack_memberships_contains_paywalled_content":false,"_jetpack_feature_clip_id":0,"_jetpack_memberships_contains_paid_content":false,"footnotes":"","jetpack_post_was_ever_published":false},"categories":[117],"tags":[],"class_list":["post-8652","post","type-post","status-publish","format-standard","hentry","category-actualites"],"jetpack_sharing_enabled":true,"jetpack_featured_media_url":"","_links":{"self":[{"href":"https:\/\/comifac.org\/index.php?rest_route=\/wp\/v2\/posts\/8652","targetHints":{"allow":["GET"]}}],"collection":[{"href":"https:\/\/comifac.org\/index.php?rest_route=\/wp\/v2\/posts"}],"about":[{"href":"https:\/\/comifac.org\/index.php?rest_route=\/wp\/v2\/types\/post"}],"author":[{"embeddable":true,"href":"https:\/\/comifac.org\/index.php?rest_route=\/wp\/v2\/users\/5"}],"replies":[{"embeddable":true,"href":"https:\/\/comifac.org\/index.php?rest_route=%2Fwp%2Fv2%2Fcomments&post=8652"}],"version-history":[{"count":0,"href":"https:\/\/comifac.org\/index.php?rest_route=\/wp\/v2\/posts\/8652\/revisions"}],"wp:attachment":[{"href":"https:\/\/comifac.org\/index.php?rest_route=%2Fwp%2Fv2%2Fmedia&parent=8652"}],"wp:term":[{"taxonomy":"category","embeddable":true,"href":"https:\/\/comifac.org\/index.php?rest_route=%2Fwp%2Fv2%2Fcategories&post=8652"},{"taxonomy":"post_tag","embeddable":true,"href":"https:\/\/comifac.org\/index.php?rest_route=%2Fwp%2Fv2%2Ftags&post=8652"}],"curies":[{"name":"wp","href":"https:\/\/api.w.org\/{rel}","templated":true}]}}