{"id":8714,"date":"2022-01-13T13:52:23","date_gmt":"2022-01-13T13:52:23","guid":{"rendered":"https:\/\/comifac.org\/meilleurs-voeux-2022\/"},"modified":"2022-01-13T13:52:23","modified_gmt":"2022-01-13T13:52:23","slug":"meilleurs-voeux-2022","status":"publish","type":"post","link":"https:\/\/comifac.org\/?p=8714","title":{"rendered":"MEILLEURS VOEUX 2022"},"content":{"rendered":"<p><img fetchpriority=\"high\" decoding=\"async\" class=\" size-full wp-image-8713\" src=\"https:\/\/comifac.org\/wp-content\/uploads\/2022\/01\/CARTE_DE_VOEUX_2022.jpg\" alt=\"\" width=\"1080\" height=\"775\" srcset=\"https:\/\/comifac.org\/wp-content\/uploads\/2022\/01\/CARTE_DE_VOEUX_2022.jpg 1080w, https:\/\/comifac.org\/wp-content\/uploads\/2022\/01\/CARTE_DE_VOEUX_2022-600x431.jpg 600w, https:\/\/comifac.org\/wp-content\/uploads\/2022\/01\/CARTE_DE_VOEUX_2022-400x287.jpg 400w, https:\/\/comifac.org\/wp-content\/uploads\/2022\/01\/CARTE_DE_VOEUX_2022-1024x735.jpg 1024w, https:\/\/comifac.org\/wp-content\/uploads\/2022\/01\/CARTE_DE_VOEUX_2022-768x551.jpg 768w, https:\/\/comifac.org\/wp-content\/uploads\/2022\/01\/CARTE_DE_VOEUX_2022-370x266.jpg 370w, https:\/\/comifac.org\/wp-content\/uploads\/2022\/01\/CARTE_DE_VOEUX_2022-760x545.jpg 760w, https:\/\/comifac.org\/wp-content\/uploads\/2022\/01\/CARTE_DE_VOEUX_2022-387x278.jpg 387w, https:\/\/comifac.org\/wp-content\/uploads\/2022\/01\/CARTE_DE_VOEUX_2022-500x359.jpg 500w\" sizes=\"(max-width: 1080px) 100vw, 1080px\" \/><\/p>\n<p><span style=\"font-size: 12pt;\">Le Secr\u00e9tariat Ex\u00e9cutif de la Commission des For\u00eats d&rsquo;Afrique Centrale vous souhaite une bonne et heureuse ann\u00e9e 2022.<\/span><\/p>\n<p><span style=\"font-size: 12pt;\"> Que votre ann\u00e9e soit remplie de succ\u00e8s pour une meilleure gestion concert\u00e9e des \u00e9cosyst\u00e8mes forestiers d&rsquo;Afrique centrale<\/span><\/p>\n<p><span style=\"font-size: 12pt;\">Excellente ann\u00e9e 2022<\/span><\/p>\n","protected":false},"excerpt":{"rendered":"<p>Le Secr\u00e9tariat Ex\u00e9cutif de la Commission des For\u00eats d&rsquo;Afrique Centrale vous souhaite une bonne et heureuse ann\u00e9e&hellip;<\/p>\n","protected":false},"author":5,"featured_media":8713,"comment_status":"open","ping_status":"open","sticky":false,"template":"","format":"standard","meta":{"give_campaign_id":0,"rs_blank_template":"","rs_page_bg_color":"","slide_template_v7":"","_jetpack_newsletter_access":"","_jetpack_dont_email_post_to_subs":false,"_jetpack_newsletter_tier_id":0,"_jetpack_memberships_contains_paywalled_content":false,"_jetpack_feature_clip_id":0,"_jetpack_memberships_contains_paid_content":false,"footnotes":"","jetpack_post_was_ever_published":false},"categories":[117],"tags":[],"class_list":["post-8714","post","type-post","status-publish","format-standard","has-post-thumbnail","hentry","category-actualites"],"jetpack_sharing_enabled":true,"jetpack_featured_media_url":"https:\/\/comifac.org\/wp-content\/uploads\/2022\/01\/CARTE_DE_VOEUX_2022.jpg","_links":{"self":[{"href":"https:\/\/comifac.org\/index.php?rest_route=\/wp\/v2\/posts\/8714","targetHints":{"allow":["GET"]}}],"collection":[{"href":"https:\/\/comifac.org\/index.php?rest_route=\/wp\/v2\/posts"}],"about":[{"href":"https:\/\/comifac.org\/index.php?rest_route=\/wp\/v2\/types\/post"}],"author":[{"embeddable":true,"href":"https:\/\/comifac.org\/index.php?rest_route=\/wp\/v2\/users\/5"}],"replies":[{"embeddable":true,"href":"https:\/\/comifac.org\/index.php?rest_route=%2Fwp%2Fv2%2Fcomments&post=8714"}],"version-history":[{"count":0,"href":"https:\/\/comifac.org\/index.php?rest_route=\/wp\/v2\/posts\/8714\/revisions"}],"wp:featuredmedia":[{"embeddable":true,"href":"https:\/\/comifac.org\/index.php?rest_route=\/wp\/v2\/media\/8713"}],"wp:attachment":[{"href":"https:\/\/comifac.org\/index.php?rest_route=%2Fwp%2Fv2%2Fmedia&parent=8714"}],"wp:term":[{"taxonomy":"category","embeddable":true,"href":"https:\/\/comifac.org\/index.php?rest_route=%2Fwp%2Fv2%2Fcategories&post=8714"},{"taxonomy":"post_tag","embeddable":true,"href":"https:\/\/comifac.org\/index.php?rest_route=%2Fwp%2Fv2%2Ftags&post=8714"}],"curies":[{"name":"wp","href":"https:\/\/api.w.org\/{rel}","templated":true}]}}