{"id":8740,"date":"2022-03-05T12:42:56","date_gmt":"2022-03-05T12:42:56","guid":{"rendered":"https:\/\/comifac.org\/sebastien-malele-mbala-nouveau-coordonnateur-national-de-la-comifac-rdc\/"},"modified":"2022-03-05T12:42:56","modified_gmt":"2022-03-05T12:42:56","slug":"sebastien-malele-mbala-nouveau-coordonnateur-national-de-la-comifac-rdc","status":"publish","type":"post","link":"https:\/\/comifac.org\/?p=8740","title":{"rendered":"S\u00e9bastien MALELE MBALA, nouveau Coordonnateur national de la COMIFAC-RDC"},"content":{"rendered":"<p><img fetchpriority=\"high\" decoding=\"async\" class=\" size-full wp-image-8739\" src=\"https:\/\/comifac.org\/wp-content\/uploads\/2022\/03\/Sebastien_RDC_CNC.jpg\" alt=\"\" width=\"960\" height=\"639\" srcset=\"https:\/\/comifac.org\/wp-content\/uploads\/2022\/03\/Sebastien_RDC_CNC.jpg 960w, https:\/\/comifac.org\/wp-content\/uploads\/2022\/03\/Sebastien_RDC_CNC-600x399.jpg 600w, https:\/\/comifac.org\/wp-content\/uploads\/2022\/03\/Sebastien_RDC_CNC-400x266.jpg 400w, https:\/\/comifac.org\/wp-content\/uploads\/2022\/03\/Sebastien_RDC_CNC-768x511.jpg 768w, https:\/\/comifac.org\/wp-content\/uploads\/2022\/03\/Sebastien_RDC_CNC-370x246.jpg 370w, https:\/\/comifac.org\/wp-content\/uploads\/2022\/03\/Sebastien_RDC_CNC-760x506.jpg 760w, https:\/\/comifac.org\/wp-content\/uploads\/2022\/03\/Sebastien_RDC_CNC-387x258.jpg 387w, https:\/\/comifac.org\/wp-content\/uploads\/2022\/03\/Sebastien_RDC_CNC-500x333.jpg 500w\" sizes=\"(max-width: 960px) 100vw, 960px\" \/><\/p>\n<div class=\"\" dir=\"auto\">\n<div id=\"jsc_c_1py\" class=\"ecm0bbzt hv4rvrfc ihqw7lf3 dati1w0a\" data-ad-comet-preview=\"message\" data-ad-preview=\"message\">\n<div class=\"j83agx80 cbu4d94t ew0dbk1b irj2b8pg\">\n<div class=\"qzhwtbm6 knvmm38d\">\n<div class=\"kvgmc6g5 cxmmr5t8 oygrvhab hcukyx3x c1et5uql ii04i59q\"><\/div>\n<div class=\"cxmmr5t8 oygrvhab hcukyx3x c1et5uql o9v6fnle ii04i59q\">\n<div dir=\"auto\" style=\"text-align: start;\"><span style=\"font-size: 12pt; color: #000000;\">Kinshasa, R\u00e9publique D\u00e9mocratique du Congo, 23 f\u00e9vrier 2022- Nomm\u00e9 au terme de l&rsquo;Arr\u00eat\u00e9 Minist\u00e9riel n\u00b0001\/CAB\/VPM-MIN\/EDD\/EBM\/CNB-TSB\/02\/2022 le 11 fevrier dernier par la Vice-Premier Ministre, Ministre de l&rsquo;Environnement et du D\u00e9veloppement Durable, le nouveau Coordonnateur national de la Commission des For\u00eats d&rsquo;Afrique Centrale (COMIFAC) a pris officiellement possession de son bureau ce jour.<\/span> <!--more--> <\/div>\n<\/p><\/div>\n<p> <\/p>\n<div class=\"cxmmr5t8 oygrvhab hcukyx3x c1et5uql o9v6fnle ii04i59q\">\n<div dir=\"auto\" style=\"text-align: start;\"><span style=\"font-size: 12pt; color: #000000;\">La nomination de l&rsquo;\u00e9quipe dirigeante \u00e0 la COMIFAC RDC s&rsquo;est inscrite dans le cadre de la redynamisation des activit\u00e9s au sein de cette structure \u0153uvrant au sein du Minist\u00e8re de l\u2019Environnement et de D\u00e9veloppement Durable conform\u00e9ment aux recommandations issues de la 4\u00e8me session ordinaire du Conseil des Ministres de la COMIFAC tenue le 21 Septembre 2006 \u00e0 Malabo en Guin\u00e9e \u00c9quatoriale.<\/span><\/div>\n<div>\n<div class=\"cxmmr5t8 oygrvhab hcukyx3x c1et5uql o9v6fnle ii04i59q\">\n<div dir=\"auto\" style=\"text-align: start;\"><span style=\"font-size: 12pt; color: #000000;\">Apr\u00e8s la prise de possession des locaux de la COMIFAC-RDC, le nouveau Coordonnateur national de la Commission des For\u00eats d&rsquo;Afrique Centrale (COMIFAC) et son \u00e9quipe ont rencontr\u00e9 la Vice-Premier Ministre, Ministre de l&rsquo;Environnement et D\u00e9veloppement Durable. Une premi\u00e8re rencontre apr\u00e8s la mise intervenue au terme de l&rsquo;arr\u00eat\u00e9 Minist\u00e9riel sign\u00e9 par Eve Bazaiba Masudi.<\/span><\/div>\n<div dir=\"auto\" style=\"text-align: start;\"><span style=\"font-size: 12pt; color: #000000;\">Occasion pour la VPM de f\u00e9liciter la nouvelle coordination et de l&rsquo;inviter au travail assidu, \u00e0 la franche collaboration et au devoir des r\u00e9sultats.<\/span><\/div>\n<\/p><\/div>\n<div class=\"cxmmr5t8 oygrvhab hcukyx3x c1et5uql o9v6fnle ii04i59q\">\n<div dir=\"auto\" style=\"text-align: start;\"><span style=\"font-size: 12pt; color: #000000;\">S\u00e9bastien MALELE MBALA a, au nom de toute son \u00e9quipe, remerci\u00e9 l&rsquo;autorit\u00e9 de tutelle pour la marque de confiance plac\u00e9e en sa personne pour conduire cette structure technique du Minist\u00e8re de l\u2019Environnement et de D\u00e9veloppement Durable.<\/span><\/div>\n<\/p><\/div>\n<div class=\"cxmmr5t8 oygrvhab hcukyx3x c1et5uql o9v6fnle ii04i59q\">\n<div dir=\"auto\" style=\"text-align: start;\"><span style=\"font-size: 12pt; color: #000000;\">Il a \u00e9galement salu\u00e9 cette prise de contact qui a permis de recevoir des orientations pr\u00e9cises sur la marche du travail apr\u00e8s la possession officielle des locaux abritant le si\u00e8ge de la COMIFAC-RDC.<\/span><\/div>\n<\/p><\/div>\n<div class=\"cxmmr5t8 oygrvhab hcukyx3x c1et5uql o9v6fnle ii04i59q\">\n<div dir=\"auto\" style=\"text-align: start;\"><span style=\"font-size: 12pt; color: #000000;\">\u00ab\u00a0Nous avons occup\u00e9s nos locaux en bonne et due forme par la voie l\u00e9gale pour faire valoir le droit. Il ne reste plus que les Inspecteurs du Minist\u00e8re de l&rsquo;Environnement qui succ\u00e8dent au travail qui venait d&rsquo;\u00eatre r\u00e9alis\u00e9 par les inspecteurs judiciaires du parquet \u00e0 inventorier d\u00e8s ce jeudi, tous les biens mat\u00e9riels et \u00e9quipements se trouvant dans le b\u00e2timent de la COMIFAC\u00a0\u00bb a pr\u00e9cis\u00e9 le Coordonnateur S\u00e9bastien MALELE au sortir de l&rsquo;audience que leur a accord\u00e9 la Vice-Premier Ministre.<\/span><\/div>\n<\/p><\/div>\n<\/p><\/div>\n<\/p><\/div>\n<\/p><\/div>\n<\/p><\/div>\n<\/p><\/div>\n<\/p><\/div>\n","protected":false},"excerpt":{"rendered":"<p>Kinshasa, R\u00e9publique D\u00e9mocratique du Congo, 23 f\u00e9vrier 2022- Nomm\u00e9 au terme de l&rsquo;Arr\u00eat\u00e9 Minist\u00e9riel n\u00b0001\/CAB\/VPM-MIN\/EDD\/EBM\/CNB-TSB\/02\/2022 le 11&hellip;<\/p>\n","protected":false},"author":5,"featured_media":8739,"comment_status":"open","ping_status":"open","sticky":false,"template":"","format":"standard","meta":{"give_campaign_id":0,"rs_blank_template":"","rs_page_bg_color":"","slide_template_v7":"","_jetpack_newsletter_access":"","_jetpack_dont_email_post_to_subs":false,"_jetpack_newsletter_tier_id":0,"_jetpack_memberships_contains_paywalled_content":false,"_jetpack_feature_clip_id":0,"_jetpack_memberships_contains_paid_content":false,"footnotes":"","jetpack_post_was_ever_published":false},"categories":[117],"tags":[275],"class_list":["post-8740","post","type-post","status-publish","format-standard","has-post-thumbnail","hentry","category-actualites","tag-republique-democratique-du-congo"],"jetpack_sharing_enabled":true,"jetpack_featured_media_url":"https:\/\/comifac.org\/wp-content\/uploads\/2022\/03\/Sebastien_RDC_CNC.jpg","_links":{"self":[{"href":"https:\/\/comifac.org\/index.php?rest_route=\/wp\/v2\/posts\/8740","targetHints":{"allow":["GET"]}}],"collection":[{"href":"https:\/\/comifac.org\/index.php?rest_route=\/wp\/v2\/posts"}],"about":[{"href":"https:\/\/comifac.org\/index.php?rest_route=\/wp\/v2\/types\/post"}],"author":[{"embeddable":true,"href":"https:\/\/comifac.org\/index.php?rest_route=\/wp\/v2\/users\/5"}],"replies":[{"embeddable":true,"href":"https:\/\/comifac.org\/index.php?rest_route=%2Fwp%2Fv2%2Fcomments&post=8740"}],"version-history":[{"count":0,"href":"https:\/\/comifac.org\/index.php?rest_route=\/wp\/v2\/posts\/8740\/revisions"}],"wp:featuredmedia":[{"embeddable":true,"href":"https:\/\/comifac.org\/index.php?rest_route=\/wp\/v2\/media\/8739"}],"wp:attachment":[{"href":"https:\/\/comifac.org\/index.php?rest_route=%2Fwp%2Fv2%2Fmedia&parent=8740"}],"wp:term":[{"taxonomy":"category","embeddable":true,"href":"https:\/\/comifac.org\/index.php?rest_route=%2Fwp%2Fv2%2Fcategories&post=8740"},{"taxonomy":"post_tag","embeddable":true,"href":"https:\/\/comifac.org\/index.php?rest_route=%2Fwp%2Fv2%2Ftags&post=8740"}],"curies":[{"name":"wp","href":"https:\/\/api.w.org\/{rel}","templated":true}]}}