{"id":8745,"date":"2022-03-14T15:18:14","date_gmt":"2022-03-14T15:18:14","guid":{"rendered":"https:\/\/comifac.org\/l-afrique-centrale-harmonise-ses-positions-en-vue-de-sa-participation-aux-prochaines-rencontres-internationales-sur-les-forets\/"},"modified":"2022-03-14T15:18:14","modified_gmt":"2022-03-14T15:18:14","slug":"l-afrique-centrale-harmonise-ses-positions-en-vue-de-sa-participation-aux-prochaines-rencontres-internationales-sur-les-forets","status":"publish","type":"post","link":"https:\/\/comifac.org\/?p=8745","title":{"rendered":"L\u2019Afrique centrale harmonise ses positions en vue de sa participation aux prochaines rencontres internationales sur les for\u00eats"},"content":{"rendered":"<p style=\"text-align: justify;\"><span style=\"color: #000000; font-size: 12pt;\">Douala, Cameroun, 10 mars 2022- Le Groupe de Travail sur la Gouvernance Foresti\u00e8re de la COMIFAC, a tenu un atelier de quatre jours pr\u00e9paratoire \u00e0 la participation des pays membres de la COMIFAC \u00e0 la 15\u00e8me session du Congr\u00e8s Forestier Mondial (CFM-15) et au 17\u00e8me Forum des Nations Unies sur les For\u00eats (FNUF-17).<\/span><\/p>\n<p style=\"text-align: justify;\"><span style=\"color: #000000; font-size: 12pt;\">Les Membres du Secr\u00e9tariat Ex\u00e9cutif de la COMIFAC, les Directeurs G\u00e9n\u00e9raux des For\u00eats et\/ou leurs d\u00e9l\u00e9gu\u00e9s, les Coordonnateurs Nationaux de la COMIFAC, les Points Focaux FNUF, Repr\u00e9sentants des syndicats des Exploitants industriels du Bois d\u2019\u0153uvre et les d\u00e9l\u00e9gu\u00e9s de la Soci\u00e9t\u00e9 Civiles des pays suivants: Burundi, &nbsp;Cameroun, Gabon, Guin\u00e9e Equatoriale, R\u00e9publique centrafricaine, R\u00e9publique D\u00e9mocratique du Congo, Rwanda, Tchad&nbsp;et GIZ y ont pris part.<\/span><\/p>\n<p>  <!--more-->  <\/p>\n<p style=\"text-align: justify;\">&nbsp;<\/p>\n<p style=\"text-align: justify;\"><span style=\"color: #000000; font-size: 12pt;\">Le Secr\u00e9taire Ex\u00e9cutif de la COMIFAC Herv\u00e9 Martial Maidou a pr\u00e9sid\u00e9 les travaux au cours desquels les participants ont discut\u00e9 de la participation des pays de la COMIFAC \u00e0 ces rencontres d\u2019un point de vue op\u00e9rationnel. Ainsi, ils ont pu entre autres&nbsp;: (i) S\u2019informer sur l\u2019organisation et le d\u00e9roulement desdites rencontres&nbsp;; (ii) Echanger sur l\u2019ensemble des activit\u00e9s qu\u2019envisage de mener la COMIFAC&nbsp;; (iii) Adopter les positions communes sur les points inscrits \u00e0 l\u2019ordre du jour de chacune de ces rencontres&nbsp;; (iii) Faire le point sur la prise en charge des d\u00e9l\u00e9gations des pays membres de la COMIFAC.<\/span><\/p>\n<p style=\"text-align: justify;\"><span style=\"color: #000000; font-size: 12pt;\">Les membres du groupe de travail ont \u00e9galement examin\u00e9 les probl\u00e8mes qui se posent actuellement \u00e0 la COMIFAC dont le non paiement des contributions \u00e9galitaires et ils ont explor\u00e9 quelques strat\u00e9gies \u00e0 mettre en place par les Etats membres pour les r\u00e9soudre.<\/span><\/p>\n<p style=\"text-align: justify;\"><span style=\"color: #000000; font-size: 12pt;\">Ils ont plus particuli\u00e8rement convenu de trouver des moyens d\u2019am\u00e9liorer la collaboration entre les pays et le secr\u00e9tariat ex\u00e9cutif afin d\u2019augmenter la collecte et l\u2019\u00e9change de donn\u00e9es, de trouver des financements pour une repr\u00e9sentation massive et efficace des experts de la sous-r\u00e9gion \u00e0 ces \u00e9v\u00e8nements. &nbsp;<\/span><\/p>\n<p style=\"text-align: justify;\"><span style=\"color: #000000; font-size: 12pt;\">La rencontre s\u2019est achev\u00e9 par une note de satisfaction g\u00e9n\u00e9rale. Le Secr\u00e9taire ex\u00e9cutif a salu\u00e9 l\u2019appui des partenaires techniques et financiers pour l\u2019excellente collaboration avec la COMIFAC.au rang desquels la coop\u00e9ration allemande \u00e0 travers le projet r\u00e9gional GIZ d\u2019appui \u00e0 la COMIFAC qui a rendue possible la tenue desdites assises<\/span><\/p>\n<p style=\"text-align: justify;\"><span style=\"color: #000000; font-size: 12pt;\">Le communique final ainsi que le rapport de l\u2019atelier suivront.<\/span><\/p>\n<p><span style=\"font-size: 12pt; color: #000000;\">Pour d\u2019amples informations bien vouloircontacter:<\/span><\/p>\n<p><span style=\"font-size: 12pt; color: #000000;\">Damas Mokpidie, expert gouvernance COMIFAC: <a href=\"mailto:damasmokpidie@gmail.com\">damasmokpidie@gmail.com<\/a><br \/><\/span><\/p>\n<p><span style=\"font-size: 12pt; color: #000000;\">Louisette Sylvie YEBEL-FOUNGA experte communication COMIFAC&nbsp;: <a href=\"mailto:louisetteyebel@comifac.org\" style=\"color: #000000;\">louisetteyebel@comifac.org<\/a><\/span><\/p>\n","protected":false},"excerpt":{"rendered":"<p>Douala, Cameroun, 10 mars 2022- Le Groupe de Travail sur la Gouvernance Foresti\u00e8re de la COMIFAC, a&hellip;<\/p>\n","protected":false},"author":5,"featured_media":8744,"comment_status":"open","ping_status":"open","sticky":false,"template":"","format":"standard","meta":{"give_campaign_id":0,"rs_blank_template":"","rs_page_bg_color":"","slide_template_v7":"","_jetpack_newsletter_access":"","_jetpack_dont_email_post_to_subs":false,"_jetpack_newsletter_tier_id":0,"_jetpack_memberships_contains_paywalled_content":false,"_jetpack_feature_clip_id":0,"_jetpack_memberships_contains_paid_content":false,"footnotes":"","jetpack_post_was_ever_published":false},"categories":[117],"tags":[],"class_list":["post-8745","post","type-post","status-publish","format-standard","has-post-thumbnail","hentry","category-actualites"],"jetpack_sharing_enabled":true,"jetpack_featured_media_url":"https:\/\/comifac.org\/wp-content\/uploads\/2022\/03\/GTGF.jpg","_links":{"self":[{"href":"https:\/\/comifac.org\/index.php?rest_route=\/wp\/v2\/posts\/8745","targetHints":{"allow":["GET"]}}],"collection":[{"href":"https:\/\/comifac.org\/index.php?rest_route=\/wp\/v2\/posts"}],"about":[{"href":"https:\/\/comifac.org\/index.php?rest_route=\/wp\/v2\/types\/post"}],"author":[{"embeddable":true,"href":"https:\/\/comifac.org\/index.php?rest_route=\/wp\/v2\/users\/5"}],"replies":[{"embeddable":true,"href":"https:\/\/comifac.org\/index.php?rest_route=%2Fwp%2Fv2%2Fcomments&post=8745"}],"version-history":[{"count":0,"href":"https:\/\/comifac.org\/index.php?rest_route=\/wp\/v2\/posts\/8745\/revisions"}],"wp:featuredmedia":[{"embeddable":true,"href":"https:\/\/comifac.org\/index.php?rest_route=\/wp\/v2\/media\/8744"}],"wp:attachment":[{"href":"https:\/\/comifac.org\/index.php?rest_route=%2Fwp%2Fv2%2Fmedia&parent=8745"}],"wp:term":[{"taxonomy":"category","embeddable":true,"href":"https:\/\/comifac.org\/index.php?rest_route=%2Fwp%2Fv2%2Fcategories&post=8745"},{"taxonomy":"post_tag","embeddable":true,"href":"https:\/\/comifac.org\/index.php?rest_route=%2Fwp%2Fv2%2Ftags&post=8745"}],"curies":[{"name":"wp","href":"https:\/\/api.w.org\/{rel}","templated":true}]}}