{"id":8756,"date":"2022-03-22T13:33:20","date_gmt":"2022-03-22T13:33:20","guid":{"rendered":"https:\/\/comifac.org\/21-mars-2022-journee-internationale-des-forets\/"},"modified":"2022-03-22T13:33:20","modified_gmt":"2022-03-22T13:33:20","slug":"21-mars-2022-journee-internationale-des-forets","status":"publish","type":"post","link":"https:\/\/comifac.org\/?p=8756","title":{"rendered":"21 Mars 2022 : Journ\u00e9e internationale des for\u00eats"},"content":{"rendered":"<p style=\"text-align: justify;\"><span style=\"font-size: 12pt; color: #000000;\">Chaque ann\u00e9e, le 21 mars est c\u00e9l\u00e9br\u00e9 comme la Journ\u00e9e internationale des for\u00eats. Cette journ\u00e9e vise \u00e0 sensibiliser le public aux valeurs, \u00e0 l\u2019importance et \u00e0 la contribution des for\u00eats \u00e0 l\u2019\u00e9quilibre du cycle de vie sur la terre. Diverses organisations, priv\u00e9es et gouvernementales, collaborent ce jour-l\u00e0 pour informer les gens non seulement sur les for\u00eats en g\u00e9n\u00e9ral, mais aussi sur les arbres et la v\u00e9g\u00e9tation qui existent en dehors des zones foresti\u00e8res. Cette journ\u00e9e est c\u00e9l\u00e9br\u00e9e pour sensibiliser les gens \u00e0 l\u2019importance de la couverture v\u00e9g\u00e9tale non seulement pour aujourd\u2019hui mais aussi pour toutes les g\u00e9n\u00e9rations futures.<\/span><\/p>\n<p>  <!--more-->  <\/p>\n<p style=\"text-align: justify;\"><span style=\"color: #000000;\"><\/span><\/p>\n<div class=\"mod_newsreader block\">\n<div class=\"layout_full block\" itemscope=\"itemscope\" itemtype=\"http:\/\/schema.org\/Article\">\n<h1 itemprop=\"name\"><\/h1>\n<div class=\"ce_text block\"> <\/p>\n<p><span style=\"color: #000000;\"><img decoding=\"async\" src=\"https:\/\/pfbc-cbfp.org\/files\/docs\/news\/3-2022\/WEB_BANNER_FR-REVISED_01.png\" alt=\"\" style=\"display: block; margin-left: auto; margin-right: auto;\" \/><\/span><\/p>\n<p style=\"text-align: justify;\"><span style=\"color: #000000;\">En 2012, l&rsquo;Assembl\u00e9e g\u00e9n\u00e9rale des Nations Unies a proclam\u00e9 le 21 mars Journ\u00e9e internationale des for\u00eats. Cette journ\u00e9e est l&rsquo;occasion de c\u00e9l\u00e9brer la for\u00eat dans sa diversit\u00e9 et de faire prendre conscience de l\u2019importance des diff\u00e9rents types de for\u00eats.<\/span><\/p>\n<p style=\"text-align: justify;\"><span style=\"color: #000000;\">Ce jour-l\u00e0, les pays sont invit\u00e9s \u00e0 engager des efforts aux niveaux local, national et international afin d&rsquo;organiser des activit\u00e9s autour des for\u00eats et des arbres, par exemple des campagnes de plantation d&rsquo;arbres. Chaque ann\u00e9e, la Journ\u00e9e est consacr\u00e9e \u00e0 un th\u00e8me particulier d\u00e9cid\u00e9 par le Partenariat de collaboration sur les for\u00eats.<\/span><\/p>\n<\/p><\/div>\n<\/p><\/div>\n<p class=\"back\"><span style=\"color: #000000;\"><\/span><\/p>\n<\/p><\/div>\n<p style=\"text-align: justify;\"><span style=\"font-size: 12pt; color: #000000;\"><strong>Journ\u00e9e internationale des for\u00eats : Histoire<\/strong><\/span><\/p>\n<p style=\"text-align: justify;\"><span style=\"font-size: 12pt; color: #000000;\">Auparavant, la 16e session de la Conf\u00e9rence de l\u2019Organisation des Nations unies pour l\u2019alimentation et l\u2019agriculture (FAO) avait vot\u00e9 la \u00ab Journ\u00e9e mondiale des for\u00eats \u00bb en 1971. Ensuite, de 2007 \u00e0 2012, le Centre pour la recherche foresti\u00e8re internationale (CIFOR) a organis\u00e9 six Journ\u00e9es des for\u00eats. En partenariat avec le Partenariat de collaboration sur les for\u00eats, 2011 a \u00e9t\u00e9 d\u00e9clar\u00e9e Ann\u00e9e des for\u00eats.<\/span><\/p>\n<p style=\"text-align: justify;\"><span style=\"font-size: 12pt; color: #000000;\">Le 28 novembre 2012, l\u2019Assembl\u00e9e g\u00e9n\u00e9rale des Nations unies a d\u00e9clar\u00e9 que le 21 mars serait c\u00e9l\u00e9br\u00e9 comme la Journ\u00e9e internationale des for\u00eats (JIF).<\/span><\/p>\n<p style=\"text-align: justify;\"><span style=\"font-size: 12pt; color: #000000;\"><strong>Journ\u00e9e internationale des for\u00eats : th\u00e8me<\/strong><\/span><\/p>\n<p style=\"text-align: justify;\"><span style=\"font-size: 12pt; color: #000000;\">Chaque ann\u00e9e, le Partenariat de collaboration sur les for\u00eats (qui est une branche du Forum des Nations unies sur les for\u00eats) d\u00e9cide d\u2019un th\u00e8me pour la journ\u00e9e des for\u00eats. Le th\u00e8me pour 2022 est \u00ab Les for\u00eats et la production et la consommation durables \u00bb.<\/span><\/p>\n<p style=\"text-align: justify;\"><span style=\"font-size: 12pt; color: #000000;\"><strong>Journ\u00e9e internationale des for\u00eats : signification<\/strong><\/span><\/p>\n<p style=\"text-align: justify;\"><span style=\"font-size: 12pt; color: #000000;\">\u00c0 l\u2019occasion de la Journ\u00e9e internationale des for\u00eats, l\u2019agence encourage les pays \u00e0 \u00ab entreprendre des efforts locaux, nationaux et internationaux pour organiser des activit\u00e9s concernant les for\u00eats et les arbres, telles que des campagnes de plantation d\u2019arbres \u00bb.<\/span><\/p>\n<p style=\"text-align: justify;\"><span style=\"color: #000000;\"><a href=\"https:\/\/www.fao.org\/international-day-of-forests\/fr\/\" target=\"_blank\" rel=\"noopener\" style=\"color: #000000;\">En savoir plus&#8230;<\/a><\/span><\/p>\n","protected":false},"excerpt":{"rendered":"<p>Chaque ann\u00e9e, le 21 mars est c\u00e9l\u00e9br\u00e9 comme la Journ\u00e9e internationale des for\u00eats. Cette journ\u00e9e vise \u00e0&hellip;<\/p>\n","protected":false},"author":5,"featured_media":8755,"comment_status":"open","ping_status":"open","sticky":false,"template":"","format":"standard","meta":{"give_campaign_id":0,"rs_blank_template":"","rs_page_bg_color":"","slide_template_v7":"","_jetpack_newsletter_access":"","_jetpack_dont_email_post_to_subs":false,"_jetpack_newsletter_tier_id":0,"_jetpack_memberships_contains_paywalled_content":false,"_jetpack_feature_clip_id":0,"_jetpack_memberships_contains_paid_content":false,"footnotes":"","jetpack_post_was_ever_published":false},"categories":[117],"tags":[],"class_list":["post-8756","post","type-post","status-publish","format-standard","has-post-thumbnail","hentry","category-actualites"],"jetpack_sharing_enabled":true,"jetpack_featured_media_url":"https:\/\/comifac.org\/wp-content\/uploads\/2022\/03\/WEB_BANNER_FR-REVISED_01_journee_internationale_des_forets.png","_links":{"self":[{"href":"https:\/\/comifac.org\/index.php?rest_route=\/wp\/v2\/posts\/8756","targetHints":{"allow":["GET"]}}],"collection":[{"href":"https:\/\/comifac.org\/index.php?rest_route=\/wp\/v2\/posts"}],"about":[{"href":"https:\/\/comifac.org\/index.php?rest_route=\/wp\/v2\/types\/post"}],"author":[{"embeddable":true,"href":"https:\/\/comifac.org\/index.php?rest_route=\/wp\/v2\/users\/5"}],"replies":[{"embeddable":true,"href":"https:\/\/comifac.org\/index.php?rest_route=%2Fwp%2Fv2%2Fcomments&post=8756"}],"version-history":[{"count":0,"href":"https:\/\/comifac.org\/index.php?rest_route=\/wp\/v2\/posts\/8756\/revisions"}],"wp:featuredmedia":[{"embeddable":true,"href":"https:\/\/comifac.org\/index.php?rest_route=\/wp\/v2\/media\/8755"}],"wp:attachment":[{"href":"https:\/\/comifac.org\/index.php?rest_route=%2Fwp%2Fv2%2Fmedia&parent=8756"}],"wp:term":[{"taxonomy":"category","embeddable":true,"href":"https:\/\/comifac.org\/index.php?rest_route=%2Fwp%2Fv2%2Fcategories&post=8756"},{"taxonomy":"post_tag","embeddable":true,"href":"https:\/\/comifac.org\/index.php?rest_route=%2Fwp%2Fv2%2Ftags&post=8756"}],"curies":[{"name":"wp","href":"https:\/\/api.w.org\/{rel}","templated":true}]}}