{"id":8797,"date":"2022-04-05T13:17:31","date_gmt":"2022-04-05T13:17:31","guid":{"rendered":"https:\/\/comifac.org\/rapport-atelier-sous-regional-du-groupe-de-travail-gouvernance-forestiere-gtgf-de-la-comifac\/"},"modified":"2022-04-05T13:17:31","modified_gmt":"2022-04-05T13:17:31","slug":"rapport-atelier-sous-regional-du-groupe-de-travail-gouvernance-forestiere-gtgf-de-la-comifac","status":"publish","type":"post","link":"https:\/\/comifac.org\/?p=8797","title":{"rendered":"Rapport Atelier Sous- R\u00e9gional du Groupe de Travail Gouvernance Foresti\u00e8re (GTGF) de la COMIFAC"},"content":{"rendered":"<div class=\"layout_full block\" itemscope=\"itemscope\" itemtype=\"http:\/\/schema.org\/Article\">\n<div class=\"ce_text block\">\n<p style=\"text-align: justify;\"><em>Douala, Cameroun, du 07 au 10 mars 2022, le Groupe de Travail sur la Gouvernance Foresti\u00e8re (GTGF) de la COMIFAC, a tenu un atelier pr\u00e9paratoire \u00e0 la participation des pays membres de la COMIFAC \u00e0 la 15\u00e8me session du Congr\u00e8s Forestier Mondial (CFM-15), et au 17\u00e8me Forum des Nations Unies sur les For\u00eats (FNUF-17). Bien vouloir t\u00e9l\u00e9charger<a href=\"https:\/\/pfbc-cbfp.org\/actualites-partenaires\/GTBC-COMIFAC-atelier.html?file=files\/docs\/news\/4-%202022\/Version-Finale_Rapport%20atelier%20GTGF%20DLA_07-10_Mars_2022.pdf\" target=\"_blank\" rel=\"noopener\"> le rapport\u2026 <!--more--> <\/a><\/em><\/p>\n<p><img decoding=\"async\" src=\"https:\/\/pfbc-cbfp.org\/files\/docs\/news\/4-%202022\/-Rapport%20actualit%C3%A9%20GTGF.JPG\" alt=\"\" style=\"display: block; margin-left: auto; margin-right: auto;\" \/><\/p>\n<p style=\"text-align: justify;\">Y prenaient part, par visio-conf\u00e9rence ou en pr\u00e9sentiel, une cinquantaine de participants dont, le personnel du Secr\u00e9tariat Ex\u00e9cutif de la COMIFAC, les Directeurs G\u00e9n\u00e9raux des For\u00eats des pays et\/ou leurs d\u00e9l\u00e9gu\u00e9s, les Coordonnateurs Nationaux de la COMIFAC, les Points Focaux FNUF, les partenaires techniques et financiers, les syndicats des Exploitants forestiers, et les d\u00e9l\u00e9gu\u00e9s de la Soci\u00e9t\u00e9 Civiles, issus des pays suivants : Burundi, Cameroun, Gabon, Guin\u00e9e Equatoriale, R\u00e9publique centrafricaine, R\u00e9publique D\u00e9mocratique du Congo, Rwanda, Tchad.<\/p>\n<p style=\"text-align: justify;\">Le pr\u00e9sent Atelier avait pour objectif g\u00e9n\u00e9ral de \u00ab pr\u00e9parer la participation des pays membres de la COMIFAC au 15\u00e8me Congr\u00e8s Mondial sur les For\u00eats et \u00e0 la 17\u00e8me session du Forum des Nations Unies sur les For\u00eats \u00bb.<\/p>\n<p style=\"text-align: justify;\">De mani\u00e8re sp\u00e9cifique, il s\u2019agissait :<\/p>\n<ul>\n<li style=\"text-align: justify;\">d\u2019\u00e9changer sur l\u2019ensemble des activit\u00e9s qu\u2019envisage de mener la COMIFAC pendant ces \u00e9v\u00e8nements ;<\/li>\n<li style=\"text-align: justify;\">d\u2019adopter les positions communes sur les points inscrits \u00e0 l\u2019ordre du jour de chacune de ces rencontres ;<\/li>\n<li style=\"text-align: justify;\">de faire le point sur la prise en charge des d\u00e9l\u00e9gations des pays membres de la COMIFAC \u00e0 ces r\u00e9unions ;<\/li>\n<li style=\"text-align: justify;\">d\u2019adopter un cadre d\u2019intervention des pays membres de la COMIFAC pendant ces \u00e9v\u00e8nements ;<\/li>\n<li style=\"text-align: justify;\">de faire le point de la mise en \u0153uvre des recommandations de la derni\u00e8re r\u00e9union du GTGF.<\/li>\n<\/ul>\n<p style=\"text-align: justify;\">L\u2019atelier de Douala a permis de pr\u00e9parer la participation des pays de l\u2019espace COMIFAC \u00e0 la quinzi\u00e8me session du Congr\u00e8s Forestier Mondial (CFM-15) et au dix-septi\u00e8me Forum des Nations Unies sur les For\u00eats (FNUF-17) qui se tiendront respectivement \u00e0 S\u00e9oul, \u00e0 la Cor\u00e9e du Sud du 02 au 06 Mai 2022 et \u00e0 New-York aux Etats-Unis du 09 au 13 Mai 2022. Cette rencontre a aussi permis aux participants de discuter sur les questions dont les enjeux portent sur le devenir du GTGF.<\/p>\n<p style=\"text-align: justify;\">Les pays sont invit\u00e9s \u00e0 plus de mobilisation aux r\u00e9unions internationales qui abordent les questions de conservation et de gestion durable des \u00e9cosyst\u00e8mes forestiers d\u2019Afrique Centrale et du monde.<\/p>\n<p>Pour d\u2019amples informations, bien vouloir t\u00e9l\u00e9charger le rapport ci-dessous :<\/p>\n<\/p><\/div>\n<ul class=\"enclosure\">\n<li class=\"download-element ext-pdf\"><a href=\"https:\/\/pfbc-cbfp.org\/actualites-partenaires\/GTBC-COMIFAC-atelier.html?file=files\/docs\/news\/4-%202022\/Version-Finale_Rapport%20atelier%20GTGF%20DLA_07-10_Mars_2022.pdf\" title=\"T\u00e9l\u00e9charger Version-Finale_Rapport atelier GTGF DLA_07-10_Mars_2022.pdf\">Version-Finale_Rapport atelier GTGF DLA_07-10_Mars_2022.pdf <span class=\"size\">(1.4 Mo)<\/span><\/a><\/li>\n<\/ul><\/div>\n","protected":false},"excerpt":{"rendered":"<p>Douala, Cameroun, du 07 au 10 mars 2022, le Groupe de Travail sur la Gouvernance Foresti\u00e8re (GTGF)&hellip;<\/p>\n","protected":false},"author":5,"featured_media":0,"comment_status":"open","ping_status":"open","sticky":false,"template":"","format":"standard","meta":{"give_campaign_id":0,"rs_blank_template":"","rs_page_bg_color":"","slide_template_v7":"","_jetpack_newsletter_access":"","_jetpack_dont_email_post_to_subs":false,"_jetpack_newsletter_tier_id":0,"_jetpack_memberships_contains_paywalled_content":false,"_jetpack_feature_clip_id":0,"_jetpack_memberships_contains_paid_content":false,"footnotes":"","jetpack_post_was_ever_published":false},"categories":[117],"tags":[],"class_list":["post-8797","post","type-post","status-publish","format-standard","hentry","category-actualites"],"jetpack_sharing_enabled":true,"jetpack_featured_media_url":"","_links":{"self":[{"href":"https:\/\/comifac.org\/index.php?rest_route=\/wp\/v2\/posts\/8797","targetHints":{"allow":["GET"]}}],"collection":[{"href":"https:\/\/comifac.org\/index.php?rest_route=\/wp\/v2\/posts"}],"about":[{"href":"https:\/\/comifac.org\/index.php?rest_route=\/wp\/v2\/types\/post"}],"author":[{"embeddable":true,"href":"https:\/\/comifac.org\/index.php?rest_route=\/wp\/v2\/users\/5"}],"replies":[{"embeddable":true,"href":"https:\/\/comifac.org\/index.php?rest_route=%2Fwp%2Fv2%2Fcomments&post=8797"}],"version-history":[{"count":0,"href":"https:\/\/comifac.org\/index.php?rest_route=\/wp\/v2\/posts\/8797\/revisions"}],"wp:attachment":[{"href":"https:\/\/comifac.org\/index.php?rest_route=%2Fwp%2Fv2%2Fmedia&parent=8797"}],"wp:term":[{"taxonomy":"category","embeddable":true,"href":"https:\/\/comifac.org\/index.php?rest_route=%2Fwp%2Fv2%2Fcategories&post=8797"},{"taxonomy":"post_tag","embeddable":true,"href":"https:\/\/comifac.org\/index.php?rest_route=%2Fwp%2Fv2%2Ftags&post=8797"}],"curies":[{"name":"wp","href":"https:\/\/api.w.org\/{rel}","templated":true}]}}