{"id":8848,"date":"2022-05-03T15:52:53","date_gmt":"2022-05-03T15:52:53","guid":{"rendered":"https:\/\/comifac.org\/la-conservation-sur-des-espaces-surdimensionnes-et-le-declin-de-la-faune-sauvage-et-du-tourisme-dans-les-savanes-d-afrique-centrale\/"},"modified":"2022-05-03T15:52:53","modified_gmt":"2022-05-03T15:52:53","slug":"la-conservation-sur-des-espaces-surdimensionnes-et-le-declin-de-la-faune-sauvage-et-du-tourisme-dans-les-savanes-d-afrique-centrale","status":"publish","type":"post","link":"https:\/\/comifac.org\/?p=8848","title":{"rendered":"La conservation sur des espaces surdimensionn\u00e9s et le d\u00e9clin de la faune sauvage et du tourisme dans les savanes d\u2019Afrique centrale"},"content":{"rendered":"<p style=\"text-align: justify;\"><span lang=\"FR\" style=\"color: #000000;\">Lorsqu\u2019en 2010, les gouvernements du monde se sont engag\u00e9s \u00e0 augmenter la couverture des aires prot\u00e9g\u00e9es \u00e0 17% de la surface terrestre mondiale, plusieurs pays d\u2019Afrique centrale avaient d\u00e9j\u00e0 instaur\u00e9 la protection de 25% de leurs savanes \u00e0 des fins de conservation. Pour \u00e9valuer l\u2019efficacit\u00e9 de ces outils, des chercheurs ont analys\u00e9 les r\u00e9sultats de 68 enqu\u00eates men\u00e9es dans les sept principaux parcs nationaux de savane d\u2019Afrique centrale (1960-2017) ainsi que les informations sur les pressions potentielles impactant la population de grands herbivores (pluviom\u00e9trie, nombre de gardes) et sur le nombre et les revenus des touristes.&nbsp;<\/span><\/p>\n<p>  <!--more-->  <\/p>\n<p style=\"text-align: justify;\">&nbsp;<\/p>\n<p style=\"text-align: justify;\"><span lang=\"FR\" style=\"color: #000000;\"><strong><span style=\"font-family: 'Calibri', sans-serif; border: 1pt none windowtext; padding: 0cm;\">Dans six des sept parcs, les populations sauvages de grands herbivores ont consid\u00e9rablement diminu\u00e9 au fil du temps, parall\u00e8lement, le nombre de t\u00eates de b\u00e9tail a augment\u00e9, et le tourisme, le pilier d\u2019une industrie faunique locale autrefois florissante, s\u2019est effondr\u00e9<\/span><\/strong>. Le parc national Zakouma (Tchad) s\u2019est d\u00e9marqu\u00e9 parce que ses grandes populations d\u2019herbivores ont augment\u00e9, une augmentation qui est positivement corr\u00e9l\u00e9e avec les pr\u00e9cipitations et le nombre de gardes, d\u00e9montr\u00e9 ici comme un indicateur de conservation pertinent.<\/span><\/p>\n<p style=\"text-align: justify;\"><span lang=\"FR\" style=\"color: #000000;\">Avec la baisse des revenus et l\u2019ins\u00e9curit\u00e9 croissante, les gouvernements ont trop peu de ressources pour prot\u00e9ger les vastes zones que repr\u00e9sentent les parcs et faire respecter les limites des zones prot\u00e9g\u00e9es. \u00ab&nbsp;Les gouvernements de ces pays sont d\u00e9bord\u00e9s et essaient de faire plus que ce qu\u2019ils peuvent faire&nbsp;\u00bb, a d\u00e9clar\u00e9 Paul Scholte, auteur principal de l\u2019\u00e9tude et directeur du programme Gouvernance et gestion durable des ressources naturelles \u00e0 Como\u00e9 et Ta\u00ef, deux parcs nationaux de C\u00f4te d\u2019Ivoire. \u00ab&nbsp;<strong><span style=\"font-family: 'Calibri', sans-serif; border: 1pt none windowtext; padding: 0cm;\">Et la r\u00e9alit\u00e9 est que l\u2019augmentation des zones sous conservation, en Afrique centrale, pousse les pays \u00e0 assumer plus qu\u2019ils ne peuvent assumer, alors que la communaut\u00e9 internationale ne leur a pas donn\u00e9 les ressources n\u00e9cessaires pour s\u2019aligner sur les r\u00e9alit\u00e9s du terrain.<\/span><\/strong>\u00ab <br \/><\/span><\/p>\n<p style=\"margin: 0cm; background: white none repeat scroll 0% 0%; vertical-align: baseline; word-spacing: 0px; text-align: justify;\"><span lang=\"FR\" style=\"color: #000000;\">La prochaine convention sur la diversit\u00e9 biologique pr\u00e9vue en avril 2022 sugg\u00e8re d\u2019augmenter les zones de conservation pour couvrir 30 % de la surface terrestre de la plan\u00e8te. \u00ab&nbsp;L\u2019objectif est noble&nbsp;\u00bb, a d\u00e9clar\u00e9 M. Scholte, \u00ab&nbsp;mais sans financement pour soutenir ces objectifs, la plupart des pays \u00e0 faible revenu ne pourraient pas r\u00e9ussir&nbsp;\u00bb.&nbsp;&nbsp;<strong><span style=\"font-family: 'Calibri', sans-serif; border: 1pt none windowtext; padding: 0cm;\">Pour faire face au dilemme que repr\u00e9sente l\u2019expansion des aires prot\u00e9g\u00e9es et la baisse des moyens de gestion, les auteurs proposent d\u2019augmenter les financements, d\u2019am\u00e9liorer la gestion et de concentrer les actions sur des zones plus petites pour sauver la faune dans les savanes d\u2019Afrique centrale.<\/span><\/strong>&nbsp;\u00ab&nbsp;Il ne s\u2019agit pas de doubler ou de tripler le financement pour qu\u2019il soit efficace. Il faudrait 10, 15 ou m\u00eame 20 fois plus de fonds par an pour les budgets de ces parcs.&nbsp;\u00bb, d\u2019apr\u00e8s Paul Scholte. \u00ab&nbsp;C\u2019est \u00e9norme, et nous savons tous que ce n\u2019est pas r\u00e9aliste. Donc, nous disons que nous devrions en prendre conscience, le reconna\u00eetre, et concentrer ces ressources limit\u00e9es sur des zones qui sont viables et qui pourraient avoir un plus grand effet sur la conservation des populations de grands herbivores en Afrique centrale&nbsp;\u00bb.<\/span><\/p>\n<p style=\"margin: 0cm; background: white none repeat scroll 0% 0%; vertical-align: baseline; word-spacing: 0px; text-align: justify;\"><span lang=\"FR\" style=\"color: #303030;\"><\/span><\/p>\n<p class=\"yiv7684659635MsoNormal\" style=\"text-align: justify;\">Synthese en Fran\u00e7ais&nbsp;: <a href=\"https:\/\/eur01.safelinks.protection.outlook.com\/?url=https%3A%2F%2Fwww.fondationbiodiversite.fr%2Fconservation-faune-sauvage-tourisme-afrique-centrale%2F&amp;data=05%7C01%7Cpaul.scholte%40giz.de%7C18152e4842ca4fcd5fd908da2c8fd8cb%7C5bbab28cdef3460488225e707da8dba8%7C0%7C0%7C637871293931463626%7CUnknown%7CTWFpbGZsb3d8eyJWIjoiMC4wLjAwMDAiLCJQIjoiV2luMzIiLCJBTiI6Ik1haWwiLCJXVCI6Mn0%3D%7C3000%7C%7C%7C&amp;sdata=xCjn2cVHS0dH9FEJPqMy3r2gEEgizjwWRzvrfNEnbQE%3D&amp;reserved=0\" target=\"_blank\" rel=\"nofollow noopener noreferrer\"><span lang=\"FR\" style=\"color: blue;\">La conservation sur des espaces surdimensionn\u00e9s et le d\u00e9clin de la faune sauvage et du tourisme dans les savanes d\u2019Afrique centrale<\/span><\/a><\/p>\n<p class=\"yiv7684659635MsoNormal\" style=\"text-align: justify;\">Interview in English: <a href=\"https:\/\/eur01.safelinks.protection.outlook.com\/?url=https%3A%2F%2Fnews.osu.edu%2Flarger-conservation-areas-didnt-protect-animals-in-central-africa%2F&amp;data=05%7C01%7Cpaul.scholte%40giz.de%7C18152e4842ca4fcd5fd908da2c8fd8cb%7C5bbab28cdef3460488225e707da8dba8%7C0%7C0%7C637871293931463626%7CUnknown%7CTWFpbGZsb3d8eyJWIjoiMC4wLjAwMDAiLCJQIjoiV2luMzIiLCJBTiI6Ik1haWwiLCJXVCI6Mn0%3D%7C3000%7C%7C%7C&amp;sdata=A6yqLYN7s%2FzuEJbmJs9ezn%2BgUzrbiKDmjHhB121H6Ok%3D&amp;reserved=0\" target=\"_blank\" rel=\"nofollow noopener noreferrer\"><span lang=\"EN-US\" style=\"color: blue;\">Larger conservation areas didn\u2019t protect wildlife in central Africa <\/span><\/a><\/p>\n<p class=\"yiv7684659635MsoNormal\" style=\"text-align: justify;\"><span lang=\"EN-US\">Original article (anglais): <\/span><span lang=\"DE\"><a href=\"https:\/\/eur01.safelinks.protection.outlook.com\/?url=https%3A%2F%2Fconbio.onlinelibrary.wiley.com%2Fdoi%2Fabs%2F10.1111%2Fcobi.13860&amp;data=05%7C01%7Cpaul.scholte%40giz.de%7C18152e4842ca4fcd5fd908da2c8fd8cb%7C5bbab28cdef3460488225e707da8dba8%7C0%7C0%7C637871293931463626%7CUnknown%7CTWFpbGZsb3d8eyJWIjoiMC4wLjAwMDAiLCJQIjoiV2luMzIiLCJBTiI6Ik1haWwiLCJXVCI6Mn0%3D%7C3000%7C%7C%7C&amp;sdata=lataULvJHt%2FCvbtWClLfAwHfDWNQ%2Fg%2FteWZladQUkps%3D&amp;reserved=0\" target=\"_blank\" rel=\"nofollow noopener noreferrer\"><span lang=\"EN-US\" style=\"color: blue;\">The Society for Conservation Biology (wiley.com)<\/span><\/a><\/span><\/p>\n","protected":false},"excerpt":{"rendered":"<p>Lorsqu\u2019en 2010, les gouvernements du monde se sont engag\u00e9s \u00e0 augmenter la couverture des aires prot\u00e9g\u00e9es \u00e0&hellip;<\/p>\n","protected":false},"author":5,"featured_media":8847,"comment_status":"open","ping_status":"open","sticky":false,"template":"","format":"standard","meta":{"give_campaign_id":0,"rs_blank_template":"","rs_page_bg_color":"","slide_template_v7":"","_jetpack_newsletter_access":"","_jetpack_dont_email_post_to_subs":false,"_jetpack_newsletter_tier_id":0,"_jetpack_memberships_contains_paywalled_content":false,"_jetpack_feature_clip_id":0,"_jetpack_memberships_contains_paid_content":false,"footnotes":"","jetpack_post_was_ever_published":false},"categories":[117],"tags":[],"class_list":["post-8848","post","type-post","status-publish","format-standard","has-post-thumbnail","hentry","category-actualites"],"jetpack_sharing_enabled":true,"jetpack_featured_media_url":"https:\/\/comifac.org\/wp-content\/uploads\/2022\/05\/article_Paul_Scholte.jpg","_links":{"self":[{"href":"https:\/\/comifac.org\/index.php?rest_route=\/wp\/v2\/posts\/8848","targetHints":{"allow":["GET"]}}],"collection":[{"href":"https:\/\/comifac.org\/index.php?rest_route=\/wp\/v2\/posts"}],"about":[{"href":"https:\/\/comifac.org\/index.php?rest_route=\/wp\/v2\/types\/post"}],"author":[{"embeddable":true,"href":"https:\/\/comifac.org\/index.php?rest_route=\/wp\/v2\/users\/5"}],"replies":[{"embeddable":true,"href":"https:\/\/comifac.org\/index.php?rest_route=%2Fwp%2Fv2%2Fcomments&post=8848"}],"version-history":[{"count":0,"href":"https:\/\/comifac.org\/index.php?rest_route=\/wp\/v2\/posts\/8848\/revisions"}],"wp:featuredmedia":[{"embeddable":true,"href":"https:\/\/comifac.org\/index.php?rest_route=\/wp\/v2\/media\/8847"}],"wp:attachment":[{"href":"https:\/\/comifac.org\/index.php?rest_route=%2Fwp%2Fv2%2Fmedia&parent=8848"}],"wp:term":[{"taxonomy":"category","embeddable":true,"href":"https:\/\/comifac.org\/index.php?rest_route=%2Fwp%2Fv2%2Fcategories&post=8848"},{"taxonomy":"post_tag","embeddable":true,"href":"https:\/\/comifac.org\/index.php?rest_route=%2Fwp%2Fv2%2Ftags&post=8848"}],"curies":[{"name":"wp","href":"https:\/\/api.w.org\/{rel}","templated":true}]}}