{"id":8852,"date":"2022-05-04T03:12:41","date_gmt":"2022-05-04T03:12:41","guid":{"rendered":"https:\/\/comifac.org\/pavillon-ceeac-comifac-a-la-15e-session-du-congres-forestier-mondial-programme-du-04-mai-2022\/"},"modified":"2022-05-04T03:12:41","modified_gmt":"2022-05-04T03:12:41","slug":"pavillon-ceeac-comifac-a-la-15e-session-du-congres-forestier-mondial-programme-du-04-mai-2022","status":"publish","type":"post","link":"https:\/\/comifac.org\/?p=8852","title":{"rendered":"Programme des \u00e9v\u00e8nements du 04 mai 2022 au Pavillon CEEAC-COMIFAC \u00e0 la 15e Session du Congr\u00e8s Forestier Mondial"},"content":{"rendered":"<p><img decoding=\"async\" class=\" size-full wp-image-8849\" src=\"https:\/\/comifac.org\/wp-content\/uploads\/2022\/05\/logo_en_francais.jpg\" alt=\"\" width=\"205\" height=\"130\" \/><\/p>\n<p class=\"yiv6290574876MsoNormal\">Veuillez trouver ci-joint le programme des \u00e9v\u00e8nements du 04 mai 2022 dans le Pavillon CEEAC-COMIFAC \u00e0 la 15<sup>e<\/sup> Session du Congr\u00e8s Forestier Mondial<\/p>\n<p>  <!--more-->  <\/p>\n<p class=\"yiv6290574876MsoNormal\">&nbsp;<\/p>\n<p class=\"yiv6290574876MsoNormal\" style=\"text-align: justify;\"><b><span lang=\"FR\" style=\"font-size: 12pt; font-family: 'Times New Roman', serif;\">Suivez en direct l\u2019actualit\u00e9 du Pavillon COMIFAC- ECCAS Initiatives !<\/span><\/b><\/p>\n<p class=\"yiv6290574876MsoNormal\" style=\"text-align: justify;\"><b><span lang=\"FR\" style=\"font-size: 12pt; font-family: 'Times New Roman', serif;\">SUR LES SITES INTERNET ET LES R\u00c9SEAUX SOCIAUX <\/span><\/b><\/p>\n<p class=\"yiv6290574876MsoNormal\" style=\"text-align: justify;\"><span lang=\"FR\" style=\"font-size: 12pt; font-family: 'Times New Roman', serif;\">COMIFAC: <\/span><span lang=\"DE\" style=\"font-family: 'Arial', sans-serif;\"><a href=\"https:\/\/comifac.org\/\" target=\"_blank\" rel=\"nofollow noopener noreferrer\"><span lang=\"FR\" style=\"font-size: 12pt; font-family: 'Times New Roman', serif; color: #0563c1;\">https:\/\/comifac.org\/<\/span><\/a><\/span><span lang=\"DE\" style=\"font-size: 12pt; font-family: 'Times New Roman', serif;\"> <\/span><\/p>\n<p><span lang=\"FR\" style=\"font-size: 12pt; font-family: 'Times New Roman', serif;\">PFBC: <\/span><span lang=\"DE\" style=\"font-family: 'Arial', sans-serif;\"><a href=\"https:\/\/pfbc-cbfp.org\/home.html\" target=\"_blank\" rel=\"nofollow noopener noreferrer\"><\/a><a>https:\/\/pfbc-cbfp.org\/home.html<\/a><\/span><\/p>\n<div><a>https:\/\/www.facebook.com\/comifac.org<\/a><\/div>\n<div><a>https:\/\/twitter.com\/hashtag\/COMIFACECCASXVWFCKOREA?src=hashtag_click<\/a><\/div>\n<div><a>&nbsp;<\/a><\/div>\n<div><a>#COMIFACECCASXVWFCKOREAPRO<\/a><\/div>\n<div>&nbsp;<\/div>\n<div><a href=\"https:\/\/comifac.org\/wp-content\/uploads\/2022\/05\/COMIFAC-ECCAS_AT_XVWFC_DAILY_PROGRAM_2022-05-04.pdf\">Programme des \u00e9venements du 04 mai 2022<\/a><\/div>\n<div>&nbsp;<\/div>\n<div><a href=\"https:\/\/comifac.org\/wp-content\/uploads\/2022\/05\/ENG_Side_EventCAFI_PFBC_COMIFAC.pdf\">Side event CAFI_PFBC_COMIFAC<\/a><\/div>\n<div>&nbsp;<\/div>\n","protected":false},"excerpt":{"rendered":"<p>Veuillez trouver ci-joint le programme des \u00e9v\u00e8nements du 04 mai 2022 dans le Pavillon CEEAC-COMIFAC \u00e0 la&hellip;<\/p>\n","protected":false},"author":5,"featured_media":8849,"comment_status":"open","ping_status":"open","sticky":false,"template":"","format":"standard","meta":{"give_campaign_id":0,"rs_blank_template":"","rs_page_bg_color":"","slide_template_v7":"","_jetpack_newsletter_access":"","_jetpack_dont_email_post_to_subs":false,"_jetpack_newsletter_tier_id":0,"_jetpack_memberships_contains_paywalled_content":false,"_jetpack_feature_clip_id":0,"_jetpack_memberships_contains_paid_content":false,"footnotes":"","jetpack_post_was_ever_published":false},"categories":[117],"tags":[],"class_list":["post-8852","post","type-post","status-publish","format-standard","has-post-thumbnail","hentry","category-actualites"],"jetpack_sharing_enabled":true,"jetpack_featured_media_url":"https:\/\/comifac.org\/wp-content\/uploads\/2022\/05\/logo_en_francais.jpg","_links":{"self":[{"href":"https:\/\/comifac.org\/index.php?rest_route=\/wp\/v2\/posts\/8852","targetHints":{"allow":["GET"]}}],"collection":[{"href":"https:\/\/comifac.org\/index.php?rest_route=\/wp\/v2\/posts"}],"about":[{"href":"https:\/\/comifac.org\/index.php?rest_route=\/wp\/v2\/types\/post"}],"author":[{"embeddable":true,"href":"https:\/\/comifac.org\/index.php?rest_route=\/wp\/v2\/users\/5"}],"replies":[{"embeddable":true,"href":"https:\/\/comifac.org\/index.php?rest_route=%2Fwp%2Fv2%2Fcomments&post=8852"}],"version-history":[{"count":0,"href":"https:\/\/comifac.org\/index.php?rest_route=\/wp\/v2\/posts\/8852\/revisions"}],"wp:featuredmedia":[{"embeddable":true,"href":"https:\/\/comifac.org\/index.php?rest_route=\/wp\/v2\/media\/8849"}],"wp:attachment":[{"href":"https:\/\/comifac.org\/index.php?rest_route=%2Fwp%2Fv2%2Fmedia&parent=8852"}],"wp:term":[{"taxonomy":"category","embeddable":true,"href":"https:\/\/comifac.org\/index.php?rest_route=%2Fwp%2Fv2%2Fcategories&post=8852"},{"taxonomy":"post_tag","embeddable":true,"href":"https:\/\/comifac.org\/index.php?rest_route=%2Fwp%2Fv2%2Ftags&post=8852"}],"curies":[{"name":"wp","href":"https:\/\/api.w.org\/{rel}","templated":true}]}}