{"id":8868,"date":"2022-05-05T14:21:23","date_gmt":"2022-05-05T14:21:23","guid":{"rendered":"https:\/\/comifac.org\/l-afrique-centrale-remporte-le-prix-wangari-maathai-champions-de-la-cause-des-forets-2022-au-xveme-congres-forestier-mondial\/"},"modified":"2022-05-05T14:21:23","modified_gmt":"2022-05-05T14:21:23","slug":"l-afrique-centrale-remporte-le-prix-wangari-maathai-champions-de-la-cause-des-forets-2022-au-xveme-congres-forestier-mondial","status":"publish","type":"post","link":"https:\/\/comifac.org\/?p=8868","title":{"rendered":"L&rsquo;Afrique centrale remporte le prix Wangari MAATHAI \u00abChampions de la cause des for\u00eats\u00bb 2022 au XV\u00e8me Congr\u00e8s Forestier mondial"},"content":{"rendered":"<figure id=\"attachment_8867\" aria-describedby=\"caption-attachment-8867\" style=\"width: 992px\" class=\"wp-caption alignnone\"><img fetchpriority=\"high\" decoding=\"async\" class=\" size-full wp-image-8867\" src=\"https:\/\/comifac.org\/wp-content\/uploads\/2022\/05\/cecile_Ndjebet_et_COMIFAC.jpg\" alt=\"\" class=\"caption\" title=\"Cecile Ndjebet et l&#039;u00e9quipe du SEC au XVu00e8me CFM\" width=\"992\" height=\"744\" srcset=\"https:\/\/comifac.org\/wp-content\/uploads\/2022\/05\/cecile_Ndjebet_et_COMIFAC.jpg 992w, https:\/\/comifac.org\/wp-content\/uploads\/2022\/05\/cecile_Ndjebet_et_COMIFAC-600x450.jpg 600w, https:\/\/comifac.org\/wp-content\/uploads\/2022\/05\/cecile_Ndjebet_et_COMIFAC-400x300.jpg 400w, https:\/\/comifac.org\/wp-content\/uploads\/2022\/05\/cecile_Ndjebet_et_COMIFAC-768x576.jpg 768w, https:\/\/comifac.org\/wp-content\/uploads\/2022\/05\/cecile_Ndjebet_et_COMIFAC-370x278.jpg 370w, https:\/\/comifac.org\/wp-content\/uploads\/2022\/05\/cecile_Ndjebet_et_COMIFAC-760x570.jpg 760w, https:\/\/comifac.org\/wp-content\/uploads\/2022\/05\/cecile_Ndjebet_et_COMIFAC-387x290.jpg 387w, https:\/\/comifac.org\/wp-content\/uploads\/2022\/05\/cecile_Ndjebet_et_COMIFAC-500x375.jpg 500w\" sizes=\"(max-width: 992px) 100vw, 992px\" \/><figcaption id=\"caption-attachment-8867\" class=\"wp-caption-text\">Cecile Ndjebet et l&#039;u00e9quipe du SEC au XVu00e8me CFM<\/figcaption><\/figure>\n<div class=\"news-detail__body\">\n<p><span style=\"color: #000000;\">S\u00e9oul, R\u00e9publique de Cor\u00e9e, 05 mai 2022- L&rsquo; Afrique centrale a \u00e9t\u00e9 honor\u00e9e au xv\u00e8me Congr\u00e8s Forestier Mondial. Madame&nbsp; C\u00e9cile Ndjebet, originaire du Cameroun, a remport\u00e9 aujourd\u2019hui le prix Wangari Maathai \u00abChampions de la cause des for\u00eats\u00bb 2022 pour son exceptionnelle contribution \u00e0 la conservation des for\u00eats et \u00e0 l\u2019am\u00e9lioration de la vie des populations qui en d\u00e9pendent.<\/span><\/p>\n<p>  <!--more-->  <\/p>\n<p>&nbsp;<\/p>\n<p><span style=\"color: #000000;\">Pr\u00e9sent\u00e9e par le Partenariat de collaboration sur les for\u00eats (PCF), qui est pr\u00e9sid\u00e9 par l\u2019Organisation des Nations Unies pour l\u2019alimentation et l\u2019agriculture (FAO), le prix a \u00e9t\u00e9 remis au cours d\u2019une c\u00e9r\u00e9monie de jour lors du<\/span> <a href=\"https:\/\/wfc2021korea.org\/fre\/index.html\">XVe Congr\u00e8s forestier mondial<\/a> .<\/p>\n<p style=\"text-align: justify;\"><span style=\"color: #000000;\">\u00abCe prix r\u00e9compense C\u00e9cile Ndjebet pour son \u00e9nergie et son engagement pendant trente ann\u00e9es en faveur de la promotion des droits fonciers et forestiers des femmes. En tant qu\u2019activiste, elle a montr\u00e9 que la participation des femmes \u00e0 la gouvernance et \u00e0 la conservation des for\u00eats est fondamentale pour r\u00e9aliser une gestion foresti\u00e8re durable\u00bb, a dit Maria Helena Semedo, Directrice g\u00e9n\u00e9rale adjointe de la FAO et Pr\u00e9sidente du PCF.<\/span><\/p>\n<p style=\"text-align: justify;\"><span style=\"color: #000000;\"><strong>La d\u00e9fense de l\u2019\u00e9galit\u00e9 de genre<\/strong><\/span><\/p>\n<p style=\"text-align: justify;\"><span style=\"color: #000000;\">Au Cameroun, pr\u00e8s de 70&nbsp;pour cent des femmes vivent en zone rurale et d\u00e9pendent, du moins en partie, de la r\u00e9colte de produits forestiers sauvages pour leur subsistance; toutefois, dans certaines communaut\u00e9s, on ne leur reconna\u00eet pas le droit de poss\u00e9der des terres foresti\u00e8res, d\u2019en h\u00e9riter \u00e0 la mort de leur mari ni m\u00eame de planter des arbres sur les terres d\u00e9grad\u00e9es.<\/span><\/p>\n<p style=\"text-align: justify;\"><span style=\"color: #000000;\">Ndjebet a \u0153uvr\u00e9 sans r\u00e9pit \u00e0 la promotion de l\u2019id\u00e9e selon laquelle les femmes doivent participer \u00e0 la gestion foresti\u00e8re et jouir d\u2019une \u00e9galit\u00e9 des droits \u00e0 la terre et aux ressources \u2013 quand tel est le cas, les for\u00eats sont mieux conserv\u00e9es et ce sont les communaut\u00e9s toutes enti\u00e8res qui en b\u00e9n\u00e9ficient.<\/span><\/p>\n<p style=\"text-align: justify;\"><span style=\"color: #000000;\">\u00c0 travers le <a href=\"https:\/\/refacof.net\/\" style=\"color: #000000;\">R\u00e9seau des femmes africaines pour la gestion communautaire des for\u00eats<\/a>, qu\u2019elle a co-fond\u00e9 en 2009, Ndjebet est devenue une figure de proue au Cameroun et \u00e0 l\u2019\u00e9chelle internationale pour une reconnaissance mondiale de l\u2019importance de l\u2019\u00e9galit\u00e9 de genre dans la gestion foresti\u00e8re. Actuellement, l\u2019organisation compte 20 pays membres dans toute l\u2019Afrique.<\/span><\/p>\n<p style=\"text-align: justify;\"><span style=\"color: #000000;\">\u00abEn g\u00e9n\u00e9ral, les hommes reconnaissent le r\u00f4le important des femmes dans l\u2019am\u00e9lioration de la qualit\u00e9 de vie des familles\u00bb, dit Ndjebet. \u00abMais il faut aussi qu\u2019ils acceptent que pour que les femmes puissent continuer \u00e0 jouer ce r\u00f4le, voire l\u2019am\u00e9liorer, elles doivent pouvoir disposer de droits fonciers et forestiers garantis\u00bb.<\/span><\/p>\n<p><span style=\"color: #000000;\">Ndjebet a \u00e9t\u00e9 pendant de nombreuses ann\u00e9es une force motrice pour la mise en \u0153uvre d\u2019une l\u00e9gislation et d\u2019une bonne gouvernance foresti\u00e8res au Cameroun et pour l\u2019\u00e9laboration d\u2019une nouvelle approche \u00e0 la foresterie communautaire et la restauration des terres et des for\u00eats par le biais de Cameroun \u00c9cologie (Cam-Eco), association qu\u2019elle a fond\u00e9e en 2001. Cam-Eco a \u0153uvr\u00e9 pour informer, former et aider les femmes \u00e0 comprendre des questions de durabilit\u00e9 et \u00e0 s\u2019impliquer dans la conservation et la restauration des for\u00eats.<\/span><\/p>\n<p style=\"text-align: justify;\"><span style=\"color: #000000;\"><strong>L&rsquo;inspiration de Wangari Maathai<\/strong><\/span><\/p>\n<p><span style=\"color: #000000;\">\u00c9tabli par le PCF en 2012 en m\u00e9moire de l\u2019environnementaliste k\u00e9nyane et prix Nobel de la paix, Wangari Maathai, le prix \u00abChampions de la cause des for\u00eats\u00bb reconna\u00eet les personnes qui s\u2019en sont inspir\u00e9es dans leur engagement en faveur de la conservation, restauration et gestion durable des for\u00eats.<\/span><\/p>\n<p style=\"text-align: justify;\"><span style=\"color: #000000;\">La laur\u00e9ate du prix de cette ann\u00e9e a rencontr\u00e9 Wangari Maathai en 2009 et cette derni\u00e8re a personnellement encourag\u00e9 Ndjebet \u00e0 poursuivre son action pour les droits des femmes \u00e0 planter des arbres.<\/span><\/p>\n<p style=\"text-align: justify;\"><span style=\"color: #000000;\">Les pr\u00e9c\u00e9dents gagnants du prix Wangari Maathai \u00abChampions de la cause des for\u00eats\u00bb sont: Narayan Kaji Shrestha (2012), chef du mouvement forestier communautaire au N\u00e9pal; Martha Isabel \u2018Pati\u2019 Ruiz Corzo (2014), engag\u00e9e dans la campagne environnementale au Mexique; Gertrude Kabusimbi Kenyangi (2015), activiste foresti\u00e8re en Ouganda; Maria Margarida Ribeiro da Silva (2017), activiste foresti\u00e8re au Br\u00e9sil; L\u00e9onidas Nzigiyimpa (2019), activiste forestier au Burundi.&nbsp; <\/span><\/p>\n<p><span style=\"color: #000000;\">Le Partenariat de collaboration sur les for\u00eats compte 15 organisations internationales qui travaillent ensemble pour promouvoir une gestion durable de tous les types de for\u00eats et, \u00e0 cette fin, renforcer l\u2019engagement politique \u00e0 long terme.<\/span><\/p>\n<div class=\"row\">\n<div class=\"col-lg-6\">\n<h5 class=\"sub-title small\" style=\"text-align: justify;\"><span style=\"color: #000000;\">En savoir plus sur ce th\u00e8me<\/span><\/h5>\n<p style=\"text-align: justify;\"><span style=\"color: #000000;\"><a href=\"https:\/\/www.fao.org\/collaborative-partnership-on-forests\/initiatives\/wangari-maathai-forest-champions-award\/fr\" style=\"color: #000000;\" data-sf-ec-immutable=\"\" data-sf-marked=\"\">Le prix Wangari Maathai Champions de la cause des for\u00eats<\/a><\/span><\/p>\n<p style=\"text-align: justify;\"><span style=\"color: #000000;\"><a href=\"https:\/\/wfc2021korea.org\/fre\/index.html\" style=\"color: #000000;\" data-sf-ec-immutable=\"\" data-sf-marked=\"\">Le XVe&nbsp;Congr\u00e8s forestier mondial<\/a><\/span><\/p>\n<p style=\"text-align: justify;\"><span style=\"color: #000000;\"><a href=\"https:\/\/www.fao.org\/forestry\/fr\/\" style=\"color: #000000;\" data-sf-ec-immutable=\"\">FAO For\u00eats<\/a><\/span><\/p>\n<div style=\"text-align: justify;\"><span style=\"color: #000000;\"><\/span><\/div>\n<\/p><\/div>\n<\/p><\/div>\n<\/p><\/div>\n","protected":false},"excerpt":{"rendered":"<p>S\u00e9oul, R\u00e9publique de Cor\u00e9e, 05 mai 2022- L&rsquo; Afrique centrale a \u00e9t\u00e9 honor\u00e9e au xv\u00e8me Congr\u00e8s Forestier&hellip;<\/p>\n","protected":false},"author":5,"featured_media":8867,"comment_status":"open","ping_status":"open","sticky":false,"template":"","format":"standard","meta":{"give_campaign_id":0,"rs_blank_template":"","rs_page_bg_color":"","slide_template_v7":"","_jetpack_newsletter_access":"","_jetpack_dont_email_post_to_subs":false,"_jetpack_newsletter_tier_id":0,"_jetpack_memberships_contains_paywalled_content":false,"_jetpack_feature_clip_id":0,"_jetpack_memberships_contains_paid_content":false,"footnotes":"","jetpack_post_was_ever_published":false},"categories":[117],"tags":[],"class_list":["post-8868","post","type-post","status-publish","format-standard","has-post-thumbnail","hentry","category-actualites"],"jetpack_sharing_enabled":true,"jetpack_featured_media_url":"https:\/\/comifac.org\/wp-content\/uploads\/2022\/05\/cecile_Ndjebet_et_COMIFAC.jpg","_links":{"self":[{"href":"https:\/\/comifac.org\/index.php?rest_route=\/wp\/v2\/posts\/8868","targetHints":{"allow":["GET"]}}],"collection":[{"href":"https:\/\/comifac.org\/index.php?rest_route=\/wp\/v2\/posts"}],"about":[{"href":"https:\/\/comifac.org\/index.php?rest_route=\/wp\/v2\/types\/post"}],"author":[{"embeddable":true,"href":"https:\/\/comifac.org\/index.php?rest_route=\/wp\/v2\/users\/5"}],"replies":[{"embeddable":true,"href":"https:\/\/comifac.org\/index.php?rest_route=%2Fwp%2Fv2%2Fcomments&post=8868"}],"version-history":[{"count":0,"href":"https:\/\/comifac.org\/index.php?rest_route=\/wp\/v2\/posts\/8868\/revisions"}],"wp:featuredmedia":[{"embeddable":true,"href":"https:\/\/comifac.org\/index.php?rest_route=\/wp\/v2\/media\/8867"}],"wp:attachment":[{"href":"https:\/\/comifac.org\/index.php?rest_route=%2Fwp%2Fv2%2Fmedia&parent=8868"}],"wp:term":[{"taxonomy":"category","embeddable":true,"href":"https:\/\/comifac.org\/index.php?rest_route=%2Fwp%2Fv2%2Fcategories&post=8868"},{"taxonomy":"post_tag","embeddable":true,"href":"https:\/\/comifac.org\/index.php?rest_route=%2Fwp%2Fv2%2Ftags&post=8868"}],"curies":[{"name":"wp","href":"https:\/\/api.w.org\/{rel}","templated":true}]}}