{"id":8873,"date":"2022-05-11T14:59:26","date_gmt":"2022-05-11T14:59:26","guid":{"rendered":"https:\/\/comifac.org\/forets-sur-les-forets-2022-le-ministre-camerounais-des-forets-et-de-la-faune-appelle-a-un-accroissement-du-finacement-climatique-pour-l-afrique-centrale\/"},"modified":"2022-05-11T14:59:26","modified_gmt":"2022-05-11T14:59:26","slug":"forets-sur-les-forets-2022-le-ministre-camerounais-des-forets-et-de-la-faune-appelle-a-un-accroissement-du-finacement-climatique-pour-l-afrique-centrale","status":"publish","type":"post","link":"https:\/\/comifac.org\/?p=8873","title":{"rendered":"Forum sur les for\u00eats 2022: Le Ministre Camerounais des For\u00eats et de la Faune appelle \u00e0 un accroissement du financement climatique pour l&rsquo;Afrique centrale"},"content":{"rendered":"<div class=\"td_block_wrap tdb_single_content tdi_87_ca1 td-pb-border-top td_block_template_1 td-post-content tagdiv-type\" data-td-block-uid=\"tdi_87_ca1\">\n<div class=\"tdb-block-inner td-fix-index\">\n<p style=\"text-align: justify;\"><span style=\"color: #000000;\">New-York, Etats-Unis, 09 mai 2022- Porteur de la voix du Cameroun et de la COMIFAC au sommet sur les for\u00eats \u00e0 New York, Jules Doret Ndongo a lanc\u00e9 un appel pour une reconstitution ambitieuse du Fonds vert et la r\u00e9forme sans d\u00e9lai du Fonds d\u2019Adaptation.<\/span><\/p>\n<p>  <!--more-->  <\/p>\n<p style=\"text-align: justify;\"><span style=\"color: #000000;\"><\/span><\/p>\n<p style=\"text-align: justify;\"><span style=\"color: #000000;\">Le Ministre des For\u00eats et de la Faune du Cameroun (MINFOF), Jules Doret Ndongo, \u00e0 la t\u00eate de la d\u00e9l\u00e9gation camerounaise et de celle de la Commission des For\u00eats d\u2019Afrique Centrale (COMIFAC) au 17\u00e8me Forum des Nations Unies sur les for\u00eats qui se tient \u00e0 New York aux Etats-Unis, a d\u00e9roul\u00e9 leurs actions dans le cadre de la D\u00e9cennie des Nations Unies tourn\u00e9e vers la restauration des \u00e9cosyst\u00e8mes forestiers le 9 mai dernier. Ce sommet a lieu \u00e0 quelques mois de la 27\u00e8me Convention des Parties sur le Climat (COP27) qui va se tenir en Egypte, en terre africaine. D\u00e9j\u00e0, lors de la COP26, il y a eu des promesses des pays dits pollueurs comme l\u2019indique le MINFOF : <em>\u00ab Je voudrais ici saluer l\u2019engagement et les efforts de la communaut\u00e9 internationale dans le cadre du Partenariat pour les For\u00eats du Bassin du Congo (PFBC), qui s\u2019est manifest\u00e9e par l\u2019annonce, lors de la COP26 \u00e0 Glasgow, de financement de 1,5 milliards USD en soutien aux pays du Bassin du Congo. \u00bb <\/em>Mais rien de concret n\u2019est \u00e0 signaler, alors que des efforts sont consentis par des pays dans le but de r\u00e9duire les \u00e9missions de gaz \u00e0 effet de serre. Une attente qui pourrait cr\u00e9er une crise de confiance. Et, \u00e0 en croire le Pr\u00e9sident en exercice de la COMIFAC : <em>\u00ab Ma d\u00e9l\u00e9gation est toutefois pr\u00e9occup\u00e9e des progr\u00e8s insuffisants en mati\u00e8re de finance climatique en direction des pays en d\u00e9veloppement. En effet, en l\u2019absence d\u2019une r\u00e9ponse rapide et effective de la communaut\u00e9 internationale \u00e0 ces probl\u00e9matiques, la crise de confiance pourrait paralyser durablement la n\u00e9gociation climatique. Sur la base d\u2019un engagement constructif, il est opportun que les pays d\u00e9velopp\u00e9s avancent sur le volet du financement lors de la COP27 pr\u00e9vue en novembre 2022 en \u00c9gypte. \u00bb<\/em><\/span><\/p>\n<figure class=\"wp-block-image size-full\" style=\"text-align: justify;\"><span style=\"color: #000000;\"><img fetchpriority=\"high\" decoding=\"async\" src=\"https:\/\/secureservercdn.net\/160.153.137.163\/37e.d73.myftpupload.com\/wp-content\/uploads\/2021\/12\/IMG-20211223-WA0007.jpg\" alt=\"\" width=\"1024\" height=\"576\" class=\"wp-image-1424 td-animation-stack-type0-2\" \/><\/span><\/figure>\n<p style=\"text-align: justify;\"><span style=\"color: #000000;\"><strong>La r\u00e9duction du couvert forestier<\/strong><\/span><\/p>\n<p style=\"text-align: justify;\"><span style=\"color: #000000;\">Contrairement aux apparences, le taux de r\u00e9duction du couvert forestier du Cameroun est l\u2019un des plus bas du Bassin du Congo. <em>\u00ab Avec un taux de d\u00e9forestation nette d\u2019environ 0,06% entre 2000 et 2005; et un taux de d\u00e9gradation de 0,07 % \u00bb,<\/em> renseigne le MINFOF. Liant ces r\u00e9sultats aux efforts des autorit\u00e9s du pays dont ; <em>\u00ab 17 millions d\u2019hectares de for\u00eats class\u00e9es en aires prot\u00e9g\u00e9es et en for\u00eats de production (Unit\u00e9s Foresti\u00e8res d\u2019Am\u00e9nagement, For\u00eats communales, et autres r\u00e9serves foresti\u00e8res) ont \u00e9t\u00e9 class\u00e9es dans le Domaine forestier permanent (DFP). 11 millions d\u2019hectares sont actuellement sous am\u00e9nagement \u00bb<\/em>, ajoute-t-il.<\/span><\/p>\n<p style=\"text-align: justify;\"><span style=\"color: #000000;\">Et de poursuivre : <em>\u00ab Le leadership du Cameroun est salu\u00e9 et reconnu en mati\u00e8re de gouvernance foresti\u00e8re, \u00e0 travers la mise en \u0153uvre de l\u2019Accord de Partenariat Volontaire\/FLEGT, et son engagement dans le cadre des actions sous r\u00e9gionales sous-tendues par la COMIFAC, la CEEAC, la CEMAC, en faveur de la transparence, de la l\u00e9galit\u00e9 et de la tra\u00e7abilit\u00e9 des produits forestiers propos\u00e9s sur les march\u00e9s internationaux. \u00bb <\/em>Le pays qui, gr\u00e2ce \u00e0 ses 22,5 millions d\u2019hectares, a une capacit\u00e9 de stockage de 5043 millions de tonnes de carbone soit 185 tonnes\/hectare. Comment aller plus loin sans moyens cons\u00e9quents ? Par exemple, 9 millions de dollars US, soit 5,6 dollars\/hectare, sont n\u00e9cessaires pour combler l\u2019am\u00e9nagement des for\u00eats du domaine Forestier permanent.<\/span><\/p>\n<p style=\"text-align: justify;\"><span style=\"color: #000000;\"><strong>Valorisation quantitative et qualitative des services \u00e9cosyst\u00e9miques<\/strong><\/span><\/p>\n<figure class=\"wp-block-image size-large is-resized\" style=\"text-align: justify;\"><span style=\"color: #000000;\"><img decoding=\"async\" src=\"https:\/\/secureservercdn.net\/160.153.137.163\/37e.d73.myftpupload.com\/wp-content\/uploads\/2022\/05\/IMG-20220510-WA0048-657x1024.jpg\" alt=\"\" width=\"368\" height=\"573\" class=\"wp-image-1768 td-animation-stack-type0-2\" \/><\/span><figcaption><span style=\"color: #000000;\">Le Ministre Jules Doret Ndongo \u00e0 New York<\/span><\/figcaption><\/figure>\n<p style=\"text-align: justify;\"><span style=\"color: #000000;\"><em>\u00ab Je voudrais souligner que ma d\u00e9l\u00e9gation demeure pr\u00e9occup\u00e9e que les m\u00e9canismes de financement de la biodiversit\u00e9 au moyen du Paiement pour Services Ecosyst\u00e9miques ou Environnementaux (PSE) \u00e9chappent encore aux pays de la sous-r\u00e9gion du Bassin du Congo. Le d\u00e9bat autour de la fixation du prix du Carbone en est une illustration parfaite \u00bb<\/em>, rel\u00e8ve le Pr\u00e9sident de la Commission pour les For\u00eats d\u2019Afrique Centrale. La COMIFAC qui veut, entre autres : <em>\u00ab Parvenir \u00e0 une valorisation quantitative et qualitative des services \u00e9cosyst\u00e9miques pour les int\u00e9grer dans les processus de prise de d\u00e9cision et, au-del\u00e0, assurer le financement de leur pr\u00e9servation ; D\u00e9finir, avec les Partenaires au d\u00e9veloppement, les modalit\u00e9s de la mise en \u0153uvre op\u00e9rationnelle des Paiements pour Services Ecosyst\u00e9miques sur la base de crit\u00e8res prenant en compte, l\u2019efficacit\u00e9 environnementale, l\u2019efficience \u00e9conomique et l\u2019\u00e9quit\u00e9 et passer d\u2019une logique de compensation des co\u00fbts d\u2019opportunit\u00e9, souvent caract\u00e9ris\u00e9e par un abandon de droits d\u2019usage, \u00e0 une logique d\u2019investissement servant \u00e0 financer des changements d\u2019itin\u00e9raires techniques structurels. \u00bb<\/em><\/span><\/p>\n<p style=\"text-align: justify;\"><span style=\"color: #000000;\">La mobilisation des ressources financi\u00e8res et le renforcement de la coop\u00e9ration technique et scientifique. Selon les dires de Jules Doret Ndongo :<em> \u00ab Les d\u00e9fis en termes de financement pour une meilleure connaissance de la ressource \u00e9cosyst\u00e9mique \u00e0 travers la r\u00e9alisation d\u2019inventaires forestiers nationaux n\u00e9cessitent environ 220 millions de dollars, soit 13 dollars\/hectare. \u00bb<\/em><\/span><\/p>\n<p style=\"text-align: justify;\"><span style=\"color: #000000;\">La mobilisation des ressources financi\u00e8res et le renforcement de la coop\u00e9ration technique et scientifique sont plus que jamais n\u00e9cessaires. Ce ne sont pas les suggestions qui manquent ;<em> \u00ab Ma d\u00e9l\u00e9gation plaide pour une reconstitution ambitieuse du Fonds vert pour le Climat (FVC), un nouvel objectif chiffr\u00e9 de financement de la lutte contre le changement climatique pour la p\u00e9riode post\u00e9rieure \u00e0 2025 \u00e0 partir d\u2019un montant plancher de 100 milliards de dollars, sur la base de m\u00e9canismes durables et transparents, tenant compte des besoins r\u00e9els des pays en d\u00e9veloppement. Le Cameroun lance par ailleurs un appel \u00e0 la r\u00e9forme sans d\u00e9lai du Fonds d\u2019Adaptation relatif \u00e0 l\u2019Accord de Paris, en vue du maintien de l\u2019\u00e9quilibre actuel de la composition de son Conseil d\u2019administration, et de la mise en \u0153uvre de politiques op\u00e9rationnelles favorisant une meilleure souplesse d\u2019acc\u00e8s des pays en d\u00e9veloppement au fonds \u00bb,<\/em> d\u00e9roule le MINFOF.<\/span><\/p>\n<p style=\"text-align: justify;\"><span style=\"color: #000000;\">Le Ministre est \u00e9galement revenu sur le renforcement des synergies au niveau des Institutions, le renforcement de l\u2019engagement des parties prenantes, la coop\u00e9ration, la coordination et la coh\u00e9rence aux fins de la gestion durable et la politique et les actions entreprises par le Gouvernement de m\u00eame que la COMIFAC.<\/span><\/p>\n<p><span style=\"color: #000000;\">Retrouvez l&rsquo;int\u00e9gralit\u00e9 d el&rsquo;article sur <a href=\"https:\/\/scienceswatchinfos.org\/finance-climatique-le-ministre-camerounais-des-forets-et-de-la-faune-plaide-aux-etats-unis\/\" style=\"color: #000000;\">https:\/\/scienceswatchinfos.org\/finance-climatique-le-ministre-camerounais-des-forets-et-de-la-faune-plaide-aux-etats-unis\/<\/a><\/span><\/p>\n<p>A (re)lire aussi: <a href=\"actualites\/nouvelles\/fnuf-2022-eve-bazaiba-souligne-le-role-de-poumon-du-monde-qu-assume-le-bassin-du-congo\">https:\/\/comifac.org\/actualites\/nouvelles\/fnuf-2022-eve-bazaiba-souligne-le-role-de-poumon-du-monde-qu-assume-le-bassin-du-congo<\/a><\/p>\n<\/p><\/div>\n<\/p><\/div>\n","protected":false},"excerpt":{"rendered":"<p>New-York, Etats-Unis, 09 mai 2022- Porteur de la voix du Cameroun et de la COMIFAC au sommet&hellip;<\/p>\n","protected":false},"author":5,"featured_media":8872,"comment_status":"open","ping_status":"open","sticky":false,"template":"","format":"standard","meta":{"give_campaign_id":0,"rs_blank_template":"","rs_page_bg_color":"","slide_template_v7":"","_jetpack_newsletter_access":"","_jetpack_dont_email_post_to_subs":false,"_jetpack_newsletter_tier_id":0,"_jetpack_memberships_contains_paywalled_content":false,"_jetpack_feature_clip_id":0,"_jetpack_memberships_contains_paid_content":false,"footnotes":"","jetpack_post_was_ever_published":false},"categories":[117],"tags":[],"class_list":["post-8873","post","type-post","status-publish","format-standard","has-post-thumbnail","hentry","category-actualites"],"jetpack_sharing_enabled":true,"jetpack_featured_media_url":"https:\/\/comifac.org\/wp-content\/uploads\/2022\/05\/MINFOF_1.jpg","_links":{"self":[{"href":"https:\/\/comifac.org\/index.php?rest_route=\/wp\/v2\/posts\/8873","targetHints":{"allow":["GET"]}}],"collection":[{"href":"https:\/\/comifac.org\/index.php?rest_route=\/wp\/v2\/posts"}],"about":[{"href":"https:\/\/comifac.org\/index.php?rest_route=\/wp\/v2\/types\/post"}],"author":[{"embeddable":true,"href":"https:\/\/comifac.org\/index.php?rest_route=\/wp\/v2\/users\/5"}],"replies":[{"embeddable":true,"href":"https:\/\/comifac.org\/index.php?rest_route=%2Fwp%2Fv2%2Fcomments&post=8873"}],"version-history":[{"count":0,"href":"https:\/\/comifac.org\/index.php?rest_route=\/wp\/v2\/posts\/8873\/revisions"}],"wp:featuredmedia":[{"embeddable":true,"href":"https:\/\/comifac.org\/index.php?rest_route=\/wp\/v2\/media\/8872"}],"wp:attachment":[{"href":"https:\/\/comifac.org\/index.php?rest_route=%2Fwp%2Fv2%2Fmedia&parent=8873"}],"wp:term":[{"taxonomy":"category","embeddable":true,"href":"https:\/\/comifac.org\/index.php?rest_route=%2Fwp%2Fv2%2Fcategories&post=8873"},{"taxonomy":"post_tag","embeddable":true,"href":"https:\/\/comifac.org\/index.php?rest_route=%2Fwp%2Fv2%2Ftags&post=8873"}],"curies":[{"name":"wp","href":"https:\/\/api.w.org\/{rel}","templated":true}]}}