{"id":8893,"date":"2022-05-22T20:27:40","date_gmt":"2022-05-22T20:27:40","guid":{"rendered":"https:\/\/comifac.org\/journee-internationale-de-la-biodiversite-2022-declaration-du-ministre-tchadien-de-l-environnement-de-la-peche-et-du-developpement-durable-mahamat-ahmat-lazina\/"},"modified":"2022-05-22T20:27:40","modified_gmt":"2022-05-22T20:27:40","slug":"journee-internationale-de-la-biodiversite-2022-declaration-du-ministre-tchadien-de-l-environnement-de-la-peche-et-du-developpement-durable-mahamat-ahmat-lazina","status":"publish","type":"post","link":"https:\/\/comifac.org\/?p=8893","title":{"rendered":"Journ\u00e9e internationale de la biodiversit\u00e9 2022: d\u00e9claration du ministre tchadien de l\u2019environnement, de la p\u00eache et du d\u00e9veloppement durable, Mahamat Ahmat Lazina"},"content":{"rendered":"<p><img fetchpriority=\"high\" decoding=\"async\" class=\" size-full wp-image-8892\" src=\"https:\/\/comifac.org\/wp-content\/uploads\/2022\/05\/MINISTRE_MAHAMAT_AHMMIT.jpg\" alt=\"\" width=\"720\" height=\"533\" srcset=\"https:\/\/comifac.org\/wp-content\/uploads\/2022\/05\/MINISTRE_MAHAMAT_AHMMIT.jpg 720w, https:\/\/comifac.org\/wp-content\/uploads\/2022\/05\/MINISTRE_MAHAMAT_AHMMIT-600x444.jpg 600w, https:\/\/comifac.org\/wp-content\/uploads\/2022\/05\/MINISTRE_MAHAMAT_AHMMIT-400x296.jpg 400w, https:\/\/comifac.org\/wp-content\/uploads\/2022\/05\/MINISTRE_MAHAMAT_AHMMIT-370x274.jpg 370w, https:\/\/comifac.org\/wp-content\/uploads\/2022\/05\/MINISTRE_MAHAMAT_AHMMIT-387x286.jpg 387w, https:\/\/comifac.org\/wp-content\/uploads\/2022\/05\/MINISTRE_MAHAMAT_AHMMIT-500x370.jpg 500w\" sizes=\"(max-width: 720px) 100vw, 720px\" \/><\/p>\n<div class=\"\" dir=\"auto\">\n<div id=\"jsc_c_9n\" class=\"ecm0bbzt hv4rvrfc ihqw7lf3 dati1w0a\" data-ad-comet-preview=\"message\" data-ad-preview=\"message\">\n<div class=\"j83agx80 cbu4d94t ew0dbk1b irj2b8pg\">\n<div class=\"qzhwtbm6 knvmm38d\">\n<div class=\"cxmmr5t8 oygrvhab hcukyx3x c1et5uql o9v6fnle ii04i59q\">\n<div dir=\"auto\" style=\"text-align: start;\">Chers Compatriotes,<\/div>\n<div dir=\"auto\" style=\"text-align: start;\">Mesdames et Messieurs,<\/div>\n<div dir=\"auto\" style=\"text-align: start;\">Demain, 22 mai 2022, le Tchad en tant qu\u2019Etat partie \u00e0 la Convention des Nations Unies sur la Diversit\u00e9 Biologique, s\u2019associe aux autres pays du monde pour c\u00e9l\u00e9brer la Journ\u00e9e Internationale de la Biodiversit\u00e9 sous le th\u00e8me : \u00ab Construire un avenir partag\u00e9 \u00e0 toutes les formes de vie \u00bb. <!--more--> <\/div>\n<div dir=\"auto\" style=\"text-align: start;\">L\u2019objectif recherch\u00e9 \u00e0 travers cette journ\u00e9e est d\u2019informer et de sensibiliser les parties prenantes \u00e0 la mise en \u0153uvre de la Convention au niveau national, d\u2019une part et d\u2019autre part de faire prendre conscience de la gravit\u00e9 de l\u2019\u00e9tat de l\u2019\u00e9rosion de la biodiversit\u00e9 au Tchad.<\/div>\n<div dir=\"auto\" style=\"text-align: start;\">Il s\u2019agira sp\u00e9cifiquement de pr\u00e9senter l\u2019\u00e9tat de lieu de la biodiversit\u00e9 au niveau national ; de pr\u00e9senter les bonnes pratiques des projets, programmes et incitatives au niveau national ; de pr\u00e9senter des films documentaires sur la biodiversit\u00e9 ; d\u00e9cerner un prix symbole pour une action phare en faveur de la Biodiversit\u00e9 ; d\u2019organiser des tables rondes th\u00e9matiques pouvant aboutir \u00e0 la contribution du Tchad au Cadre mondial de la biodiversit\u00e9 pour l\u2019apr\u00e8s 2020 et sa participation \u00e0 la COP 15 en Chine en ao\u00fbt 2022.<\/div>\n<div dir=\"auto\" style=\"text-align: start;\">Cette Journ\u00e9e Internationale de la Biodiversit\u00e9, offre ainsi au Gouvernement l\u2019opportunit\u00e9 pour rappeler \u00e0 toutes et \u00e0 tous, l\u2019importance de la biodiversit\u00e9 dans notre vie quotidienne. C\u2019est pourquoi, je demeure convaincu que doivent se poursuivre et se renforcer toutes les actions de pr\u00e9servation, de conservation et de s\u00e9curisation de nos ressources v\u00e9g\u00e9tales et animales en vue de la sauvegarde de notre patrimoine biotique commun.<\/div>\n<div dir=\"auto\" style=\"text-align: start;\">Tenant compte de notre contexte actuel qui est fortement impact\u00e9 par le changement climatique et la perte de la biodiversit\u00e9, je voudrais exhorter toutes les autorit\u00e9s administratives, militaires, traditionnelles et religieuses \u00e0 c\u00e9l\u00e9brer avec ferveur cette Journ\u00e9e Internationale de la Biodiversit\u00e9, sur toute l\u2019\u00e9tendue du territoire.<\/div>\n<div dir=\"auto\" style=\"text-align: start;\">Chers concitoyens, \u00e0 travers cette Journ\u00e9e, je voudrais vous exhorter \u00e0 plus de responsabilit\u00e9 individuelle et collective afin d\u2019entreprendre des actions citoyennes de sensibilisation de proximit\u00e9, pour une utilisation \u00e9cologiquement rationnelle et durable des ressources issues de la biodiversit\u00e9.<\/div>\n<div dir=\"auto\" style=\"text-align: start;\">Chers Compatriotes,<\/div>\n<div dir=\"auto\" style=\"text-align: start;\">Mesdames et Messieurs,<\/div>\n<div dir=\"auto\" style=\"text-align: start;\">Demain, 22 mai 2022, le Tchad en tant qu\u2019Etat partie \u00e0 la Convention des Nations Unies sur la Diversit\u00e9 Biologique, s\u2019associe aux autres pays du monde pour c\u00e9l\u00e9brer la Journ\u00e9e Internationale de la Biodiversit\u00e9 sous le th\u00e8me : \u00ab Construire un avenir partag\u00e9 \u00e0 toutes les formes de vie \u00bb.<\/div>\n<div dir=\"auto\" style=\"text-align: start;\">L\u2019objectif recherch\u00e9 \u00e0 travers cette journ\u00e9e est d\u2019informer et de sensibiliser les parties prenantes \u00e0 la mise en \u0153uvre de la Convention au niveau national, d\u2019une part et d\u2019autre part de faire prendre conscience de la gravit\u00e9 de l\u2019\u00e9tat de l\u2019\u00e9rosion de la biodiversit\u00e9 au Tchad.<\/div>\n<div dir=\"auto\" style=\"text-align: start;\">Il s\u2019agira sp\u00e9cifiquement de pr\u00e9senter l\u2019\u00e9tat de lieu de la biodiversit\u00e9 au niveau national ; de pr\u00e9senter les bonnes pratiques des projets, programmes et incitatives au niveau national ; de pr\u00e9senter des films documentaires sur la biodiversit\u00e9 ; d\u00e9cerner un prix symbole pour une action phare en faveur de la Biodiversit\u00e9 ; d\u2019organiser des tables rondes th\u00e9matiques pouvant aboutir \u00e0 la contribution du Tchad au Cadre mondial de la biodiversit\u00e9 pour l\u2019apr\u00e8s 2020 et sa participation \u00e0 la COP 15 en Chine en ao\u00fbt 2022.<\/div>\n<div dir=\"auto\" style=\"text-align: start;\">Cette Journ\u00e9e Internationale de la Biodiversit\u00e9, offre ainsi au Gouvernement l\u2019opportunit\u00e9 pour rappeler \u00e0 toutes et \u00e0 tous, l\u2019importance de la biodiversit\u00e9 dans notre vie quotidienne. C\u2019est pourquoi, je demeure convaincu que doivent se poursuivre et se renforcer toutes les actions de pr\u00e9servation, de conservation et de s\u00e9curisation de nos ressources v\u00e9g\u00e9tales et animales en vue de la sauvegarde de notre patrimoine biotique commun.<\/div>\n<div dir=\"auto\" style=\"text-align: start;\">Tenant compte de notre contexte actuel qui est fortement impact\u00e9 par le changement climatique et la perte de la biodiversit\u00e9, je voudrais exhorter toutes les autorit\u00e9s administratives, militaires, traditionnelles et religieuses \u00e0 c\u00e9l\u00e9brer avec ferveur cette Journ\u00e9e Internationale de la Biodiversit\u00e9, sur toute l\u2019\u00e9tendue du territoire.<\/div>\n<div dir=\"auto\" style=\"text-align: start;\">Chers concitoyens, \u00e0 travers cette Journ\u00e9e, je voudrais vous exhorter \u00e0 plus de responsabilit\u00e9 individuelle et collective afin d\u2019entreprendre des actions citoyennes de sensibilisation de proximit\u00e9, pour une utilisation \u00e9cologiquement rationnelle et durable des ressources issues de la biodiversit\u00e9.<\/div>\n<div dir=\"auto\" style=\"text-align: start;\">Cet acte citoyen constituera une contribution hautement significative dans la pr\u00e9vention des d\u00e9sastres li\u00e9s \u00e0 la perte de la biodiversit\u00e9, car l\u00e9guer aux g\u00e9n\u00e9rations futures un patrimoine naturel relativement intact pour leur survie rel\u00e8ve de notre responsabilit\u00e9 \u00e0 tous<\/div>\n<div dir=\"auto\" style=\"text-align: start;\">Chers Compatriotes,<\/div>\n<div dir=\"auto\" style=\"text-align: start;\">Mesdames et Messieurs,<\/div>\n<div dir=\"auto\" style=\"text-align: start;\">Notre pays le Tchad, faut-il le rappeler, pour s\u2019en f\u00e9liciter, renferme une biodiversit\u00e9 particuli\u00e8rement riche et importante, en termes d\u2019esp\u00e8ces animales et v\u00e9g\u00e9tales, dont le taux d&rsquo;end\u00e9misme global est consid\u00e9rable. Les statistiques actuellement disponibles font \u00e9tat d\u2019environ 4318 esp\u00e8ces de v\u00e9g\u00e9taux sup\u00e9rieurs dont 71 esp\u00e8ces end\u00e9miques. En ce qui concerne les animaux, il est d\u00e9nombr\u00e9 722 esp\u00e8ces compos\u00e9es de mammif\u00e8res, d\u2019oiseaux, de reptiles et des poissons, sans compter le groupe d\u2019insectes qui semble plus riche en diversit\u00e9 sp\u00e9cifique. A titre illustratif, le lac Tchad et ses environs abritent la grande majorit\u00e9 d\u2019esp\u00e8ces de poissons du pays et la fili\u00e8re p\u00eache fait vivre plus de 30.000.000 de personnes.<\/div>\n<div dir=\"auto\" style=\"text-align: start;\">Certaines esp\u00e8ces v\u00e9g\u00e9tales (sauvages ou domestiques) sont aussi consomm\u00e9es sous formes de l\u00e9gumes, des fruits, de tubercules, d\u2019\u00e9pices, de boissons et d\u2019autres sont utilis\u00e9es sous forme des m\u00e9dicaments et permettent \u00e0 nos populations de tirer leurs revenus. Tout ceci pour rendre compte du r\u00f4le capital que joue la biodiversit\u00e9 dans notre vie au quotidien.<\/div>\n<div dir=\"auto\" style=\"text-align: start;\">Chers compatriotes,<\/div>\n<div dir=\"auto\" style=\"text-align: start;\">Mesdames et Messieurs,<\/div>\n<div dir=\"auto\" style=\"text-align: start;\">Nonobstant l\u2019importance du r\u00f4le jou\u00e9 par la biodiversit\u00e9 dans notre existence au quotidien, il nous est donn\u00e9 de constater avec grand regret, de nos jours, que celle-ci se trouve fortement menac\u00e9e dans son existence, non seulement par les effets n\u00e9fastes des changements climatiques, mais aussi et surtout par les activit\u00e9s anthropiques n\u00e9gatives, telles que la coupe abusive et anarchique du bois vert, la perte et la d\u00e9gradation de son habitat suite \u00e0 la pollution, aux pr\u00e9l\u00e8vements incontr\u00f4l\u00e9s des ressources biologiques, \u00e0 la prolif\u00e9ration des esp\u00e8ces exotiques et au braconnage.<\/div>\n<div dir=\"auto\" style=\"text-align: start;\">Face \u00e0 cette situation dramatique, nous nous f\u00e9licitons que, sous la clairvoyante impulsion du Pr\u00e9sident du Conseil Militaire de Transition, Pr\u00e9sident de la R\u00e9publique, Chef de l\u2019Etat, Son Excellence le G\u00e9n\u00e9ral d\u2019Arm\u00e9e MAHAMAT IDRISS DEBY ITNO, le Gouvernement de Transition puisse, en parfaite ad\u00e9quation avec les engagements internationaux du Tchad en mati\u00e8re de diversit\u00e9 biologique, renforcer et poursuivre des initiatives significatives d\u00e9j\u00e0 entreprises.<\/div>\n<div dir=\"auto\" style=\"text-align: start;\">Devenue une tradition mondiale depuis 1993, la Journ\u00e9e Internationale de la biodiversit\u00e9, qui se c\u00e9l\u00e8bre chaque 22 mai, a pour objectif principal d\u2019amener les Etats \u00e0 des actions de sensibilisation du public afin de conscientiser les citoyens sur l\u2019importance de la pr\u00e9servation de la biodiversit\u00e9 et la n\u00e9cessit\u00e9 de la prot\u00e9ger \u00e0 travers une gestion rationnelle et durable, surtout dans un contexte actuel fortement marqu\u00e9 par les changements climatiques.<\/div>\n<div dir=\"auto\" style=\"text-align: start;\">Cette ann\u00e9e, cet \u00e9v\u00e9nement plan\u00e9taire est plac\u00e9<\/div>\n<\/p><\/div>\n<div class=\"cxmmr5t8 oygrvhab hcukyx3x c1et5uql o9v6fnle ii04i59q\">\n<div dir=\"auto\" style=\"text-align: start;\">A travers la pertinence et l\u2019actualit\u00e9 ce th\u00e8me, il apparait clairement que la r\u00e9ponse \u00e0 un certain nombre de d\u00e9fis du d\u00e9veloppement durable, auquel nous sommes tous confront\u00e9s, se trouve dans la gestion durable et le partage \u00e9quitable des ressources naturelles, notamment la biodiversit\u00e9 dont la nature nous a fait abondamment gr\u00e2ce. C\u2019est dire donc, que la construction d\u2019un avenir radieux pour nos populations, d\u00e9pend in\u00e9luctablement d\u2019une gestion \u00e9cologiquement durable et d\u2019un partage juste et \u00e9quitable des avantages d\u00e9coulant des ressources biologiques.<\/div>\n<div dir=\"auto\" style=\"text-align: start;\">Au titre de ces initiatives, nous pouvons citer entre autres, au niveau national :<\/div>\n<div dir=\"auto\" style=\"text-align: start;\">\uf0a7 La R\u00e9introduction des esp\u00e8ces disparues telles que les rhinoc\u00e9ros noirs au Parc National de Zakouma et les Oryx et Addax dans la R\u00e9serve de faune de Ouadi Rim\u00e9-Ouadi Hachim ;<\/div>\n<div dir=\"auto\" style=\"text-align: start;\">\uf0a7 La Cr\u00e9ation de la Reserve Naturelle et Culturelle de l\u2019Ennedi (RNCE) ;<\/div>\n<div dir=\"auto\" style=\"text-align: start;\">\uf0a7 La Cr\u00e9ation du Parc National de ZAH-SOO \u00e0 Binder L\u00e9r\u00e9 ;<\/div>\n<div dir=\"auto\" style=\"text-align: start;\">\uf0a7 La mise en \u0153uvre du Programme d\u2019Appui \u00e0 la gestion concert\u00e9e des Aires Prot\u00e9g\u00e9es et des Ecosyst\u00e8mes Fragiles (APEF) et bien d\u2019autres.<\/div>\n<div dir=\"auto\" style=\"text-align: start;\">Au niveau international, plusieurs actions importantes entreprises dans le cadre de la biodiversit\u00e9 sont \u00e9galement \u00e0 signaler. Il s\u2019agit entre autres de :<\/div>\n<div dir=\"auto\" style=\"text-align: start;\">\uf0a7 L\u2019accord tri national sur la lutte anti braconnage transfrontali\u00e8re entre le Tchad, le Cameroun et la RCA ;<\/div>\n<div dir=\"auto\" style=\"text-align: start;\">\uf0a7 L\u2019accord binational entre le Tchad et le Cameroun pour la cr\u00e9ation et la gestion d\u2019un complexe transfrontalier des aires prot\u00e9g\u00e9es Sena-Oura (Tchad) et Boubadjida (Cameroun) ;<\/div>\n<div dir=\"auto\" style=\"text-align: start;\">\uf0a7 L\u2019Inscription de la Girafe \u00e0 l&rsquo;Annexe II de la CITES \u00e0 la CoP18 en 2019 en suisse ;<\/div>\n<div dir=\"auto\" style=\"text-align: start;\">\uf0a7 La mise en \u0153uvre du Projet de d\u00e9veloppement Local et d\u2019Adaptation au changement climatique (ALBIA) dans et autour de la R\u00e9serve de Faune de Ouadi Rim\u00e9-Ouadi Hachim, financ\u00e9 par la Banque Mondiale ;<\/div>\n<div dir=\"auto\" style=\"text-align: start;\">\uf0a7 Le Projet d\u2019Appui \u00e0 la pr\u00e9servation de la Biodiversit\u00e9 de l\u2019Aouk, financ\u00e9 par l\u2019Union Europ\u00e9enne pour ne citer que ceux-l\u00e0.<\/div>\n<\/p><\/div>\n<div class=\"cxmmr5t8 oygrvhab hcukyx3x c1et5uql o9v6fnle ii04i59q\">\n<div dir=\"auto\" style=\"text-align: start;\">Chers compatriotes,<\/div>\n<div dir=\"auto\" style=\"text-align: start;\">Mesdames et Messieurs,<\/div>\n<div dir=\"auto\" style=\"text-align: start;\">En perspective et en parfaite coh\u00e9rence avec le PND 2017-2021 qui d\u00e9coule de la vision 2020-2030, le Tchad que nous voulons, les ODD et les Objectifs d\u2019Aichi pour la biodiversit\u00e9, des projets d\u2019envergure sont envisag\u00e9s, dont les plus importants sont :<\/div>\n<div dir=\"auto\" style=\"text-align: start;\">&#8211; La mise en Programme National de Restauration des Terres et de la Biodiversit\u00e9 dans les Vingt-trois Provinces du Tchad (PNR 23) ;<\/div>\n<div dir=\"auto\" style=\"text-align: start;\">&#8211; Le Projet de porter de 10% \u00e0 17% et puis \u00e0 30% du territoire national en aires prot\u00e9g\u00e9es ;<\/div>\n<div dir=\"auto\" style=\"text-align: start;\">&#8211; Le Projet de reclassement de la R\u00e9serve de Faune de Siniaka Minia en parc national ;<\/div>\n<div dir=\"auto\" style=\"text-align: start;\">&#8211; La r\u00e9vision de la Loi 14\/PR\/2008;<\/div>\n<div dir=\"auto\" style=\"text-align: start;\">&#8211; La R\u00e9vision de la Strat\u00e9gie et Plan d\u2019Action Nationale de la Biodiversit\u00e9 ;<\/div>\n<div dir=\"auto\" style=\"text-align: start;\">&#8211; Le projet d\u2019inventaire global des ressources biologiques au Tchad ;<\/div>\n<div dir=\"auto\" style=\"text-align: start;\">&#8211; L\u2019\u00e9laboration de la Strat\u00e9gie Nationale de Lutte Anti braconnage ;<\/div>\n<div dir=\"auto\" style=\"text-align: start;\">&#8211; L\u2019\u00e9laboration du Plan National des Zones Humides ;<\/div>\n<div dir=\"auto\" style=\"text-align: start;\">&#8211; La participation du Tchad \u00e0 la 15eme Conf\u00e9rence des Parties \u00e0 la Convention sur la Diversit\u00e9 Biologique.<\/div>\n<div dir=\"auto\" style=\"text-align: start;\">Chers compatriotes,<\/div>\n<div dir=\"auto\" style=\"text-align: start;\">Mesdames et Messieurs,<\/div>\n<div dir=\"auto\" style=\"text-align: start;\">Je saisis l\u2019occasion que m\u2019offre cette Journ\u00e9e Internationale de la Biodiversit\u00e9 pour exalter les excellentes relations de collaboration qui lient le Tchad aux partenaires techniques et financiers qui ne cessent d\u2019accompagner le Gouvernement dans sa politique de gestion durable de ses ressources naturelles.<\/div>\n<div dir=\"auto\" style=\"text-align: start;\">Qu&rsquo;ils trouvent ici au nom du Gouvernement de la R\u00e9publique du Tchad, l&rsquo;expression de ma profonde gratitude.<\/div>\n<div dir=\"auto\" style=\"text-align: start;\">Vive la conservation de la nature,<\/div>\n<div dir=\"auto\" style=\"text-align: start;\">Vive la coop\u00e9ration internationale,<\/div>\n<div dir=\"auto\" style=\"text-align: start;\">Je vous remercie.<\/div>\n<\/p><\/div>\n<\/p><\/div>\n<\/p><\/div>\n<\/p><\/div>\n<\/p><\/div>\n<div>&nbsp;<\/div>\n","protected":false},"excerpt":{"rendered":"<p>Chers Compatriotes, Mesdames et Messieurs, Demain, 22 mai 2022, le Tchad en tant qu\u2019Etat partie \u00e0 la&hellip;<\/p>\n","protected":false},"author":5,"featured_media":8892,"comment_status":"open","ping_status":"open","sticky":false,"template":"","format":"standard","meta":{"give_campaign_id":0,"rs_blank_template":"","rs_page_bg_color":"","slide_template_v7":"","_jetpack_newsletter_access":"","_jetpack_dont_email_post_to_subs":false,"_jetpack_newsletter_tier_id":0,"_jetpack_memberships_contains_paywalled_content":false,"_jetpack_feature_clip_id":0,"_jetpack_memberships_contains_paid_content":false,"footnotes":"","jetpack_post_was_ever_published":false},"categories":[117],"tags":[278],"class_list":["post-8893","post","type-post","status-publish","format-standard","has-post-thumbnail","hentry","category-actualites","tag-tchad"],"jetpack_sharing_enabled":true,"jetpack_featured_media_url":"https:\/\/comifac.org\/wp-content\/uploads\/2022\/05\/MINISTRE_MAHAMAT_AHMMIT.jpg","_links":{"self":[{"href":"https:\/\/comifac.org\/index.php?rest_route=\/wp\/v2\/posts\/8893","targetHints":{"allow":["GET"]}}],"collection":[{"href":"https:\/\/comifac.org\/index.php?rest_route=\/wp\/v2\/posts"}],"about":[{"href":"https:\/\/comifac.org\/index.php?rest_route=\/wp\/v2\/types\/post"}],"author":[{"embeddable":true,"href":"https:\/\/comifac.org\/index.php?rest_route=\/wp\/v2\/users\/5"}],"replies":[{"embeddable":true,"href":"https:\/\/comifac.org\/index.php?rest_route=%2Fwp%2Fv2%2Fcomments&post=8893"}],"version-history":[{"count":0,"href":"https:\/\/comifac.org\/index.php?rest_route=\/wp\/v2\/posts\/8893\/revisions"}],"wp:featuredmedia":[{"embeddable":true,"href":"https:\/\/comifac.org\/index.php?rest_route=\/wp\/v2\/media\/8892"}],"wp:attachment":[{"href":"https:\/\/comifac.org\/index.php?rest_route=%2Fwp%2Fv2%2Fmedia&parent=8893"}],"wp:term":[{"taxonomy":"category","embeddable":true,"href":"https:\/\/comifac.org\/index.php?rest_route=%2Fwp%2Fv2%2Fcategories&post=8893"},{"taxonomy":"post_tag","embeddable":true,"href":"https:\/\/comifac.org\/index.php?rest_route=%2Fwp%2Fv2%2Ftags&post=8893"}],"curies":[{"name":"wp","href":"https:\/\/api.w.org\/{rel}","templated":true}]}}