{"id":8903,"date":"2022-06-05T19:03:56","date_gmt":"2022-06-05T19:03:56","guid":{"rendered":"https:\/\/comifac.org\/journee-mondiale-de-l-environnement-2022-antonio-guterres-appelle-les-gouvernements-a-donner-la-priorite-a-l-action-climatique\/"},"modified":"2022-06-05T19:03:56","modified_gmt":"2022-06-05T19:03:56","slug":"journee-mondiale-de-l-environnement-2022-antonio-guterres-appelle-les-gouvernements-a-donner-la-priorite-a-l-action-climatique","status":"publish","type":"post","link":"https:\/\/comifac.org\/?p=8903","title":{"rendered":"Journ\u00e9e mondiale de l\u2019environnement 2022 : Ant\u00f3nio Guterres appelle les gouvernements \u00e0 \u00ab\u00a0donner la priorit\u00e9 \u00e0 l\u2019action climatique\u00a0\u00bb"},"content":{"rendered":"<p><img fetchpriority=\"high\" decoding=\"async\" class=\" size-full wp-image-8902\" src=\"https:\/\/comifac.org\/wp-content\/uploads\/2022\/06\/JME_22_image.png\" alt=\"\" width=\"526\" height=\"526\" srcset=\"https:\/\/comifac.org\/wp-content\/uploads\/2022\/06\/JME_22_image.png 526w, https:\/\/comifac.org\/wp-content\/uploads\/2022\/06\/JME_22_image-300x300.png 300w, https:\/\/comifac.org\/wp-content\/uploads\/2022\/06\/JME_22_image-150x150.png 150w, https:\/\/comifac.org\/wp-content\/uploads\/2022\/06\/JME_22_image-400x400.png 400w, https:\/\/comifac.org\/wp-content\/uploads\/2022\/06\/JME_22_image-370x370.png 370w, https:\/\/comifac.org\/wp-content\/uploads\/2022\/06\/JME_22_image-285x285.png 285w, https:\/\/comifac.org\/wp-content\/uploads\/2022\/06\/JME_22_image-90x90.png 90w, https:\/\/comifac.org\/wp-content\/uploads\/2022\/06\/JME_22_image-387x387.png 387w, https:\/\/comifac.org\/wp-content\/uploads\/2022\/06\/JME_22_image-500x500.png 500w\" sizes=\"(max-width: 526px) 100vw, 526px\" \/><\/p>\n<p style=\"text-align: justify;\"><span style=\"color: #000000;\">New-York, Etats \u2013Unis, 05 juin 2022- Conduite par le Programme des Nations Unies pour l&rsquo;environnement (PNUE) et organis\u00e9e chaque ann\u00e9e le 5 juin depuis 1973, la Journ\u00e9e mondiale de l&rsquo;environnement est la plus grande plateforme mondiale de sensibilisation du public \u00e0 l&rsquo;environnement et est c\u00e9l\u00e9br\u00e9e par des millions de personnes \u00e0 travers le monde. Cette ann\u00e9e, c&rsquo;est la Su\u00e8de qui l&rsquo;accueille.<\/span><\/p>\n<p>  <!--more-->  <\/p>\n<p style=\"text-align: justify;\">&nbsp;<\/p>\n<p style=\"text-align: justify;\"><span style=\"color: #000000;\"><em>\u00ab Une seule Terre \u00bb<\/em> est le th\u00e8me de cette ann\u00e9e. Ce slogan&nbsp; met l\u2019accent sur un mode de vie durable en harmonie avec la nature. Il souligne la n\u00e9cessit\u00e9 de vivre durablement en harmonie avec la nature en apportant des changements transformateurs, par le biais des politiques et de nos choix, vers des modes de vie plus propres et plus \u00e9cologiques. \u00ab&nbsp;Une seule Terre&nbsp;\u00bb \u00e9tait la devise de la conf\u00e9rence de Stockholm de 1972 ; 50 ans plus tard, cette devise reste d\u2019actualit\u00e9 : cette plan\u00e8te est notre seule maison, dont l\u2019humanit\u00e9 doit pr\u00e9server les ressources limit\u00e9es.<\/span><\/p>\n<p style=\"text-align: justify;\"><span style=\"color: #000000;\"><em>Retrouvez ci-dessous l\u2019int\u00e9gralit\u00e9 du message du Secr\u00e9taire g\u00e9n\u00e9ral de l\u2019ONU, Ant\u00f3nio Guterres,<\/em><\/span><\/p>\n<p style=\"text-align: justify;\"><span style=\"color: #000000;\">\u00ab Cette ann\u00e9e, le th\u00e8me de la Journ\u00e9e mondiale de l\u2019environnement, \u00ab Une seule Terre \u00bb, est un simple constat. Cette plan\u00e8te est notre unique demeure. Nous devons absolument pr\u00e9server la puret\u00e9 de son atmosph\u00e8re, la richesse et la diversit\u00e9 de la vie sur Terre, ses \u00e9cosyst\u00e8mes et ses ressources limit\u00e9es. Mais nous n\u2019y parvenons pas. Nous en demandons trop \u00e0 notre plan\u00e8te, afin de pr\u00e9server des modes de vie qui ne sont pas durables. Les \u00e9cosyst\u00e8mes de la Terre ne peuvent pas nous fournir tout ce que nous attendons actuellement d\u2019eux.<\/span><\/p>\n<p><span style=\"color: #000000;\"> La Terre n\u2019est pas la seule \u00e0 en p\u00e2tir : nous en souffrons aussi. Une plan\u00e8te en bonne sant\u00e9 est indispensable, tant pour ses habitantes et habitants que pour la r\u00e9alisation des 17 objectifs de d\u00e9veloppement durable. Elle nous fournit de la nourriture, de l\u2019eau potable et des m\u00e9dicaments, r\u00e9gule le climat et nous prot\u00e8ge des ph\u00e9nom\u00e8nes m\u00e9t\u00e9orologiques extr\u00eames. Il est essentiel de g\u00e9rer judicieusement la nature et de garantir un acc\u00e8s \u00e9quitable aux services qu\u2019elle offre, notamment pour les personnes et les communaut\u00e9s les plus vuln\u00e9rables.<\/span><\/p>\n<p><span style=\"color: #000000;\"> Plus de 3 milliards de personnes souffrent de la d\u00e9gradation des \u00e9cosyst\u00e8mes. La pollution cause pr\u00e8s de 9 millions de d\u00e9c\u00e8s pr\u00e9matur\u00e9s chaque ann\u00e9e. Plus d\u2019un million d\u2019esp\u00e8ces v\u00e9g\u00e9tales et animales risquent de dispara\u00eetre, pour beaucoup dans les d\u00e9cennies \u00e0 venir.<\/span><\/p>\n<p><span style=\"color: #000000;\"> Pr\u00e8s de la moiti\u00e9 de l\u2019humanit\u00e9 vit dans des zones o\u00f9 le climat pose un danger \u2013 ces personnes sont 15 fois plus susceptibles de mourir des effets des changements climatiques, tels que la chaleur extr\u00eame, les inondations et la s\u00e9cheresse. Il y a une chance sur deux pour qu\u2019au cours des cinq prochaines ann\u00e9es, la hausse de la temp\u00e9rature moyenne mondiale d\u00e9passe la limite de 1,5 degr\u00e9 Celsius fix\u00e9e par l\u2019Accord de Paris. D\u2019ici \u00e0 2050, le nombre de personnes d\u00e9plac\u00e9es chaque ann\u00e9e par le d\u00e9r\u00e8glement climatique pourrait d\u00e9passer 200 millions.<\/span><\/p>\n<p><span style=\"color: #000000;\"> Il y a cinquante ans, les dirigeants du monde entier se sont r\u00e9unis lors de la Conf\u00e9rence des Nations Unies sur l\u2019environnement et se sont engag\u00e9s \u00e0 prot\u00e9ger la plan\u00e8te. Mais nous sommes loin d\u2019avoir r\u00e9ussi. Nous ne pouvons plus ignorer les signaux d\u2019alarme qui sonnent chaque jour un peu plus fort.<\/span><\/p>\n<p><span style=\"color: #000000;\"> Les participants \u00e0 la r\u00e9cente r\u00e9union Stockholm+50 sur l\u2019environnement ont r\u00e9affirm\u00e9 qu\u2019il fallait une plan\u00e8te en bonne sant\u00e9 pour atteindre les 17 objectifs de d\u00e9veloppement durable. Chacun et chacune d\u2019entre nous doit prendre ses responsabilit\u00e9s afin d\u2019\u00e9viter une catastrophe due \u00e0 la triple crise qui conjugue changements climatiques, pollution et perte de biodiversit\u00e9.<\/span><\/p>\n<p><span style=\"color: #000000;\"> Les gouvernements doivent de toute urgence donner la priorit\u00e9 \u00e0 l\u2019action climatique et \u00e0 la protection de l\u2019environnement en prenant des mesures politiques qui favorisent le progr\u00e8s durable. C\u2019est pourquoi j\u2019ai formul\u00e9 cinq recommandations concr\u00e8tes visant \u00e0 acc\u00e9l\u00e9rer consid\u00e9rablement le passage aux \u00e9nergies renouvelables partout dans le monde, notamment en mettant les technologies et les mati\u00e8res premi\u00e8res requises \u00e0 la disposition de toutes et tous, en r\u00e9duisant les formalit\u00e9s administratives, en redistribuant les subventions et en triplant les investissements.<\/span><\/p>\n<p><span style=\"color: #000000;\"> Les entreprises doivent placer la durabilit\u00e9 au c\u0153ur de leurs d\u00e9cisions, pour le bien de l\u2019humanit\u00e9 comme pour celui de leur chiffre d\u2019affaires. Une plan\u00e8te saine est un pr\u00e9requis pour l\u2019immense majorit\u00e9 des industries sur Terre.<\/span><\/p>\n<p><span style=\"color: #000000;\"> En tant qu\u2019\u00e9lecteurs et consommateurs, chacun et chacune d\u2019entre nous doit faire les choix qui comptent, qu\u2019il s\u2019agisse des politiques que nous soutenons, des aliments que nous consommons, des moyens de transport que nous choisissons ou des entreprises \u00e0 qui nous donnons notre argent. Nous pouvons toutes et tous faire des choix respectueux de l\u2019environnement qui contribueront au changement dont nous avons besoin.<\/span><\/p>\n<p><span style=\"color: #000000;\"> Les femmes et les filles, en particulier, peuvent \u00eatre de puissantes agentes de changement. Il faut qu\u2019elles aient les moyens d\u2019agir qu\u2019elles participent \u00e0 la prise de d\u00e9cisions \u00e0 tous les niveaux. De m\u00eame, le savoir des populations autochtones et les connaissances traditionnelles doivent \u00eatre respect\u00e9s et mis \u00e0 profit pour prot\u00e9ger nos \u00e9cosyst\u00e8mes fragiles.<\/span><\/p>\n<p><span style=\"color: #000000;\"> L\u2019histoire montre bien ce dont nous sommes capables lorsque nous travaillons de concert et que nous donnons la priorit\u00e9 \u00e0 la plan\u00e8te. Dans les ann\u00e9es 1980, lorsque les scientifiques ont mis en garde contre un trou dans la couche d\u2019ozone qui faisait la taille d\u2019un continent et avait des effets mortels, les pays du monde entier se sont engag\u00e9s \u00e0 appliquer le Protocole de Montr\u00e9al et \u00e0 cesser progressivement d\u2019utiliser les substances chimiques qui appauvrissaient la couche d\u2019ozone.<\/span><\/p>\n<p><span style=\"color: #000000;\"> Dans les ann\u00e9es 1990, la convention de B\u00e2le a rendu ill\u00e9gal le d\u00e9versement de d\u00e9chets toxiques dans les pays en d\u00e9veloppement. Enfin, l\u2019ann\u00e9e derni\u00e8re, une initiative multilat\u00e9rale a mis fin \u00e0 la production d\u2019essence au plomb, ce qui aura des effets b\u00e9n\u00e9fiques pour notre sant\u00e9 et permettra d\u2019\u00e9viter plus de 1,2 million de d\u00e9c\u00e8s pr\u00e9matur\u00e9s chaque ann\u00e9e.<\/span><\/p>\n<p><span style=\"color: #000000;\"> Cette ann\u00e9e et l\u2019ann\u00e9e \u00e0 venir seront l\u2019occasion pour la communaut\u00e9 mondiale de d\u00e9montrer une nouvelle fois que le multilat\u00e9ralisme a le pouvoir de rem\u00e9dier aux crises environnementales imbriqu\u00e9es qui nous menacent, qu\u2019il s\u2019agisse de n\u00e9gocier la cr\u00e9ation d\u2019un nouveau cadre mondial pour la biodiversit\u00e9 visant \u00e0 arr\u00eater la perte de biodiversit\u00e9 d\u2019ici \u00e0 2030 ou de mettre en place un trait\u00e9 pour lutter contre la pollution plastique.<\/span><\/p>\n<p><span style=\"color: #000000;\"> L\u2019Organisation des Nations Unies s\u2019engage \u00e0 jouer un r\u00f4le moteur dans ces efforts de coop\u00e9ration au niveau mondial, car la seule solution viable est de vivre en accord avec la nature, et non d\u2019essayer de la faire plier. Ensemble, faisons-en sorte que notre plan\u00e8te puisse non seulement survivre, mais prosp\u00e9rer, car nous n\u2019avons qu\u2019une seule Terre. \u00bb<\/span><\/p>\n<p><span style=\"color: #000000;\"> <em>Antonio Guterres, Secr\u00e9taire g\u00e9n\u00e9ral de l\u2019Onu<\/em><\/span><\/p>\n","protected":false},"excerpt":{"rendered":"<p>New-York, Etats \u2013Unis, 05 juin 2022- Conduite par le Programme des Nations Unies pour l&rsquo;environnement (PNUE) et&hellip;<\/p>\n","protected":false},"author":5,"featured_media":8902,"comment_status":"open","ping_status":"open","sticky":false,"template":"","format":"standard","meta":{"give_campaign_id":0,"rs_blank_template":"","rs_page_bg_color":"","slide_template_v7":"","_jetpack_newsletter_access":"","_jetpack_dont_email_post_to_subs":false,"_jetpack_newsletter_tier_id":0,"_jetpack_memberships_contains_paywalled_content":false,"_jetpack_feature_clip_id":0,"_jetpack_memberships_contains_paid_content":false,"footnotes":"","jetpack_post_was_ever_published":false},"categories":[117],"tags":[],"class_list":["post-8903","post","type-post","status-publish","format-standard","has-post-thumbnail","hentry","category-actualites"],"jetpack_sharing_enabled":true,"jetpack_featured_media_url":"https:\/\/comifac.org\/wp-content\/uploads\/2022\/06\/JME_22_image.png","_links":{"self":[{"href":"https:\/\/comifac.org\/index.php?rest_route=\/wp\/v2\/posts\/8903","targetHints":{"allow":["GET"]}}],"collection":[{"href":"https:\/\/comifac.org\/index.php?rest_route=\/wp\/v2\/posts"}],"about":[{"href":"https:\/\/comifac.org\/index.php?rest_route=\/wp\/v2\/types\/post"}],"author":[{"embeddable":true,"href":"https:\/\/comifac.org\/index.php?rest_route=\/wp\/v2\/users\/5"}],"replies":[{"embeddable":true,"href":"https:\/\/comifac.org\/index.php?rest_route=%2Fwp%2Fv2%2Fcomments&post=8903"}],"version-history":[{"count":0,"href":"https:\/\/comifac.org\/index.php?rest_route=\/wp\/v2\/posts\/8903\/revisions"}],"wp:featuredmedia":[{"embeddable":true,"href":"https:\/\/comifac.org\/index.php?rest_route=\/wp\/v2\/media\/8902"}],"wp:attachment":[{"href":"https:\/\/comifac.org\/index.php?rest_route=%2Fwp%2Fv2%2Fmedia&parent=8903"}],"wp:term":[{"taxonomy":"category","embeddable":true,"href":"https:\/\/comifac.org\/index.php?rest_route=%2Fwp%2Fv2%2Fcategories&post=8903"},{"taxonomy":"post_tag","embeddable":true,"href":"https:\/\/comifac.org\/index.php?rest_route=%2Fwp%2Fv2%2Ftags&post=8903"}],"curies":[{"name":"wp","href":"https:\/\/api.w.org\/{rel}","templated":true}]}}